{"id":164422,"date":"2025-09-20T17:03:07","date_gmt":"2025-09-20T17:03:07","guid":{"rendered":"https:\/\/enolife.com.ar\/es\/?p=164422"},"modified":"2025-09-22T20:33:59","modified_gmt":"2025-09-22T20:33:59","slug":"biotecnologia-maquinaria-agricola-y-charlas-de-economistas-ejes-de-sitevinitech-del-12-al-14-5-2026","status":"publish","type":"post","link":"https:\/\/enolife.com.ar\/es\/biotecnologia-maquinaria-agricola-y-charlas-de-economistas-ejes-de-sitevinitech-del-12-al-14-5-2026\/","title":{"rendered":"Biotecnolog\u00eda, maquinaria agr\u00edcola y charlas de economistas, ejes de Sitevinitech del 12 al 14\/5\/2026"},"content":{"rendered":"\n<h4 class=\"wp-block-heading\"><em><strong>El mi\u00e9rcoles 17\/9, los organizadores de Sitevinitech Argentina anunciaron que la fecha para la edici\u00f3n 2026 ser\u00e1 del 12 al 14 de mayo, en el Complejo Las Naves del Parque Central de la Ciudad de Mendoza. La cl\u00e1sica feria de equipos e insumos para la vitivinicultura y la agricultura sumar\u00e1 en esta edici\u00f3n sectores abiertos para presentar nuevas tecnolog\u00edas del agro, como el uso de drones; espacios para la biotecnolog\u00eda; conferencias de economistas, y tal como en la edici\u00f3n 2024 (foto principal), se repite la alianza con la Universidad Nacional de Cuyo (UNCuyo) y la incubadora.<\/strong><\/em><\/h4>\n\n\n\n<div style=\"height:35px\" aria-hidden=\"true\" class=\"wp-block-spacer\"><\/div>\n\n\n<a href=\"https:\/\/www.centroenologico.com.ar\/\" aria-label=\"CERSA 1700X500 BORDO\"><img loading=\"lazy\" decoding=\"async\" src=\"https:\/\/enolife.com.ar\/es\/wp-content\/uploads\/2025\/02\/CERSA-1700X500-BORDO.gif\" alt=\"\"  width=\"1700\" height=\"500\"   \/><\/a>\n\n\n<div style=\"height:45px\" aria-hidden=\"true\" class=\"wp-block-spacer\"><\/div>\n\n\n\n<p>La feria que presenta al mundo los diferentes insumos y equipamientos para la industria vitivin\u00edcola desde la provincia de <strong>Mendoza<\/strong>, <strong>Sitevinitech<\/strong>, cont\u00f3 en su anterior edici\u00f3n, en 2024, con unos 10.000 visitantes y 150 expositores en un predio de 8.000 metros cuadrados (m2). Para 2026, a pesar del momento dif\u00edcil que est\u00e1 pasando la industria vitivin\u00edcola argentina y mundial -con ca\u00eddas en el consumo y las ventas en los mercados interno y externo-, sus organizadores aseguraron que<em> \u00abel contexto es desafiante pero la feria es un pilar para la industria vitivin\u00edcola, la innovaci\u00f3n tecnol\u00f3gica y los negocios del sector en la regi\u00f3n, representa una gran noticia y un voto de confianza para el futuro.\u00bb<\/em><\/p>\n\n\n\n<p>As\u00ed lo expres\u00f3 a <strong>Enolife <\/strong>el titular de la empresa organizadora, <strong>Arturo Yaci\u00f3fano:<\/strong> \u00ab<em>No somos ajenos a que tanto la industria nacional como la internacional est\u00e1 pasando por un momento dif\u00edcil, en especial las bodegas chicas por la ca\u00edda del consumo de vino. Pero tambi\u00e9n es cierto que en los momentos de crisis es cuando m\u00e1s hay que pensar en el futuro y en las posibles alternativas que te da la tecnolog\u00eda. En ese contexto, nosotros vemos que hay un inter\u00e9s muy grande de los proveedores por seguir mostrando su equipamiento, por participar y por seguir movi\u00e9ndose.<\/em> <em>As\u00ed que, a pesar del contexto de la industria vitivin\u00edcola, la intenci\u00f3n es seguir apostando a la tecnolog\u00eda, al equipamiento y a todo lo que ayude a eficientizar costos, procesos, etc\u00bb. <\/em><\/p>\n\n\n\n<div style=\"height:35px\" aria-hidden=\"true\" class=\"wp-block-spacer\"><\/div>\n\n\n<div class=\"wp-block-image\">\n<figure class=\"aligncenter size-full is-resized\"><a href=\"https:\/\/enolife.com.ar\/es\/wp-content\/uploads\/2025\/09\/DSF1613.jpg\" data-rel=\"penci-gallery-image-content\" ><img loading=\"lazy\" decoding=\"async\" width=\"873\" height=\"500\" src=\"https:\/\/enolife.com.ar\/es\/wp-content\/uploads\/2025\/09\/DSF1613.jpg\" alt=\"\" class=\"wp-image-164600\" style=\"width:639px;height:auto\" srcset=\"https:\/\/enolife.com.ar\/es\/wp-content\/uploads\/2025\/09\/DSF1613.jpg 873w, https:\/\/enolife.com.ar\/es\/wp-content\/uploads\/2025\/09\/DSF1613-300x172.jpg 300w, https:\/\/enolife.com.ar\/es\/wp-content\/uploads\/2025\/09\/DSF1613-768x440.jpg 768w, https:\/\/enolife.com.ar\/es\/wp-content\/uploads\/2025\/09\/DSF1613-585x335.jpg 585w\" sizes=\"auto, (max-width: 873px) 100vw, 873px\" \/><\/a><figcaption class=\"wp-element-caption\"><em><strong>Arturo Yaci\u00f3fano<\/strong><\/em><\/figcaption><\/figure><\/div>\n\n\n<div style=\"height:35px\" aria-hidden=\"true\" class=\"wp-block-spacer\"><\/div>\n\n\n\n<p>La presentaci\u00f3n en p\u00fablico reuni\u00f3 a personas del \u00e1mbito pol\u00edtico, acad\u00e9mico y empresarial, incluyendo funcionarios de la <strong>Municipalidad de Capital<\/strong> y del<strong> Gobierno de Mendoza<\/strong>, representantes de la <strong>Universidad Nacional de Cuyo (UNCuyo)<\/strong>, empresarios, clientes y referentes de la industria vitivin\u00edcola, como el en\u00f3logo <strong>Walter Bressia<\/strong>, presidente de <strong>Bodegas de Argentina (BdA).<\/strong><\/p>\n\n\n\n<div style=\"height:35px\" aria-hidden=\"true\" class=\"wp-block-spacer\"><\/div>\n\n\n<div class=\"wp-block-image\">\n<figure class=\"aligncenter size-full is-resized\"><a href=\"https:\/\/enolife.com.ar\/es\/wp-content\/uploads\/2025\/09\/DSF1658.jpg\" data-rel=\"penci-gallery-image-content\" ><img loading=\"lazy\" decoding=\"async\" width=\"830\" height=\"500\" src=\"https:\/\/enolife.com.ar\/es\/wp-content\/uploads\/2025\/09\/DSF1658.jpg\" alt=\"\" class=\"wp-image-164602\" style=\"width:594px;height:auto\" srcset=\"https:\/\/enolife.com.ar\/es\/wp-content\/uploads\/2025\/09\/DSF1658.jpg 830w, https:\/\/enolife.com.ar\/es\/wp-content\/uploads\/2025\/09\/DSF1658-300x181.jpg 300w, https:\/\/enolife.com.ar\/es\/wp-content\/uploads\/2025\/09\/DSF1658-768x463.jpg 768w, https:\/\/enolife.com.ar\/es\/wp-content\/uploads\/2025\/09\/DSF1658-585x352.jpg 585w\" sizes=\"auto, (max-width: 830px) 100vw, 830px\" \/><\/a><figcaption class=\"wp-element-caption\"><em><strong>Walter Bressia<\/strong><\/em><\/figcaption><\/figure><\/div>\n\n\n<div style=\"height:35px\" aria-hidden=\"true\" class=\"wp-block-spacer\"><\/div>\n\n\n\n<p>Importante es destacar la presencia del<strong> <\/strong>vicerrector de la<strong> <\/strong>UNCuyo,<strong> Gabriel Fidel<\/strong>, universidad a trav\u00e9s de la cual Sitevinitech continuar\u00e1 realizando actividades en conjunto con la <strong>Incubadora de Empresas<\/strong> de la univertsidad. Este espacio acad\u00e9mico se ha consolidado como un actor fundamental&nbsp;en el ecosistema de innovaci\u00f3n y emprendedor&nbsp;de Mendoza y del pa\u00eds. Desde hace dos d\u00e9cadas, acompa\u00f1a a quienes se animan a transformar ideas en proyectos de impacto, brindando formaci\u00f3n, asesoramiento y acceso a redes estrat\u00e9gicas que potencian cada iniciativa para llevarla al mercado.&nbsp;<\/p>\n\n\n\n<p>A lo largo de su trayectoria, la incubadora lanz\u00f3 19 convocatorias de ideas-proyecto, involucr\u00f3 a m\u00e1s de <strong>1.700 emprendedores<\/strong>, incub\u00f3 <strong>778 proyectos<\/strong>, impuls\u00f3 la creaci\u00f3n de <strong>159 empresas <\/strong>y desarroll\u00f3 m\u00e1s de 325 acciones de transformaci\u00f3n. \u00ab<em>Tenemos una alianza muy fuerte con la UNCuyo y la incubadora. La idea es volver a hacer actividades de este tipo\u00bb<\/em> asegura Yaci\u00f3fano.<\/p>\n\n\n\n<div style=\"height:35px\" aria-hidden=\"true\" class=\"wp-block-spacer\"><\/div>\n\n\n<div class=\"wp-block-image\">\n<figure class=\"aligncenter size-full is-resized\"><a href=\"https:\/\/enolife.com.ar\/es\/wp-content\/uploads\/2025\/09\/DSF1673.jpg\" data-rel=\"penci-gallery-image-content\" ><img loading=\"lazy\" decoding=\"async\" width=\"847\" height=\"500\" src=\"https:\/\/enolife.com.ar\/es\/wp-content\/uploads\/2025\/09\/DSF1673.jpg\" alt=\"\" class=\"wp-image-164604\" style=\"width:590px;height:auto\" srcset=\"https:\/\/enolife.com.ar\/es\/wp-content\/uploads\/2025\/09\/DSF1673.jpg 847w, https:\/\/enolife.com.ar\/es\/wp-content\/uploads\/2025\/09\/DSF1673-300x177.jpg 300w, https:\/\/enolife.com.ar\/es\/wp-content\/uploads\/2025\/09\/DSF1673-768x453.jpg 768w, https:\/\/enolife.com.ar\/es\/wp-content\/uploads\/2025\/09\/DSF1673-585x345.jpg 585w\" sizes=\"auto, (max-width: 847px) 100vw, 847px\" \/><\/a><figcaption class=\"wp-element-caption\"><em><strong>Gabriel Fidel<\/strong><\/em><\/figcaption><\/figure><\/div>\n\n\n<div style=\"height:35px\" aria-hidden=\"true\" class=\"wp-block-spacer\"><\/div>\n\n\n\n<p>Sitevinitech se ha consolidado como un espacio fundamental para el <em>networking<\/em>, la presentaci\u00f3n de innovaciones tecnol\u00f3gicas y la proyecci\u00f3n global de la vitivinicultura argentina y sudamericana. De esta manera refuerza el posicionamiento de Mendoza como capital mundial del vino y un motor esencial para el desarrollo econ\u00f3mico y social de la regi\u00f3n.<\/p>\n\n\n\n<p>La feria surgi\u00f3 de la conjunci\u00f3n de <strong>Sitevi, <\/strong>en <strong>Montpellier y Vinitech, <\/strong>en<strong> Burdeos,<\/strong> transform\u00e1ndose <strong>Sitevinitech<\/strong> en la exhibici\u00f3n referente para Am\u00e9rica Latina del mundo vitivin\u00edcola. Y cada edici\u00f3n aporta nuevas actividades y conferencistas, como se\u00f1ala Yaci\u00f3fano: \u00ab<em>En la l\u00ednea de las conferencias queremos contratar economistas y alg\u00fan otro expositor estrella sobre el cual gire las charlas.<\/em>\u00ab<\/p>\n\n\n\n<div style=\"height:35px\" aria-hidden=\"true\" class=\"wp-block-spacer\"><\/div>\n\n\n<div class=\"wp-block-image\">\n<figure class=\"aligncenter size-full is-resized\"><a href=\"https:\/\/enolife.com.ar\/es\/wp-content\/uploads\/2025\/09\/DSF1731.jpg\" data-rel=\"penci-gallery-image-content\" ><img loading=\"lazy\" decoding=\"async\" width=\"917\" height=\"500\" src=\"https:\/\/enolife.com.ar\/es\/wp-content\/uploads\/2025\/09\/DSF1731.jpg\" alt=\"\" class=\"wp-image-164606\" style=\"width:670px;height:auto\" srcset=\"https:\/\/enolife.com.ar\/es\/wp-content\/uploads\/2025\/09\/DSF1731.jpg 917w, https:\/\/enolife.com.ar\/es\/wp-content\/uploads\/2025\/09\/DSF1731-300x164.jpg 300w, https:\/\/enolife.com.ar\/es\/wp-content\/uploads\/2025\/09\/DSF1731-768x419.jpg 768w, https:\/\/enolife.com.ar\/es\/wp-content\/uploads\/2025\/09\/DSF1731-585x319.jpg 585w\" sizes=\"auto, (max-width: 917px) 100vw, 917px\" \/><\/a><figcaption class=\"wp-element-caption\"><em><strong>Equipo de trabajo de Sitevinitech 2026<\/strong><\/em><\/figcaption><\/figure><\/div>\n\n\n<div style=\"height:35px\" aria-hidden=\"true\" class=\"wp-block-spacer\"><\/div>\n\n\n\n<p>La Expo que se llevar\u00e1 a cabo los d\u00edas <strong>12, 13 y 14 de mayo de 2026<\/strong> en <strong>El Complejo Las Naves, en la Ciudad de Mendoza<\/strong>, busca potenciar, adem\u00e1s, los espacios abiertos del predio. <em>\u00abYa hab\u00edamos iniciado en 2024 con todo el sector del espacio abierto, y este a\u00f1o crecer\u00e1 incorporando todo lo que es tecnolog\u00eda de drones,  biotecnolog\u00eda y hay muchos expositores que han incorporado marcas nuevas y representaciones de todo lo que es maquinaria de campo abierto. Eso va despertar mucho inter\u00e9s.\u00bb<\/em>, cerr\u00f3 Yaci\u00f3fano en su charla con este diario.<\/p>\n\n\n\n<div style=\"height:35px\" aria-hidden=\"true\" class=\"wp-block-spacer\"><\/div>\n\n\n\n<p><\/p>\n\n\n\n<p><\/p>\n\n\n\n<p><\/p>\n\n\n\n<p><\/p>\n\n\n\n<p><\/p>\n","protected":false},"excerpt":{"rendered":"<p>El mi\u00e9rcoles 17\/9, los organizadores de Sitevinitech Argentina anunciaron que la fecha para la edici\u00f3n&hellip;<\/p>\n","protected":false},"author":2,"featured_media":164599,"comment_status":"closed","ping_status":"open","sticky":false,"template":"","format":"standard","meta":{"footnotes":""},"categories":[10],"tags":[],"class_list":["post-164422","post","type-post","status-publish","format-standard","has-post-thumbnail","hentry","category-ferias"],"_links":{"self":[{"href":"https:\/\/enolife.com.ar\/es\/wp-json\/wp\/v2\/posts\/164422","targetHints":{"allow":["GET"]}}],"collection":[{"href":"https:\/\/enolife.com.ar\/es\/wp-json\/wp\/v2\/posts"}],"about":[{"href":"https:\/\/enolife.com.ar\/es\/wp-json\/wp\/v2\/types\/post"}],"author":[{"embeddable":true,"href":"https:\/\/enolife.com.ar\/es\/wp-json\/wp\/v2\/users\/2"}],"replies":[{"embeddable":true,"href":"https:\/\/enolife.com.ar\/es\/wp-json\/wp\/v2\/comments?post=164422"}],"version-history":[{"count":0,"href":"https:\/\/enolife.com.ar\/es\/wp-json\/wp\/v2\/posts\/164422\/revisions"}],"wp:featuredmedia":[{"embeddable":true,"href":"https:\/\/enolife.com.ar\/es\/wp-json\/wp\/v2\/media\/164599"}],"wp:attachment":[{"href":"https:\/\/enolife.com.ar\/es\/wp-json\/wp\/v2\/media?parent=164422"}],"wp:term":[{"taxonomy":"category","embeddable":true,"href":"https:\/\/enolife.com.ar\/es\/wp-json\/wp\/v2\/categories?post=164422"},{"taxonomy":"post_tag","embeddable":true,"href":"https:\/\/enolife.com.ar\/es\/wp-json\/wp\/v2\/tags?post=164422"}],"curies":[{"name":"wp","href":"https:\/\/api.w.org\/{rel}","templated":true}]}}