{"id":164352,"date":"2025-09-16T17:36:19","date_gmt":"2025-09-16T17:36:19","guid":{"rendered":"https:\/\/enolife.com.ar\/es\/?p=164352"},"modified":"2025-09-18T12:55:56","modified_gmt":"2025-09-18T12:55:56","slug":"el-tango-por-los-caminos-del-vino-de-mendoza-ofrece-22-conciertos-gratuitos-del-20-al-26-9-25","status":"publish","type":"post","link":"https:\/\/enolife.com.ar\/es\/el-tango-por-los-caminos-del-vino-de-mendoza-ofrece-22-conciertos-gratuitos-del-20-al-26-9-25\/","title":{"rendered":"El Tango por los Caminos del Vino de Mendoza ofrece 22 conciertos gratuitos del 20 al 26\/9\/25"},"content":{"rendered":"\n<h4 class=\"wp-block-heading\"><em><strong>El cl\u00e1sico Festival organizado cada a\u00f1o para esta \u00e9poca por el gobierno de Mendoza incluye en 2025 recitales y conciertos en fincas, bodegas, museos y teatros de toda la provincia. En esta edici\u00f3n no. 16, todas las presentaciones ser\u00e1n de libre accceso para mendocinos y turistas. En algunos casos, en las locaciones de teatros, hay que sacar previamente la entrada por EntradaWeb. En esta nota, la grilla completa de espect\u00e1culos, artistas, lugares y horarios.<\/strong><\/em><\/h4>\n\n\n\n<div style=\"height:35px\" aria-hidden=\"true\" class=\"wp-block-spacer\"><\/div>\n\n\n<a href=\"https:\/\/jmzeballos.com\/\" aria-label=\"PUBLICIDAD ENOLIFE 2023_\u00c1NFORAS 1700 x 500\"><img loading=\"lazy\" decoding=\"async\" src=\"https:\/\/enolife.com.ar\/es\/wp-content\/uploads\/2020\/12\/PUBLICIDAD-ENOLIFE-2023_ANFORAS-1700-x-500.jpg\" alt=\"\"  srcset=\"https:\/\/enolife.com.ar\/es\/wp-content\/uploads\/2020\/12\/PUBLICIDAD-ENOLIFE-2023_ANFORAS-1700-x-500.jpg 1700w, https:\/\/enolife.com.ar\/es\/wp-content\/uploads\/2020\/12\/PUBLICIDAD-ENOLIFE-2023_ANFORAS-1700-x-500-300x88.jpg 300w, https:\/\/enolife.com.ar\/es\/wp-content\/uploads\/2020\/12\/PUBLICIDAD-ENOLIFE-2023_ANFORAS-1700-x-500-1024x301.jpg 1024w, https:\/\/enolife.com.ar\/es\/wp-content\/uploads\/2020\/12\/PUBLICIDAD-ENOLIFE-2023_ANFORAS-1700-x-500-768x226.jpg 768w, https:\/\/enolife.com.ar\/es\/wp-content\/uploads\/2020\/12\/PUBLICIDAD-ENOLIFE-2023_ANFORAS-1700-x-500-1536x452.jpg 1536w, https:\/\/enolife.com.ar\/es\/wp-content\/uploads\/2020\/12\/PUBLICIDAD-ENOLIFE-2023_ANFORAS-1700-x-500-1170x344.jpg 1170w, https:\/\/enolife.com.ar\/es\/wp-content\/uploads\/2020\/12\/PUBLICIDAD-ENOLIFE-2023_ANFORAS-1700-x-500-585x172.jpg 585w\" sizes=\"auto, (max-width: 1700px) 100vw, 1700px\" width=\"1700\" height=\"500\"   \/><\/a>\n\n\n<div style=\"height:45px\" aria-hidden=\"true\" class=\"wp-block-spacer\"><\/div>\n\n\n\n<p><strong>Tango por los Caminos del Vino<\/strong> es un encuentro con la m\u00fasica ciudadana que contribuye a la promoci\u00f3n y difusi\u00f3n de ese g\u00e9nero a partir de la riqueza particular de sus diversas expresiones musicales y considerando que el conjunto constituye un bien patrimonial intangible de la humanidad.<\/p>\n\n\n\n<div style=\"height:35px\" aria-hidden=\"true\" class=\"wp-block-spacer\"><\/div>\n\n\n\n<p class=\"has-medium-font-size\"><strong>Concierto de apertura<\/strong><\/p>\n\n\n\n<p>Este <strong>s\u00e1bado 20 de setiembre, a las 21,<\/strong> la <strong>Orquesta Filarm\u00f3nica de Mendoza <\/strong>se presentar\u00e1 en el <strong>Teatro Independencia<\/strong> con el espect\u00e1culo <strong>\u201cTango vivo: tradici\u00f3n y modernidad\u201d<\/strong>, con la direcci\u00f3n del director titular, Pablo Herrero Pondal y los solistas invitados Mar\u00eda Jos\u00e9 Mentana (voz), Ariel Pirotti (piano) y Joaqu\u00edn Ben\u00edtez (bandone\u00f3n). Adem\u00e1s estar\u00e1n los bailarines Vanina M\u00e9ndez y Cristian Castillo. Las entradas -gratuitas- se pueden conseguir en <a href=\"https:\/\/www.entradaweb.com.ar\/evento\/3140d175\/step\/1\"><strong>EntradaWeb<\/strong><\/a> y en la boleter\u00eda del teatro (Chile y Espejo, Ciudad).<\/p>\n\n\n\n<div style=\"height:45px\" aria-hidden=\"true\" class=\"wp-block-spacer\"><\/div>\n\n\n\n<p class=\"has-medium-font-size\"><strong>Grilla completa de conciertos c<\/strong><strong>on entrada gratuita<\/strong><\/p>\n\n\n\n<p class=\"has-background\" style=\"background-color:#abb7c266\"><strong>S\u00e1bado 20 de setiembre<\/strong><\/p>\n\n\n\n<ul class=\"wp-block-list\">\n<li>18.30 hs &#8211; Orquesta Municipal de Tango \u00abJos\u00e9 Di Rino\u00bb, con los bailarines Eduardo Teves y Camila Inzaurralde en la Bodega Antonietti (San Mart\u00edn).<\/li>\n\n\n\n<li>20 hs &#8211; Dos p\u00e1jaros perdidos y los bailarines Carlos Chamorro y Damaris Aveiro, en el Auditorio Municipal de Santa Rosa.<\/li>\n\n\n\n<li>20 hs &#8211; Sexteto 1800 y Papirusa Tango en el Centro Patrimonial y Art\u00edstico Cristoforo Colombo de Godoy Cruz.<\/li>\n\n\n\n<li>20 hs &#8211; 18 Cuerdas y la voz de Luis Lucero con los bailarines Paola Valdivia y Javier Jofr\u00e9. En la plaza departamental Bernardino Rivadavia (Rivadavia).<\/li>\n\n\n\n<li>21.30 hs &#8211; Alberto Ortiz y D\u00fao Vetas de Tango, en el Mercado Municipal de General Alvear.<\/li>\n<\/ul>\n\n\n\n<div style=\"height:35px\" aria-hidden=\"true\" class=\"wp-block-spacer\"><\/div>\n\n\n<div class=\"wp-block-image\">\n<figure class=\"aligncenter size-full is-resized\"><a href=\"https:\/\/enolife.com.ar\/es\/wp-content\/uploads\/2025\/09\/Tango3-1280x640-1.jpg\" data-rel=\"penci-gallery-image-content\" ><img loading=\"lazy\" decoding=\"async\" width=\"865\" height=\"500\" src=\"https:\/\/enolife.com.ar\/es\/wp-content\/uploads\/2025\/09\/Tango3-1280x640-1.jpg\" alt=\"\" class=\"wp-image-164364\" style=\"width:631px;height:auto\" srcset=\"https:\/\/enolife.com.ar\/es\/wp-content\/uploads\/2025\/09\/Tango3-1280x640-1.jpg 865w, https:\/\/enolife.com.ar\/es\/wp-content\/uploads\/2025\/09\/Tango3-1280x640-1-300x173.jpg 300w, https:\/\/enolife.com.ar\/es\/wp-content\/uploads\/2025\/09\/Tango3-1280x640-1-768x444.jpg 768w, https:\/\/enolife.com.ar\/es\/wp-content\/uploads\/2025\/09\/Tango3-1280x640-1-585x338.jpg 585w\" sizes=\"auto, (max-width: 865px) 100vw, 865px\" \/><\/a><\/figure><\/div>\n\n\n<div style=\"height:35px\" aria-hidden=\"true\" class=\"wp-block-spacer\"><\/div>\n\n\n\n<p class=\"has-background\" style=\"background-color:#abb7c266\"><strong>Martes 23 de setiembre<\/strong><\/p>\n\n\n\n<ul class=\"wp-block-list\">\n<li>21 hs &#8211; Cuarteto Entramadas y D\u00fao M\u00e9ndez con los bailarines Vanina Mendez y Ail\u00edn Rutchle, en el Museo Fader (Luj\u00e1n de Cuyo).<\/li>\n<\/ul>\n\n\n\n<div style=\"height:35px\" aria-hidden=\"true\" class=\"wp-block-spacer\"><\/div>\n\n\n\n<p class=\"has-background\" style=\"background-color:#abb7c266\"><strong>Mi\u00e9rcoles 24 de setiembre<\/strong><\/p>\n\n\n\n<ul class=\"wp-block-list\">\n<li>20 hs &#8211; Tangos y falsas Promesas y D\u00fao P\u00e9rez-Caner m\u00e1s los bailarines Carlos Chamorro y Cecilia Herrera, en Bodega Barberis (Guaymall\u00e9n).<\/li>\n\n\n\n<li>20 hs &#8211; La Gema Orquesta Estable Municipal de Las Heras con Papirusa Tango y el Ballet Estable Municipal de Las Heras, en plaza Dos de Abril (Barrio Municipal, Las Heras).<\/li>\n\n\n\n<li>20.30 hs &#8211; Runfla Tango Tr\u00edo (R\u00edos-Tobio-Val) y los bailarines \u00c1ngela Lineros y Juan Pablo Sosa, en el Centro de Convenciones Thesaurus (Malarg\u00fce).<\/li>\n\n\n\n<li>21 hs &#8211; All\u00e1 por la Catalina con los bailarines Pilar Castro y Pablo Fern\u00e1ndez, en la Enoteca (Parque C\u00edvico, Ciudad).<\/li>\n<\/ul>\n\n\n\n<div style=\"height:35px\" aria-hidden=\"true\" class=\"wp-block-spacer\"><\/div>\n\n\n\n<p class=\"has-background\" style=\"background-color:#abb7c266\"><strong>Jueves 25 de setiembre<\/strong><\/p>\n\n\n\n<ul class=\"wp-block-list\">\n<li>16 hs &#8211; Tango XXL (Clarita Arnulphi y Quique Nomberto) con los bailarines Bel\u00e9n Gim\u00e9nez y Juan Pablo Valdebenito, en&nbsp; Bodega Alfa Crux (San Carlos).<\/li>\n\n\n\n<li>17 hs &#8211; Carmes\u00ed Tango con los bailarines MDTango en Casa Gargantini (Maip\u00fa).<\/li>\n\n\n\n<li>20.30 hs &#8211; Strapatango con los bailarines Caterina Videla y Leandro Cazzanelli, en Planta Uno (Godoy Cruz).<\/li>\n<\/ul>\n\n\n\n<div style=\"height:35px\" aria-hidden=\"true\" class=\"wp-block-spacer\"><\/div>\n\n\n<div class=\"wp-block-image\">\n<figure class=\"aligncenter size-full is-resized\"><a href=\"https:\/\/enolife.com.ar\/es\/wp-content\/uploads\/2025\/09\/Tango4-1024x681-1.jpg\" data-rel=\"penci-gallery-image-content\" ><img loading=\"lazy\" decoding=\"async\" width=\"847\" height=\"500\" src=\"https:\/\/enolife.com.ar\/es\/wp-content\/uploads\/2025\/09\/Tango4-1024x681-1.jpg\" alt=\"\" class=\"wp-image-164365\" style=\"width:650px;height:auto\" srcset=\"https:\/\/enolife.com.ar\/es\/wp-content\/uploads\/2025\/09\/Tango4-1024x681-1.jpg 847w, https:\/\/enolife.com.ar\/es\/wp-content\/uploads\/2025\/09\/Tango4-1024x681-1-300x177.jpg 300w, https:\/\/enolife.com.ar\/es\/wp-content\/uploads\/2025\/09\/Tango4-1024x681-1-768x453.jpg 768w, https:\/\/enolife.com.ar\/es\/wp-content\/uploads\/2025\/09\/Tango4-1024x681-1-585x345.jpg 585w\" sizes=\"auto, (max-width: 847px) 100vw, 847px\" \/><\/a><\/figure><\/div>\n\n\n<div style=\"height:35px\" aria-hidden=\"true\" class=\"wp-block-spacer\"><\/div>\n\n\n\n<p class=\"has-background\" style=\"background-color:#abb7c266\"><strong>Viernes 26 de setiembre<\/strong><\/p>\n\n\n\n<ul class=\"wp-block-list\">\n<li>17 hs &#8211; Moltisanti \u2013 Flores con los bailarines Sol Albert y Luis Campos, en&nbsp; Casa de campo La Serenata (Lavalle).<\/li>\n\n\n\n<li>19 hs &#8211; Matute Moralez \u2013 Barrag\u00e1n- Astudillo \u2013 Vega con los bailarines Eduardo Teves y Ansuya Difonso, en Bodega Los Haroldos (San Mart\u00edn).<\/li>\n\n\n\n<li>19 hs &#8211; Ra\u00fal Gur\u00ed Vera con los bailarines Pilar Castro y Pablo Fern\u00e1ndez, en&nbsp; Huentala Wines (Tupungato).<\/li>\n\n\n\n<li>20 hs &#8211; Matute Moralez -Tango por dos con los bailarines Claudia Contreras y Fabio Mercado, en Los Yoyos Casa de Campo (Jun\u00edn)<\/li>\n\n\n\n<li>20 hs &#8211; Orquesta Municipal Ciudad de Mendoza junto al Quinteto Argentino de Tango y el Ballet Municipal Ciudad de Mendoza, Plaza Independencia,<\/li>\n\n\n\n<li>20.30 hs &#8211; Ser\u00e9 Tango con el Ballet Municipal de Guaymall\u00e9n, en el&nbsp; Auditorio municipal de Tunuy\u00e1n.<\/li>\n\n\n\n<li>20.30 hs &#8211; Daniel Lewin \u2013 Oscar Puebla Ensamble con los bailarines Olga Lara y Luis Guti\u00e9rrez, en la&nbsp; Bodega Chaglasian (San Rafael)<\/li>\n\n\n\n<li>20.30 hs &#8211; Luli a Secas (Macarena Rocha) con los bailarines Bel\u00e9n Gim\u00e9nez y Juan Pablo Valdebenito, en Sal\u00f3n de Actos Municipal (La Paz).<\/li>\n<\/ul>\n\n\n\n<div style=\"height:35px\" aria-hidden=\"true\" class=\"wp-block-spacer\"><\/div>\n\n\n\n<p class=\"has-small-font-size\"><em><strong>Fuente: Gobierno de Mendoza<\/strong><\/em><\/p>\n\n\n\n<div style=\"height:28px\" aria-hidden=\"true\" class=\"wp-block-spacer\"><\/div>\n","protected":false},"excerpt":{"rendered":"<p>El cl\u00e1sico Festival organizado cada a\u00f1o para esta \u00e9poca por el gobierno de Mendoza incluye&hellip;<\/p>\n","protected":false},"author":2,"featured_media":164363,"comment_status":"closed","ping_status":"open","sticky":false,"template":"","format":"standard","meta":{"footnotes":""},"categories":[47],"tags":[],"class_list":["post-164352","post","type-post","status-publish","format-standard","has-post-thumbnail","hentry","category-agenda"],"_links":{"self":[{"href":"https:\/\/enolife.com.ar\/es\/wp-json\/wp\/v2\/posts\/164352","targetHints":{"allow":["GET"]}}],"collection":[{"href":"https:\/\/enolife.com.ar\/es\/wp-json\/wp\/v2\/posts"}],"about":[{"href":"https:\/\/enolife.com.ar\/es\/wp-json\/wp\/v2\/types\/post"}],"author":[{"embeddable":true,"href":"https:\/\/enolife.com.ar\/es\/wp-json\/wp\/v2\/users\/2"}],"replies":[{"embeddable":true,"href":"https:\/\/enolife.com.ar\/es\/wp-json\/wp\/v2\/comments?post=164352"}],"version-history":[{"count":0,"href":"https:\/\/enolife.com.ar\/es\/wp-json\/wp\/v2\/posts\/164352\/revisions"}],"wp:featuredmedia":[{"embeddable":true,"href":"https:\/\/enolife.com.ar\/es\/wp-json\/wp\/v2\/media\/164363"}],"wp:attachment":[{"href":"https:\/\/enolife.com.ar\/es\/wp-json\/wp\/v2\/media?parent=164352"}],"wp:term":[{"taxonomy":"category","embeddable":true,"href":"https:\/\/enolife.com.ar\/es\/wp-json\/wp\/v2\/categories?post=164352"},{"taxonomy":"post_tag","embeddable":true,"href":"https:\/\/enolife.com.ar\/es\/wp-json\/wp\/v2\/tags?post=164352"}],"curies":[{"name":"wp","href":"https:\/\/api.w.org\/{rel}","templated":true}]}}