{"id":164286,"date":"2025-09-27T17:40:20","date_gmt":"2025-09-27T17:40:20","guid":{"rendered":"https:\/\/enolife.com.ar\/es\/?p=164286"},"modified":"2025-09-30T16:28:21","modified_gmt":"2025-09-30T16:28:21","slug":"un-estudio-confirma-que-un-mismo-clon-de-malbec-cambia-su-composicion-quimica-segun-el-terroir","status":"publish","type":"post","link":"https:\/\/enolife.com.ar\/es\/un-estudio-confirma-que-un-mismo-clon-de-malbec-cambia-su-composicion-quimica-segun-el-terroir\/","title":{"rendered":"Un estudio confirma que un mismo clon de malbec cambia su composici\u00f3n qu\u00edmica seg\u00fan el terroir"},"content":{"rendered":"\n<h4 class=\"wp-block-heading\"><em><strong>Con el an\u00e1lisis de los vinos elaborados en diferentes terru\u00f1os de Argentina con el mismo clon de cepa malbec (en este caso, el clasificado como n\u00famero 24), cient\u00edficos del C\u00edrculo Vero Malbec Plural y del Instituto Nacional de Tecnolog\u00eda Agropecuaria (INTA) de Luj\u00e1n, Mendoza, confirmaron en la investigaci\u00f3n correspondiente al a\u00f1o 2025 que la expresi\u00f3n fen\u00f3lica y crom\u00e1tica est\u00e1 modulada en forma decisiva por la regi\u00f3n geogr\u00e1fica.<\/strong><\/em><\/h4>\n\n\n\n<div style=\"height:39px\" aria-hidden=\"true\" class=\"wp-block-spacer\"><\/div>\n\n\n<a href=\"https:\/\/durox.com.ar\/\" aria-label=\"1700x500px\"><img loading=\"lazy\" decoding=\"async\" src=\"https:\/\/enolife.com.ar\/es\/wp-content\/uploads\/2025\/01\/1700x500px.jpg\" alt=\"\"  srcset=\"https:\/\/enolife.com.ar\/es\/wp-content\/uploads\/2025\/01\/1700x500px.jpg 1700w, https:\/\/enolife.com.ar\/es\/wp-content\/uploads\/2025\/01\/1700x500px-300x88.jpg 300w, https:\/\/enolife.com.ar\/es\/wp-content\/uploads\/2025\/01\/1700x500px-1024x301.jpg 1024w, https:\/\/enolife.com.ar\/es\/wp-content\/uploads\/2025\/01\/1700x500px-768x226.jpg 768w, https:\/\/enolife.com.ar\/es\/wp-content\/uploads\/2025\/01\/1700x500px-1536x452.jpg 1536w, https:\/\/enolife.com.ar\/es\/wp-content\/uploads\/2025\/01\/1700x500px-1170x344.jpg 1170w, https:\/\/enolife.com.ar\/es\/wp-content\/uploads\/2025\/01\/1700x500px-585x172.jpg 585w\" sizes=\"auto, (max-width: 1700px) 100vw, 1700px\" width=\"1700\" height=\"500\"   \/><\/a>\n\n\n<div style=\"height:55px\" aria-hidden=\"true\" class=\"wp-block-spacer\"><\/div>\n\n\n\n<p>Desde el a\u00f1o 2000, el ingeniero agr\u00f3nomo mendocino <strong>Aldo Biondolillo<\/strong> -propietario de la bodega <strong>Tempus Alba<\/strong>, en Maip\u00fa, Mendoza- viene trabajando ininterrumpidamente en la identificaci\u00f3n, selecci\u00f3n y multiplicaci\u00f3n in vitro de sus propios clones de malbec, aquellos que considera que tienen una calidad enol\u00f3gica superior. Con la finalidad de hacer un estudio a mayor escala, se sumaron a esa investigaci\u00f3n 25 bodegas, integr\u00e1ndose en el llamado <strong>\u00abC\u00edrculo Vero Malbec Plural\u00bb<\/strong>. Tras implantar esos clones en diferentes terru\u00f1os del pa\u00eds e intercambiar informaci\u00f3n durante los \u00faltimos 15 a\u00f1os sobre el comportamiento agron\u00f3mico y la calidad de la uva producida en cada vi\u00f1edo, los cient\u00edficos de esta agrupaci\u00f3n, en colaboraci\u00f3n con los investigadores del <strong>Instituto Nacional de Tecnolog\u00eda Agropecuaria (INTA<\/strong>), elaboraron el informe t\u00e9cnico correspondiente a 2025, cuyas conclusiones aqu\u00ed replicamos.<\/p>\n\n\n\n<p>La investigaci\u00f3n <strong>\u00abEvaluaci\u00f3n de vinos Malbec por clon y regi\u00f3n\u00bb<\/strong> de <strong>2025<\/strong> analiz\u00f3 el impacto de la interacci\u00f3n gen\u00e9tica\/terroir sobre las caracter\u00edsticas organol\u00e9pticas de un vino malbec de su selecci\u00f3n clonal procedente de <strong>9 terru\u00f1os diferentes de Argentina. <\/strong>El estudio se realiz\u00f3 en la bodega experimental del INTA por el ingeniero agr\u00f3nomo <strong>Santiago Sari<\/strong>, el doctor <strong>Mart\u00edn Fanzone<\/strong> y el doctor <strong>An\u00edbal Catania.<\/strong><\/p>\n\n\n\n<div style=\"height:29px\" aria-hidden=\"true\" class=\"wp-block-spacer\"><\/div>\n\n\n\n<p class=\"has-medium-font-size\"><strong>El alcance de la investigaci\u00f3n<\/strong><\/p>\n\n\n\n<p>El informe arroja resultados qu\u00edmicos y de color de vinos Malbec, cosecha 2025. Este a\u00f1o se recibieron muestras que se vinificaron principalmente con un un mismo<strong> clon (el 24)<\/strong> en distintas regiones; y dos muestras fueron mezclas de clones en el caso de <strong>San Rafael<\/strong> y <strong>Yacochuya.<\/strong><\/p>\n\n\n\n<div style=\"height:35px\" aria-hidden=\"true\" class=\"wp-block-spacer\"><\/div>\n\n\n\n<p class=\"has-medium-font-size\"><strong>Interpretaci\u00f3n y comentarios<\/strong><\/p>\n\n\n\n<ul class=\"wp-block-list\">\n<li>Las regiones muestran contrastes en el potencial fen\u00f3lico (LPP, SPP, TPP, taninos, fenoles y antocianos).<\/li>\n\n\n\n<li>En el mismo clon, se verifican variaciones esperables: mayor TPP y taninos se asocian a mayor saturaci\u00f3n de color (C*ab) y menor L*.<\/li>\n\n\n\n<li>Las mezclas se mantienen separadas y no forman parte de los promedios por clon.<\/li>\n<\/ul>\n\n\n\n<div style=\"height:35px\" aria-hidden=\"true\" class=\"wp-block-spacer\"><\/div>\n\n\n\n<p class=\"has-medium-font-size\"><strong>Interpretaci\u00f3n de los resultados qu\u00edmicos 2025<\/strong><\/p>\n\n\n\n<p><strong>Composici\u00f3n fen\u00f3lica y pigmentaria: Altamira<\/strong> y <strong>Vistaflores<\/strong> presentaron valores intermedios-altos de fenoles y antocianos, con buen potencial de color. Yacochuya mostr\u00f3 el mayor potencial fen\u00f3lico (TPP, fenoles, taninos, antocianos), confirmando su perfil de vinos muy concentrados. <strong>Animan\u00e1<\/strong> y <strong>Jujuy<\/strong> tambi\u00e9n exhibieron alta carga fen\u00f3lica. <strong>Luj\u00e1n de Cuyo<\/strong> mostr\u00f3 fenoles elevados pero menor antocianina, lo que puede traducirse en color menos intenso. <strong>Maip\u00fa<\/strong> y <strong>San Rafael<\/strong> fueron las zonas de menor concentraci\u00f3n fen\u00f3lica y color. <strong>Villa de Soto (C\u00f3rdoba)<\/strong> qued\u00f3 en un nivel intermedio.<\/p>\n\n\n\n<div style=\"height:35px\" aria-hidden=\"true\" class=\"wp-block-spacer\"><\/div>\n\n\n<div class=\"wp-block-image\">\n<figure class=\"aligncenter size-full\"><a href=\"https:\/\/enolife.com.ar\/es\/wp-content\/uploads\/2025\/09\/Imagen1-25.jpg\" data-rel=\"penci-gallery-image-content\" ><img loading=\"lazy\" decoding=\"async\" width=\"557\" height=\"325\" src=\"https:\/\/enolife.com.ar\/es\/wp-content\/uploads\/2025\/09\/Imagen1-25.jpg\" alt=\"\" class=\"wp-image-164293\" srcset=\"https:\/\/enolife.com.ar\/es\/wp-content\/uploads\/2025\/09\/Imagen1-25.jpg 557w, https:\/\/enolife.com.ar\/es\/wp-content\/uploads\/2025\/09\/Imagen1-25-300x175.jpg 300w\" sizes=\"auto, (max-width: 557px) 100vw, 557px\" \/><\/a><\/figure><\/div>\n\n\n<div style=\"height:35px\" aria-hidden=\"true\" class=\"wp-block-spacer\"><\/div>\n\n\n\n<p><strong>Color CIELAB<\/strong>: La claridad (L*) fue menor en Yacochuya y Animan\u00e1, indicando vinos m\u00e1s oscuros, y mayor en San Rafael y Maip\u00fa. La saturaci\u00f3n (C*ab) fue elevada en Jujuy, Vistaflores y Animan\u00e1, mientras que San Rafael y Maip\u00fa tuvieron valores m\u00e1s bajos. El matiz (hab) se mantuvo dentro de tonos rojos\/violetas, con Yacochuya m\u00e1s amarillento y Altamira\/Vistaflores m\u00e1s viol\u00e1ceos.<\/p>\n\n\n\n<div style=\"height:35px\" aria-hidden=\"true\" class=\"wp-block-spacer\"><\/div>\n\n\n<div class=\"wp-block-image\">\n<figure class=\"aligncenter size-full\"><a href=\"https:\/\/enolife.com.ar\/es\/wp-content\/uploads\/2025\/09\/Imagen12-2.jpg\" data-rel=\"penci-gallery-image-content\" ><img loading=\"lazy\" decoding=\"async\" width=\"570\" height=\"320\" src=\"https:\/\/enolife.com.ar\/es\/wp-content\/uploads\/2025\/09\/Imagen12-2.jpg\" alt=\"\" class=\"wp-image-164294\" srcset=\"https:\/\/enolife.com.ar\/es\/wp-content\/uploads\/2025\/09\/Imagen12-2.jpg 570w, https:\/\/enolife.com.ar\/es\/wp-content\/uploads\/2025\/09\/Imagen12-2-300x168.jpg 300w\" sizes=\"auto, (max-width: 570px) 100vw, 570px\" \/><\/a><\/figure><\/div>\n\n\n<div style=\"height:35px\" aria-hidden=\"true\" class=\"wp-block-spacer\"><\/div>\n\n\n\n<p class=\"has-medium-font-size\"><strong>Conclusi\u00f3n general<\/strong><\/p>\n\n\n\n<p>El clon 24 confirma que la expresi\u00f3n fen\u00f3lica y crom\u00e1tica est\u00e1 fuertemente modulada por el origen geogr\u00e1fico. Yacochuya, Animan\u00e1 y Jujuy destacan por vinos muy concentrados y oscuros. Altamira y Vistaflores muestran equilibrio entre fenoles, acidez y color, atractivos para estilos de alta gama. Maip\u00fa y San Rafael generan vinos m\u00e1s ligeros y de menor concentraci\u00f3n. Villa de Soto se posiciona como intermedio. En comparaci\u00f3n con 2024, se reafirma que el terroir tiene un impacto decisivo sobre la composici\u00f3n qu\u00edmica aun con el mismo clon.<\/p>\n\n\n\n<div style=\"height:35px\" aria-hidden=\"true\" class=\"wp-block-spacer\"><\/div>\n\n\n<div class=\"wp-block-image\">\n<figure class=\"aligncenter size-full\"><a href=\"https:\/\/enolife.com.ar\/es\/wp-content\/uploads\/2025\/09\/Imagen21-1.jpg\" data-rel=\"penci-gallery-image-content\" ><img loading=\"lazy\" decoding=\"async\" width=\"562\" height=\"229\" src=\"https:\/\/enolife.com.ar\/es\/wp-content\/uploads\/2025\/09\/Imagen21-1.jpg\" alt=\"\" class=\"wp-image-164296\" srcset=\"https:\/\/enolife.com.ar\/es\/wp-content\/uploads\/2025\/09\/Imagen21-1.jpg 562w, https:\/\/enolife.com.ar\/es\/wp-content\/uploads\/2025\/09\/Imagen21-1-300x122.jpg 300w\" sizes=\"auto, (max-width: 562px) 100vw, 562px\" \/><\/a><\/figure><\/div>\n\n\n<div style=\"height:35px\" aria-hidden=\"true\" class=\"wp-block-spacer\"><\/div>\n\n\n\n<p class=\"has-medium-font-size\"><strong>Interpretaci\u00f3n del an\u00e1lisis sensorial (PCA 2025)<\/strong><\/p>\n\n\n\n<p><strong>Estructura del PCA<\/strong>: El PCA sensorial explic\u00f3 la totalidad de la variabilidad en las dos primeras dimensiones, resumiendo de manera adecuada las diferencias entre las muestras. La Dimensi\u00f3n 1 estuvo asociada a \u201cAcidez\u201d, \u201cAmargo\u201d y \u201cEspeciado\u201d, mientras que la Dimensi\u00f3n 2 se relacion\u00f3 con \u201cDulce\u201d, \u201cIntensidad de color\u201d y \u201cMatiz violeta\u201d.<\/p>\n\n\n\n<div style=\"height:30px\" aria-hidden=\"true\" class=\"wp-block-spacer\"><\/div>\n\n\n<div class=\"wp-block-image\">\n<figure class=\"aligncenter size-full\"><a href=\"https:\/\/enolife.com.ar\/es\/wp-content\/uploads\/2025\/09\/4.jpg\" data-rel=\"penci-gallery-image-content\" ><img loading=\"lazy\" decoding=\"async\" width=\"612\" height=\"362\" src=\"https:\/\/enolife.com.ar\/es\/wp-content\/uploads\/2025\/09\/4.jpg\" alt=\"\" class=\"wp-image-164290\" srcset=\"https:\/\/enolife.com.ar\/es\/wp-content\/uploads\/2025\/09\/4.jpg 612w, https:\/\/enolife.com.ar\/es\/wp-content\/uploads\/2025\/09\/4-300x177.jpg 300w, https:\/\/enolife.com.ar\/es\/wp-content\/uploads\/2025\/09\/4-585x346.jpg 585w\" sizes=\"auto, (max-width: 612px) 100vw, 612px\" \/><\/a><figcaption class=\"wp-element-caption\"><strong><em>Figura 1. PCA sensorial 2025 (muestras y variables).<\/em><\/strong><\/figcaption><\/figure><\/div>\n\n\n<div style=\"height:35px\" aria-hidden=\"true\" class=\"wp-block-spacer\"><\/div>\n\n\n\n<p><strong>Distribuci\u00f3n de las regiones<\/strong>:<\/p>\n\n\n\n<ul class=\"wp-block-list\">\n<li><strong>Vistaflores<\/strong>: vinos con alta acidez, astringencia y concentraci\u00f3n, con notas frutales, florales y especiadas.<\/li>\n\n\n\n<li><strong>Yacochuya<\/strong>: cercano a Vistaflores, destac\u00f3 por su car\u00e1cter especiado, bals\u00e1mico, dulce y de gran intensidad de color.<\/li>\n\n\n\n<li><strong>Altamira<\/strong>: mostr\u00f3 mayor variabilidad, asociado a notas dulces y menor intensidad de color.<\/li>\n\n\n\n<li><strong>Luj\u00e1n de Cuyo:<\/strong> perfil intermedio, equilibrado pero menos intenso.<\/li>\n\n\n\n<li><strong>Villa de Soto y Animan\u00e1:<\/strong> relacionados con atributos bals\u00e1micos y dulces, de menor concentraci\u00f3n que las zonas de altura.<\/li>\n\n\n\n<li><strong>San Rafael y Maip\u00fa: <\/strong>vinos m\u00e1s suaves, con menor intensidad de color y predominio de notas dulces y herb\u00e1ceas.<\/li>\n<\/ul>\n\n\n\n<p><strong>Conclusi\u00f3n sensorial<\/strong>: El PCA sensorial refuerza las diferencias observadas en la composici\u00f3n qu\u00edmica. Las zonas de altura (Yacochuya, Vistaflores, Animan\u00e1, Jujuy) expresaron vinos m\u00e1s concentrados, oscuros y complejos. Las zonas tradicionales de Mendoza (Luj\u00e1n de Cuyo, Maip\u00fa, San Rafael) mostraron vinos de menor intensidad, con notas dulces y herb\u00e1ceas. Regiones emergentes como C\u00f3rdoba exhibieron perfiles intermedios. En conjunto, el clon 24 confirma perfiles sensoriales diferenciados seg\u00fan terroir, reflejando la interacci\u00f3n entre gen\u00e9tica y ambiente.<\/p>\n\n\n\n<div style=\"height:35px\" aria-hidden=\"true\" class=\"wp-block-spacer\"><\/div>\n\n\n\n<p class=\"has-medium-font-size\"><strong>Conclusi\u00f3n general (qu\u00edmica y sensorial)<\/strong><\/p>\n\n\n\n<p>La evaluaci\u00f3n 2025 evidencia la fuerte influencia del terroir sobre la expresi\u00f3n del clon 24 de Malbec. Desde el punto de vista qu\u00edmico, Yacochuya, Animan\u00e1 y Jujuy destacaron por su gran potencial fen\u00f3lico, taninos y antocianos, generando vinos de alta concentraci\u00f3n y color. Altamira y Vistaflores se posicionaron como zonas equilibradas, con buena carga fen\u00f3lica y acidez adecuada, atractivas para vinos de alta gama. En contraste, Maip\u00fa y San Rafael mostraron vinos de menor concentraci\u00f3n, mientras que Villa de Soto (C\u00f3rdoba) present\u00f3 un perfil intermedio.<br><br>Desde la perspectiva sensorial, el PCA diferenci\u00f3 claramente los perfiles regionales. Las zonas de altura reforzaron atributos de intensidad (color, astringencia, acidez, notas frutales y especiadas), mientras que las zonas tradicionales de Mendoza expresaron vinos m\u00e1s suaves y dulces. C\u00f3rdoba aport\u00f3 un estilo intermedio con caracter\u00edsticas distintivas.<br><br>En conjunto, el an\u00e1lisis qu\u00edmico y sensorial confirma que el clon 24 es altamente expresivo del entorno en que se cultiva, lo que resalta la importancia del terroir en la identidad de los vinos Malbec argentinos.<\/p>\n\n\n\n<div style=\"height:35px\" aria-hidden=\"true\" class=\"wp-block-spacer\"><\/div>\n","protected":false},"excerpt":{"rendered":"<p>Con el an\u00e1lisis de los vinos elaborados en diferentes terru\u00f1os de Argentina con el mismo&hellip;<\/p>\n","protected":false},"author":2,"featured_media":164964,"comment_status":"closed","ping_status":"open","sticky":false,"template":"","format":"standard","meta":{"footnotes":""},"categories":[5],"tags":[],"class_list":["post-164286","post","type-post","status-publish","format-standard","has-post-thumbnail","hentry","category-fincas"],"_links":{"self":[{"href":"https:\/\/enolife.com.ar\/es\/wp-json\/wp\/v2\/posts\/164286","targetHints":{"allow":["GET"]}}],"collection":[{"href":"https:\/\/enolife.com.ar\/es\/wp-json\/wp\/v2\/posts"}],"about":[{"href":"https:\/\/enolife.com.ar\/es\/wp-json\/wp\/v2\/types\/post"}],"author":[{"embeddable":true,"href":"https:\/\/enolife.com.ar\/es\/wp-json\/wp\/v2\/users\/2"}],"replies":[{"embeddable":true,"href":"https:\/\/enolife.com.ar\/es\/wp-json\/wp\/v2\/comments?post=164286"}],"version-history":[{"count":0,"href":"https:\/\/enolife.com.ar\/es\/wp-json\/wp\/v2\/posts\/164286\/revisions"}],"wp:featuredmedia":[{"embeddable":true,"href":"https:\/\/enolife.com.ar\/es\/wp-json\/wp\/v2\/media\/164964"}],"wp:attachment":[{"href":"https:\/\/enolife.com.ar\/es\/wp-json\/wp\/v2\/media?parent=164286"}],"wp:term":[{"taxonomy":"category","embeddable":true,"href":"https:\/\/enolife.com.ar\/es\/wp-json\/wp\/v2\/categories?post=164286"},{"taxonomy":"post_tag","embeddable":true,"href":"https:\/\/enolife.com.ar\/es\/wp-json\/wp\/v2\/tags?post=164286"}],"curies":[{"name":"wp","href":"https:\/\/api.w.org\/{rel}","templated":true}]}}