{"id":164218,"date":"2025-09-15T17:51:15","date_gmt":"2025-09-15T17:51:15","guid":{"rendered":"https:\/\/enolife.com.ar\/es\/?p=164218"},"modified":"2025-09-16T17:36:10","modified_gmt":"2025-09-16T17:36:10","slug":"fabian-ruggeri-titular-de-acovi-capacitamos-jovenes-para-garantizar-la-continuidad-generacional","status":"publish","type":"post","link":"https:\/\/enolife.com.ar\/es\/fabian-ruggeri-titular-de-acovi-capacitamos-jovenes-para-garantizar-la-continuidad-generacional\/","title":{"rendered":"Fabi\u00e1n Ruggeri, titular de Acovi: \u201cCapacitamos j\u00f3venes para garantizar la continuidad generacional\u00bb"},"content":{"rendered":"\n<h4 class=\"wp-block-heading\"><em><strong>El presidente de la Asociaci\u00f3n de Cooperativas Vitivin\u00edcolas de Argentina (Acovi) explic\u00f3 los objetivos del recientemente finalizado curso de capacitaci\u00f3n \u00abCooperativismo y Econom\u00eda Social\u00bb, organizado por su entidad en conjunto con la Universidad Cat\u00f3lica Argentina (UCA) sede Mendoza. Tras cuatro meses de intensas clases, 20 j\u00f3venes obtuvieron la certificaci\u00f3n oficial de esa casa de altos estudios.<\/strong><\/em><strong><em> <\/em><\/strong><\/h4>\n\n\n\n<div style=\"height:40px\" aria-hidden=\"true\" class=\"wp-block-spacer\"><\/div>\n\n\n<a href=\"https:\/\/estanciamendoza.com.ar\/es\/\" aria-label=\"Copia de BEM &#8211; Banner adaptaciones diario digital_BEM &#8211; Banner Enolife &#8211; 1700&#215;500\"><img loading=\"lazy\" decoding=\"async\" src=\"https:\/\/enolife.com.ar\/es\/wp-content\/uploads\/2019\/07\/Copia-de-BEM-Banner-adaptaciones-diario-digital_BEM-Banner-Enolife-1700x500-1.jpg\" alt=\"\"  srcset=\"https:\/\/enolife.com.ar\/es\/wp-content\/uploads\/2019\/07\/Copia-de-BEM-Banner-adaptaciones-diario-digital_BEM-Banner-Enolife-1700x500-1.jpg 1700w, https:\/\/enolife.com.ar\/es\/wp-content\/uploads\/2019\/07\/Copia-de-BEM-Banner-adaptaciones-diario-digital_BEM-Banner-Enolife-1700x500-1-300x88.jpg 300w, https:\/\/enolife.com.ar\/es\/wp-content\/uploads\/2019\/07\/Copia-de-BEM-Banner-adaptaciones-diario-digital_BEM-Banner-Enolife-1700x500-1-1024x301.jpg 1024w, https:\/\/enolife.com.ar\/es\/wp-content\/uploads\/2019\/07\/Copia-de-BEM-Banner-adaptaciones-diario-digital_BEM-Banner-Enolife-1700x500-1-768x226.jpg 768w, https:\/\/enolife.com.ar\/es\/wp-content\/uploads\/2019\/07\/Copia-de-BEM-Banner-adaptaciones-diario-digital_BEM-Banner-Enolife-1700x500-1-1536x452.jpg 1536w, https:\/\/enolife.com.ar\/es\/wp-content\/uploads\/2019\/07\/Copia-de-BEM-Banner-adaptaciones-diario-digital_BEM-Banner-Enolife-1700x500-1-1170x344.jpg 1170w, https:\/\/enolife.com.ar\/es\/wp-content\/uploads\/2019\/07\/Copia-de-BEM-Banner-adaptaciones-diario-digital_BEM-Banner-Enolife-1700x500-1-585x172.jpg 585w\" sizes=\"auto, (max-width: 1700px) 100vw, 1700px\" width=\"1700\" height=\"500\"   \/><\/a>\n\n\n<div style=\"height:56px\" aria-hidden=\"true\" class=\"wp-block-spacer\"><\/div>\n\n\n\n<p>Tras m\u00e1s de cuatro meses de cursado -en modalidad sincr\u00f3nica y asincr\u00f3nica- y con 20 j\u00f3venes egresados, culmin\u00f3 la&nbsp;<strong>formaci\u00f3n en Cooperativismo y Econom\u00eda Social<\/strong>, organizada por la <strong>Asociaci\u00f3n de Cooperativas Vitivin\u00edcolas Argentinas (Acovi)<\/strong> en conjunto con la<strong> Universidad Cat\u00f3lica Argentina (UCA).<\/strong> El&nbsp;objetivo<strong>&nbsp;<\/strong>desarrollado fue brindar herramientas te\u00f3ricas y pr\u00e1cticas a aquellos j\u00f3venes con aspiraciones dirigenciales desde una mirada cooperativa.<\/p>\n\n\n\n<p>En el encuentro de entrega de diplomas, realizado en la sede de Acovi, el&nbsp;gerente<strong> Nicol\u00e1s Vicchi<\/strong>&nbsp;remarc\u00f3 ante los presentes que el compromiso es clave para dar continuidad a estas iniciativas: <em>\u201cEstamos seguros de que siempre podemos mejorar como personas y dirigentes en el marco de estos proyectos de capacitaci\u00f3n y por eso hoy avanzamos mostrando nuevas ideas de estudio y formaci\u00f3n. El arraigo y la familia son ejes centrales de la gesti\u00f3n cooperativa: ponemos en valor a la persona y a su entorno familiar\u201d.<\/em><\/p>\n\n\n\n<p>Y agreg\u00f3: <em>\u201cHacer un balance en este momento implica una escucha activa para poder seguir en este camino de profesionalizaci\u00f3n en los temas que la sociedad y los j\u00f3venes necesitan\u201d.<\/em><\/p>\n\n\n\n<div style=\"height:32px\" aria-hidden=\"true\" class=\"wp-block-spacer\"><\/div>\n\n\n<div class=\"wp-block-image\">\n<figure class=\"aligncenter is-resized\"><img decoding=\"async\" src=\"https:\/\/acovi.com.ar\/wp-content\/uploads\/2025\/09\/IMG-20250905-WA0082-1024x768.jpg\" alt=\"\" class=\"wp-image-5378\" style=\"width:700px;height:auto\"\/><figcaption class=\"wp-element-caption\"><em><strong>En la sede de Acovi, el gerente Nicol\u00e1s Vicchi y el presidente Fabi\u00e1n Ruggeri entregaron los diplomas a los estudiantes y compartieron un almuerzo de graduaci\u00f3n.<\/strong><\/em><\/figcaption><\/figure><\/div>\n\n\n<div style=\"height:42px\" aria-hidden=\"true\" class=\"wp-block-spacer\"><\/div>\n\n\n\n<p>Por su parte, el presidente de Acovi, <strong>Fabi\u00e1n Ruggeri<\/strong>, expres\u00f3: <em>\u201cDesde todo el sistema estamos sumamente comprometidos con la continuidad generacional, capacitando a nuestros j\u00f3venes, acompa\u00f1\u00e1ndolos, ense\u00f1\u00e1ndoles y acerc\u00e1ndolos al cooperativismo, y en particular a nuestro modelo vitivin\u00edcola\u201d.<\/em><\/p>\n\n\n\n<p>Las voces de los estudiantes tambi\u00e9n reflejaron el valor de la experiencia. <em>\u201cEs mi primera capacitaci\u00f3n, me gust\u00f3 mucho. Son temas nuevos y muy \u00fatiles. Hay m\u00e1s instancias de formaci\u00f3n que ayudan a entender qu\u00e9 es el cooperativismo y c\u00f3mo funciona el sistema. Me parece muy importante capacitarse y, mientras m\u00e1s joven, mejor<\/em>\u201d, coment\u00f3 <strong>Mar\u00eda Sol Ruggeri<\/strong>, una de las egresadas.<\/p>\n\n\n\n<div style=\"height:29px\" aria-hidden=\"true\" class=\"wp-block-spacer\"><\/div>\n\n\n<div class=\"wp-block-image\">\n<figure class=\"aligncenter is-resized\"><img decoding=\"async\" src=\"https:\/\/acovi.com.ar\/wp-content\/uploads\/2025\/09\/IMG-20250905-WA0079-1024x768.jpg\" alt=\"\" class=\"wp-image-5381\" style=\"width:708px;height:auto\"\/><\/figure><\/div>\n\n\n<div style=\"height:28px\" aria-hidden=\"true\" class=\"wp-block-spacer\"><\/div>\n\n\n\n<p>Por su parte, el egresado <strong>Marcelo N\u00fa\u00f1ez<\/strong> resalt\u00f3: <em>\u201cEsta capacitaci\u00f3n me parece fundamental, porque brinda una base s\u00f3lida a quienes no est\u00e1n tan involucrados en el sistema cooperativo. Te da herramientas para comprender c\u00f3mo funciona y tambi\u00e9n para involucrarte m\u00e1s. La formaci\u00f3n es la base de todo\u201d.<\/em><\/p>\n\n\n\n<p>En tanto, <strong>Sebasti\u00e1n Egea <\/strong>manifest\u00f3: <em>\u201cSuper\u00f3 mis expectativas, porque no s\u00f3lo me introdujo en el mundo cooperativo desde lo te\u00f3rico y t\u00e9cnico, sino que adem\u00e1s nos dieron muchos aspectos pr\u00e1cticos que resultan muy \u00fatiles\u201d.<\/em><\/p>\n\n\n\n<p>Cabe recordar que esta modalidad de estudio busca que las nuevas generaciones se preparen para convertirse en dirigentes de empresas cooperativas de peque\u00f1a, mediana y gran envergadura, especialmente en el rubro vitivin\u00edcola. Se trata de un modelo empresarial exitoso que permite la integraci\u00f3n y el crecimiento a gran escala.<\/p>\n\n\n\n<div style=\"height:43px\" aria-hidden=\"true\" class=\"wp-block-spacer\"><\/div>\n","protected":false},"excerpt":{"rendered":"<p>El presidente de la Asociaci\u00f3n de Cooperativas Vitivin\u00edcolas de Argentina (Acovi) explic\u00f3 los objetivos del&hellip;<\/p>\n","protected":false},"author":2,"featured_media":164271,"comment_status":"closed","ping_status":"open","sticky":false,"template":"","format":"standard","meta":{"footnotes":""},"categories":[4],"tags":[],"class_list":["post-164218","post","type-post","status-publish","format-standard","has-post-thumbnail","hentry","category-protagonistas"],"_links":{"self":[{"href":"https:\/\/enolife.com.ar\/es\/wp-json\/wp\/v2\/posts\/164218","targetHints":{"allow":["GET"]}}],"collection":[{"href":"https:\/\/enolife.com.ar\/es\/wp-json\/wp\/v2\/posts"}],"about":[{"href":"https:\/\/enolife.com.ar\/es\/wp-json\/wp\/v2\/types\/post"}],"author":[{"embeddable":true,"href":"https:\/\/enolife.com.ar\/es\/wp-json\/wp\/v2\/users\/2"}],"replies":[{"embeddable":true,"href":"https:\/\/enolife.com.ar\/es\/wp-json\/wp\/v2\/comments?post=164218"}],"version-history":[{"count":0,"href":"https:\/\/enolife.com.ar\/es\/wp-json\/wp\/v2\/posts\/164218\/revisions"}],"wp:featuredmedia":[{"embeddable":true,"href":"https:\/\/enolife.com.ar\/es\/wp-json\/wp\/v2\/media\/164271"}],"wp:attachment":[{"href":"https:\/\/enolife.com.ar\/es\/wp-json\/wp\/v2\/media?parent=164218"}],"wp:term":[{"taxonomy":"category","embeddable":true,"href":"https:\/\/enolife.com.ar\/es\/wp-json\/wp\/v2\/categories?post=164218"},{"taxonomy":"post_tag","embeddable":true,"href":"https:\/\/enolife.com.ar\/es\/wp-json\/wp\/v2\/tags?post=164218"}],"curies":[{"name":"wp","href":"https:\/\/api.w.org\/{rel}","templated":true}]}}