{"id":164085,"date":"2025-09-13T23:23:57","date_gmt":"2025-09-13T23:23:57","guid":{"rendered":"https:\/\/enolife.com.ar\/es\/?p=164085"},"modified":"2025-09-15T17:50:52","modified_gmt":"2025-09-15T17:50:52","slug":"seminario-intensivo-de-innovacion-en-manejo-hidrico-del-30-9-al-2-10-en-mendoza-y-san-juan","status":"publish","type":"post","link":"https:\/\/enolife.com.ar\/es\/seminario-intensivo-de-innovacion-en-manejo-hidrico-del-30-9-al-2-10-en-mendoza-y-san-juan\/","title":{"rendered":"Seminario intensivo de innovaci\u00f3n en manejo h\u00eddrico, del 30\/9 al 2\/10 en Mendoza y San Juan"},"content":{"rendered":"\n<h4 class=\"wp-block-heading\"><em><strong>Del 30 de setiembre al 2 de octubre se llevar\u00e1 a cabo en distintas sedes y locaciones de las vecinas provincias argentinas de Mendoza y San Juan el seminario taller \u00abInnovaci\u00f3n en manejo H\u00eddrico para la Agricultura\u00bb. Ser\u00e1n tres intensas jornadas para que productores y t\u00e9cnicos de la regi\u00f3n cuyana puedan acceder a conocimientos de vanguardia, se conecten con colegas y fortalezcan sus pr\u00e1cticas escuchando a referentes nacionales e internacionales. Los cupos son limitados, con previa inscripci\u00f3n y participaci\u00f3n gratuita<\/strong><\/em><\/h4>\n\n\n\n<div style=\"height:35px\" aria-hidden=\"true\" class=\"wp-block-spacer\"><\/div>\n\n\n<a href=\"https:\/\/www.irrigacion.gov.ar\/web\/\" aria-label=\"irrigaci\u00f3n-1700X500\"><img loading=\"lazy\" decoding=\"async\" src=\"https:\/\/enolife.com.ar\/es\/wp-content\/uploads\/2021\/02\/irrigacion-1700X500.gif\" alt=\"\"  width=\"1700\" height=\"500\"   \/><\/a>\n\n\n<div style=\"height:45px\" aria-hidden=\"true\" class=\"wp-block-spacer\"><\/div>\n\n\n<div class=\"wp-block-image\">\n<figure class=\"alignleft size-full\"><a href=\"https:\/\/enolife.com.ar\/es\/wp-content\/uploads\/2025\/09\/Imagen1-21.jpg\" data-rel=\"penci-gallery-image-content\" ><img loading=\"lazy\" decoding=\"async\" width=\"400\" height=\"400\" src=\"https:\/\/enolife.com.ar\/es\/wp-content\/uploads\/2025\/09\/Imagen1-21.jpg\" alt=\"\" class=\"wp-image-164093\" srcset=\"https:\/\/enolife.com.ar\/es\/wp-content\/uploads\/2025\/09\/Imagen1-21.jpg 400w, https:\/\/enolife.com.ar\/es\/wp-content\/uploads\/2025\/09\/Imagen1-21-300x300.jpg 300w, https:\/\/enolife.com.ar\/es\/wp-content\/uploads\/2025\/09\/Imagen1-21-150x150.jpg 150w\" sizes=\"auto, (max-width: 400px) 100vw, 400px\" \/><\/a><\/figure><\/div>\n\n\n<p>Dirigido a productores, t\u00e9cnicos y referentes del sector, del 30\/9 al 2\/10 se realizar\u00e1 el Seminario Taller <strong>\u00abInnovaci\u00f3n en manejo H\u00eddrico para la Agricultura en Mendoza y San Juan\u00bb<\/strong>. El objetivo declarado por los organizadores es <strong>inspirar, conectar y fortalecer sus pr\u00e1cticas de gesti\u00f3n del agua <\/strong>junto a especialistas nacionales e internacionales. Se explorar\u00e1 <strong>c\u00f3mo usar de manera m\u00e1s eficiente los recursos h\u00eddricos<\/strong>, adaptar los cultivos a escenarios de variabilidad clim\u00e1tica e incorporar tecnolog\u00edas que hagan a la agricultura m\u00e1s resiliente.<br><\/p>\n\n\n\n<p>\u200bLas conferencias internacionales contar\u00e1n con&nbsp;<strong>traducci\u00f3n simult\u00e1nea<\/strong>, garantizando el acceso a todas las ideas y experiencias compartidas. \u200bAdem\u00e1s, se puede participar en todas las jornadas o en la que sea de inter\u00e9s para cada asistente.<\/p>\n\n\n\n<div style=\"height:14px\" aria-hidden=\"true\" class=\"wp-block-spacer\"><\/div>\n\n\n\n<p class=\"has-background\" style=\"background-color:#f78da861\"><strong>Inscripciones: <a href=\"https:\/\/luma.com\/i19fh5oc\">AQU\u00cd<\/a><\/strong><\/p>\n\n\n\n<div style=\"height:45px\" aria-hidden=\"true\" class=\"wp-block-spacer\"><\/div>\n\n\n\n<p class=\"has-medium-font-size\">\u200b<strong>Agenda<\/strong><\/p>\n\n\n\n<p class=\"has-background\" style=\"background-color:#abb7c252\"><strong>Martes 30\/9<\/strong> &#8211;<strong> Espacio Lodo &#8211; <\/strong>Lateral Este, Acceso Sur 5291, M5531 Luj\u00e1n de Cuyo, Mendoza<\/p>\n\n\n\n<p><strong>8.15 a 9.00<\/strong> &#8211; \u200b<strong>Acreditaci\u00f3n y bienvenida<\/strong><\/p>\n\n\n\n<p>\u200b<strong>9.00 a 10.30<\/strong> &#8211; <strong>Bloque 1: Uso de Informaci\u00f3n Clim\u00e1tica y Meteorol\u00f3gica para la adaptaci\u00f3n de Sistemas y Pr\u00e1cticas de Cultivo<\/strong><\/p>\n\n\n\n<ul class=\"wp-block-list\">\n<li>\u200bEscenario H\u00eddrico para la Pr\u00f3xima Temporada de Cultivo seg\u00fan Tendencias, Variabilidad y Proyecciones Clim\u00e1ticas-&nbsp;<em>R. Villodas&nbsp;<\/em>&#8211; DGI &#8211; DGH<\/li>\n\n\n\n<li>\u200bIdentificaci\u00f3n de los Requisitos de Temperatura del Pistacho y Determinaci\u00f3n de Zonas Aptas para su Cultivo en Argentina. &#8211;&nbsp;<em>E. Trentacoste<\/em><\/li>\n\n\n\n<li>\u200bUso de Informaci\u00f3n Agrometeorol\u00f3gica para la Zonificaci\u00f3n de \u00c1reas de Producci\u00f3n de Vid.&nbsp;<em>M. Cavagnaro &#8211; Coviar<\/em><\/li>\n\n\n\n<li>\u200bDatos relevantes para guiar pr\u00e1cticas de manejo en la mitigaci\u00f3n de da\u00f1os por heladas y calor.<em>&nbsp;M. Battany, Asesor independiente (charla con traducci\u00f3n simultanea)<\/em><\/li>\n\n\n\n<li>\u200bMicroclima como Herramienta de Alto Impacto en la Producci\u00f3n.&nbsp;<em>F. Gonz\u00e1lez Antivilo<\/em><\/li>\n\n\n\n<li>\u200bVoz de Productores\/as y T\u00e9cnicos\/as: Discusi\u00f3n y Preguntas &amp; Respuestas<\/li>\n<\/ul>\n\n\n\n<p>\u200b<strong>11.00 a 12.15<\/strong> &#8211; <strong>Bloque 2: Sistemas y Pr\u00e1cticas de Cultivo con Adaptaci\u00f3n Potencial a las Condiciones Locales de Producci\u00f3n<\/strong><\/p>\n\n\n\n<ul class=\"wp-block-list\">\n<li>\u200bRelaciones h\u00eddricas suelo-planta-atm\u00f3sfera en cultivos le\u00f1osos perennes.&nbsp;<em>A. Gallo \u2013 INTA EEA Jun\u00edn, Mendoza<\/em><\/li>\n\n\n\n<li>\u200bSelecci\u00f3n de portainjertos y variedades de uva para vinificar y consumo en fresco adaptadas a condiciones semi\u00e1ridas y propensas a sequ\u00eda.&nbsp;<em>D. Barison, Herrick Grapevines (charla con traducci\u00f3n simultanea)<\/em><\/li>\n\n\n\n<li>\u200bComparaci\u00f3n del uso de agua en cord\u00f3n alto vs bajo en vid.&nbsp;<em>D. Zaccaria, Universidad de California (charla con traducci\u00f3n simultanea)<\/em><\/li>\n\n\n\n<li>\u200bVoz de Productores\/as y T\u00e9cnicos\/as: Discusi\u00f3n y Preguntas &amp; Respuestas<\/li>\n<\/ul>\n\n\n\n<p>\u200b<strong>12.15 a 13.20<\/strong> &#8211; \u200b<strong>Bloque 3: Uso Eficiente de Recursos en el Riego Localizado<\/strong><\/p>\n\n\n\n<ul class=\"wp-block-list\">\n<li>\u200bEstrategias de Gesti\u00f3n del Agua de Riego para Vi\u00f1edos. M. Battany, Asesor independiente&nbsp;<em>(charla con traducci\u00f3n simultanea)<\/em><\/li>\n\n\n\n<li>\u200bM\u00e9todos y Herramientas Disponibles para la Programaci\u00f3n y Gesti\u00f3n del riego localizado<em>. D. Zaccaria, Universidad de California (charla con traducci\u00f3n simultanea)<\/em><\/li>\n\n\n\n<li>\u200bLa Plataforma UC CropManage para la Programaci\u00f3n del Riego y el Manejo de Nutrientes.<em>&nbsp;M. Cahn, Universidad de California (charla con traducci\u00f3n simultanea)<\/em><\/li>\n\n\n\n<li>\u200bVoz de Productores\/as y T\u00e9cnicos\/as: Discusi\u00f3n y Preguntas &amp; Respuestas<\/li>\n<\/ul>\n\n\n\n<p>\u200b<strong>14.30 a 14.50<\/strong> &#8211; \u200b<strong>Bloque 3 (continuaci\u00f3n) Uso Eficiente de Recursos en el Reigo Localizado<\/strong><\/p>\n\n\n\n<ul class=\"wp-block-list\">\n<li>\u200bHerramientas para la Toma de Decisiones en Riego + Premiaci\u00f3n \u00abGuardianes del Agua\u00bb. Kilimo<\/li>\n<\/ul>\n\n\n\n<p>\u200b<strong>Bloque 4: Oportunidades y Limitaciones para una Gesti\u00f3n Eficiente del Agua y su Reutilizaci\u00f3n<\/strong><\/p>\n\n\n\n<ul class=\"wp-block-list\">\n<li>\u200bCondiciones del Suelo que Afectan el Manejo del Riego y la Salinidad + Manejo de la Salinidad en Cultivos Intensivos.&nbsp;<em>M. Battany, Asesor independiente + M. Cahn, Universidad de California (charla con traducci\u00f3n simultanea)<\/em><\/li>\n\n\n\n<li>\u200bUso de Aguas Marginales y No Convencionales en Cultivos Le\u00f1osos Perennes: Aplicaci\u00f3n de Efluentes Biol\u00f3gicos. Impactos en Plantas y Suelos.&nbsp;<em>G. Vivaldi, Universidad de Bari (charla con traducci\u00f3n simultanea)<\/em><\/li>\n\n\n\n<li>\u200bOportunidades y Limitaciones para la Reutilizaci\u00f3n del Agua en Mendoza, Argentina.&nbsp;<em>E. Galat \u2013 INTA EEA Mendoza<\/em><\/li>\n\n\n\n<li>\u200bVoz de Productores\/as y T\u00e9cnicos\/as: Discusi\u00f3n y Preguntas &amp; Respuestas.<\/li>\n<\/ul>\n\n\n\n<div style=\"height:35px\" aria-hidden=\"true\" class=\"wp-block-spacer\"><\/div>\n\n\n\n<p class=\"has-background\" style=\"background-color:#abb7c252\"><strong>Mi\u00e9rcoles 1\/10<\/strong> &#8211; <strong>Trabajo a campo<\/strong><\/p>\n\n\n\n<p>\u200bSe  mostrar\u00e1 en campo c\u00f3mo integrar coeficientes de cultivo y monitoreo clim\u00e1tico para la programaci\u00f3n del riego. La visita incluir\u00e1 un recorrido por el cultivo y un intercambio t\u00e9cnico sobre la metodolog\u00eda utilizada en todas nuestras fincas.<\/p>\n\n\n\n<p><strong>\u200b8.30 a 11.30 &#8211; Finca Ugarteche para ver cultivo de pistachos<\/strong><\/p>\n\n\n\n<p><strong>\u200b\u200b11.45 a 14.30 &#8211;&nbsp;Finca La Mascota &#8211; Grupo Pe\u00f1aflor para ver cultivo de vid.<\/strong><\/p>\n\n\n\n<div style=\"height:35px\" aria-hidden=\"true\" class=\"wp-block-spacer\"><\/div>\n\n\n\n<p class=\"has-background\" style=\"background-color:#abb7c252\"><strong>Jueves 2\/10 &#8211; Expo Innova Cuyo &#8211; Ruta Nacional N40, Carpinter\u00eda, Pocito, San Juan,<\/strong><\/p>\n\n\n\n<p><strong>9.30 a 10.00<\/strong> &#8211; \u200b<strong>Presentaci\u00f3n y acreditaciones<\/strong><\/p>\n\n\n\n<p><strong>10.10 a 11.05<\/strong> &#8211; \u200b<strong>Bloque 1: Uso de Informaci\u00f3n Clim\u00e1tica y Meteorol\u00f3gica para la adaptaci\u00f3n de Sistemas y Pr\u00e1cticas de Cultivo<\/strong><\/p>\n\n\n\n<ul class=\"wp-block-list\">\n<li>\u200bEstado de los recursos h\u00eddricos en la provincia de San Juan.&nbsp;<em>M. Battistella<\/em><\/li>\n\n\n\n<li>\u200bDatos relevantes para guiar pr\u00e1cticas de manejo en la mitigaci\u00f3n de da\u00f1os por heladas y calor.&nbsp;<em>M. Battany, Asesor independiente (charla con traducci\u00f3n simultanea)<\/em><\/li>\n\n\n\n<li>\u200bIdentificaci\u00f3n de los Requisitos de Temperatura del Pistacho y Determinaci\u00f3n de Zonas Aptas para su Cultivo en Argentina. G. S\u00e1nchez Ca\u00f1ete. Becario doctoral CONICET-<\/li>\n\n\n\n<li>\u200bRiego deficitario en olivos: avances y aplicaciones desde el INTA San Juan.&nbsp;<em>P. Pierantozzi<\/em><\/li>\n<\/ul>\n\n\n\n<p>\u200b<strong>11.35 a 12.30<\/strong> &#8211; \u200b<strong>Bloque 2: Uso Eficiente de Recursos en el Riego Localizado<\/strong><\/p>\n\n\n\n<ul class=\"wp-block-list\">\n<li>\u200bM\u00e9todos y Herramientas Disponibles para la Programaci\u00f3n y Gesti\u00f3n de la Microirrigaci\u00f3n.&nbsp;<em>D. Zaccaria, Universidad de California (charla con traducci\u00f3n simultanea)<\/em><\/li>\n\n\n\n<li>\u200bLa Plataforma UC CropManage para la Programaci\u00f3n del Riego y el Manejo de Nutrientes.<em>&nbsp;M. Cahn, Universidad de California (charla con traducci\u00f3n simultanea)<\/em><\/li>\n\n\n\n<li>\u200bVoz de Productores\/as y T\u00e9cnicos\/as: Discusi\u00f3n y Preguntas &amp; Respuestas<\/li>\n<\/ul>\n\n\n\n<p>\u200b<strong>12.30 a 13.10<\/strong> &#8211; <strong>Bloque3: Sistemas y Pr\u00e1cticas de Cultivo con Adaptaci\u00f3n Potencial a las Condiciones Locales de Producci\u00f3n<\/strong><\/p>\n\n\n\n<ul class=\"wp-block-list\">\n<li>\u200bSelecci\u00f3n de portainjertos y variedades de uva para vinificar y consumo en fresco adaptadas a condiciones semi\u00e1ridas y propensas a sequ\u00eda.&nbsp;<em>D. Barison, Herrick Grapevines (charla con traducci\u00f3n simultanea)<\/em><\/li>\n\n\n\n<li>\u200bComparaci\u00f3n del uso del agua en cord\u00f3n alto vs bajo en vid.&nbsp;<em>D. Zaccaria, Universidad de California (charla con traducci\u00f3n simultanea)<\/em><\/li>\n\n\n\n<li>\u200bVoz de Productores\/as y T\u00e9cnicos\/as: Discusi\u00f3n y Preguntas &amp; Respuestas. Moderador.<\/li>\n<\/ul>\n\n\n\n<p>\u200b<strong>13.10 a 13.50<\/strong> &#8211; \u200b<strong>Bloque 4: Oportunidades y Limitaciones para una Gesti\u00f3n Eficiente del Agua y su Reutilizaci\u00f3n<\/strong><\/p>\n\n\n\n<ul class=\"wp-block-list\">\n<li>\u200bUso de Aguas Marginales y No Convencionales en Cultivos Le\u00f1osos Perennes: Aplicaci\u00f3n de Efluentes Biol\u00f3gicos. Impactos en Plantas y Suelos-&nbsp;<em>G. Vivaldi, Universidad de Bari(charla con traducci\u00f3n simultanea)<\/em><\/li>\n\n\n\n<li>\u200bVoz del Agricultor: Discusi\u00f3n y Preguntas &amp; Respuestas<\/li>\n<\/ul>\n","protected":false},"excerpt":{"rendered":"<p>Del 30 de setiembre al 2 de octubre se llevar\u00e1 a cabo en distintas sedes&hellip;<\/p>\n","protected":false},"author":2,"featured_media":164099,"comment_status":"closed","ping_status":"open","sticky":false,"template":"","format":"standard","meta":{"footnotes":""},"categories":[47],"tags":[],"class_list":["post-164085","post","type-post","status-publish","format-standard","has-post-thumbnail","hentry","category-agenda"],"_links":{"self":[{"href":"https:\/\/enolife.com.ar\/es\/wp-json\/wp\/v2\/posts\/164085","targetHints":{"allow":["GET"]}}],"collection":[{"href":"https:\/\/enolife.com.ar\/es\/wp-json\/wp\/v2\/posts"}],"about":[{"href":"https:\/\/enolife.com.ar\/es\/wp-json\/wp\/v2\/types\/post"}],"author":[{"embeddable":true,"href":"https:\/\/enolife.com.ar\/es\/wp-json\/wp\/v2\/users\/2"}],"replies":[{"embeddable":true,"href":"https:\/\/enolife.com.ar\/es\/wp-json\/wp\/v2\/comments?post=164085"}],"version-history":[{"count":0,"href":"https:\/\/enolife.com.ar\/es\/wp-json\/wp\/v2\/posts\/164085\/revisions"}],"wp:featuredmedia":[{"embeddable":true,"href":"https:\/\/enolife.com.ar\/es\/wp-json\/wp\/v2\/media\/164099"}],"wp:attachment":[{"href":"https:\/\/enolife.com.ar\/es\/wp-json\/wp\/v2\/media?parent=164085"}],"wp:term":[{"taxonomy":"category","embeddable":true,"href":"https:\/\/enolife.com.ar\/es\/wp-json\/wp\/v2\/categories?post=164085"},{"taxonomy":"post_tag","embeddable":true,"href":"https:\/\/enolife.com.ar\/es\/wp-json\/wp\/v2\/tags?post=164085"}],"curies":[{"name":"wp","href":"https:\/\/api.w.org\/{rel}","templated":true}]}}