{"id":164003,"date":"2025-09-12T21:46:18","date_gmt":"2025-09-12T21:46:18","guid":{"rendered":"https:\/\/enolife.com.ar\/es\/?p=164003"},"modified":"2025-09-15T15:34:36","modified_gmt":"2025-09-15T15:34:36","slug":"hay-48-millones-de-premio-para-la-mejor-idea-y-guion-de-la-fiesta-de-la-vendimia-2026","status":"publish","type":"post","link":"https:\/\/enolife.com.ar\/es\/hay-48-millones-de-premio-para-la-mejor-idea-y-guion-de-la-fiesta-de-la-vendimia-2026\/","title":{"rendered":"Hay $48 millones de premio para la mejor idea y gui\u00f3n de la Fiesta de la Vendimia 2026"},"content":{"rendered":"\n<h4 class=\"wp-block-heading\"><em><strong>El gobierno de la provincia de Mendoza, organizador del megaespect\u00e1culo que cada a\u00f1o a principios de marzo cierra la Fiesta de la Vendimia en el Teatro Griego Frank Romero Day, public\u00f3 hoy 12\/9 las bases para el concurso de idea, gui\u00f3n y puesta en escena de la Fiesta 2026. En esta ocasi\u00f3n, el leit motiv y tema excluyente en el que deber\u00e1 enfocar la propuesta es el aniversario n\u00famero 90 de este tradicional evento, el de mayor envergadura de su tipo en el mundo. El \u00fanico d\u00eda para la presentaci\u00f3n de las propuestas es el 1 de octubre de 2025, de 9 a 13 hs. En esta nota, las bases para participar<\/strong><\/em><strong><em>.<\/em><\/strong><\/h4>\n\n\n\n<div style=\"height:35px\" aria-hidden=\"true\" class=\"wp-block-spacer\"><\/div>\n\n\n<a href=\"https:\/\/estanciamendoza.com.ar\/es\/\" aria-label=\"Copia de BEM &#8211; Banner adaptaciones diario digital_BEM &#8211; Banner Enolife &#8211; 1700&#215;500\"><img loading=\"lazy\" decoding=\"async\" src=\"https:\/\/enolife.com.ar\/es\/wp-content\/uploads\/2019\/07\/Copia-de-BEM-Banner-adaptaciones-diario-digital_BEM-Banner-Enolife-1700x500-1.jpg\" alt=\"\"  srcset=\"https:\/\/enolife.com.ar\/es\/wp-content\/uploads\/2019\/07\/Copia-de-BEM-Banner-adaptaciones-diario-digital_BEM-Banner-Enolife-1700x500-1.jpg 1700w, https:\/\/enolife.com.ar\/es\/wp-content\/uploads\/2019\/07\/Copia-de-BEM-Banner-adaptaciones-diario-digital_BEM-Banner-Enolife-1700x500-1-300x88.jpg 300w, https:\/\/enolife.com.ar\/es\/wp-content\/uploads\/2019\/07\/Copia-de-BEM-Banner-adaptaciones-diario-digital_BEM-Banner-Enolife-1700x500-1-1024x301.jpg 1024w, https:\/\/enolife.com.ar\/es\/wp-content\/uploads\/2019\/07\/Copia-de-BEM-Banner-adaptaciones-diario-digital_BEM-Banner-Enolife-1700x500-1-768x226.jpg 768w, https:\/\/enolife.com.ar\/es\/wp-content\/uploads\/2019\/07\/Copia-de-BEM-Banner-adaptaciones-diario-digital_BEM-Banner-Enolife-1700x500-1-1536x452.jpg 1536w, https:\/\/enolife.com.ar\/es\/wp-content\/uploads\/2019\/07\/Copia-de-BEM-Banner-adaptaciones-diario-digital_BEM-Banner-Enolife-1700x500-1-1170x344.jpg 1170w, https:\/\/enolife.com.ar\/es\/wp-content\/uploads\/2019\/07\/Copia-de-BEM-Banner-adaptaciones-diario-digital_BEM-Banner-Enolife-1700x500-1-585x172.jpg 585w\" sizes=\"auto, (max-width: 1700px) 100vw, 1700px\" width=\"1700\" height=\"500\"   \/><\/a>\n\n\n<div style=\"height:45px\" aria-hidden=\"true\" class=\"wp-block-spacer\"><\/div>\n\n\n\n<p>Ya est\u00e1n las bases disponibles para los equipos interesados en participar en el concurso para la realizaci\u00f3n del Acto Central y repetici\u00f3n de la <strong>Fiesta Nacional de la Vendimia 2026<\/strong>, que este a\u00f1o ofrece un <strong>premio total de $48.000.000<\/strong> para quienes presenten la mejor idea, gui\u00f3n y detalles de puesta en escena<\/p>\n\n\n\n<p>El <strong>gobierno de Mendoza<\/strong>, a trav\u00e9s de la <strong>Subsecretar\u00eda de Cultura<\/strong> -dependiente del Ministerio de Educaci\u00f3n, Cultura, Infancias y Direcci\u00f3n General de Escuelas-, llam\u00f3 a concurso para seleccionar la <strong>propuesta de gui\u00f3n, con su correspondiente s\u00edntesis argumental incluida<\/strong>; de realizaci\u00f3n de la escenograf\u00eda; de la direcci\u00f3n art\u00edstica general; de la direcci\u00f3n audiovisual; de la puesta en escena, del desarrollo t\u00e9cnico y del equipo art\u00edstico para la Fiesta Nacional de la Vendimia 2026 declarada, seg\u00fan la Ley 6973, \u201cPatrimonio cultural de la provincia de Mendoza\u201d. El acto central se realizar\u00e1 los d\u00edas s\u00e1bado 7 y domingo 8 de marzo de 2026.<\/p>\n\n\n\n<p>Las propuestas deber\u00e1n presentarse en sobre \u00fanico, seg\u00fan lo especificado en el reglamento y personalmente (no se admitir\u00e1n presentaciones por otros medios), en la Secretar\u00eda Privada de la Subsecretar\u00eda de Cultura del Gobierno de Mendoza, Guti\u00e9rrez 204, 2\u00b0 piso, Ciudad de Mendoza.&nbsp;<\/p>\n\n\n\n<div style=\"height:20px\" aria-hidden=\"true\" class=\"wp-block-spacer\"><\/div>\n\n\n\n<h3 class=\"wp-block-heading has-vivid-red-color has-text-color has-link-color wp-elements-a1b0db4031c3aec40e1297d7fc15e4e7\">La \u00fanica fecha de presentaci\u00f3n de las propuestas es el mi\u00e9rcoles 1 de octubre de 2025 \u00fanicamente, desde las 9 y hasta las 13 indefectiblemente.<\/h3>\n\n\n\n<div style=\"height:23px\" aria-hidden=\"true\" class=\"wp-block-spacer\"><\/div>\n\n\n\n<p>En el momento de la presentaci\u00f3n de cada propuesta, queda impl\u00edcita la aceptaci\u00f3n de bases y condiciones del concurso.<\/p>\n\n\n\n<div style=\"height:32px\" aria-hidden=\"true\" class=\"wp-block-spacer\"><\/div>\n\n\n<div class=\"wp-block-image\">\n<figure class=\"aligncenter size-large is-resized\"><a href=\"https:\/\/enolife.com.ar\/es\/wp-content\/uploads\/2025\/09\/Equipo-vendimia-2025.jpg\" data-rel=\"penci-gallery-image-content\" ><img loading=\"lazy\" decoding=\"async\" width=\"1024\" height=\"702\" src=\"https:\/\/enolife.com.ar\/es\/wp-content\/uploads\/2025\/09\/Equipo-vendimia-2025-1024x702.jpg\" alt=\"\" class=\"wp-image-164016\" style=\"width:698px;height:auto\" srcset=\"https:\/\/enolife.com.ar\/es\/wp-content\/uploads\/2025\/09\/Equipo-vendimia-2025-1024x702.jpg 1024w, https:\/\/enolife.com.ar\/es\/wp-content\/uploads\/2025\/09\/Equipo-vendimia-2025-300x206.jpg 300w, https:\/\/enolife.com.ar\/es\/wp-content\/uploads\/2025\/09\/Equipo-vendimia-2025-768x526.jpg 768w, https:\/\/enolife.com.ar\/es\/wp-content\/uploads\/2025\/09\/Equipo-vendimia-2025-1536x1053.jpg 1536w, https:\/\/enolife.com.ar\/es\/wp-content\/uploads\/2025\/09\/Equipo-vendimia-2025-2048x1404.jpg 2048w, https:\/\/enolife.com.ar\/es\/wp-content\/uploads\/2025\/09\/Equipo-vendimia-2025-1170x802.jpg 1170w, https:\/\/enolife.com.ar\/es\/wp-content\/uploads\/2025\/09\/Equipo-vendimia-2025-585x401.jpg 585w\" sizes=\"auto, (max-width: 1024px) 100vw, 1024px\" \/><\/a><figcaption class=\"wp-element-caption\"><em><strong>El equipo que gan\u00f3 en 2025 para la Fiesta \u00abGuardiana del vino eterno\u00bb, presentados por el subsecretario de Cultura Diego Gareca (centro), con Franco Emmanuel Ag\u00fcero como director general y Paula Barbuzza como guionista. Los grupos con experiencia suelen volver a presentarse en la siguiente Fiesta<\/strong><\/em><strong><em>.<\/em><\/strong><\/figcaption><\/figure><\/div>\n\n\n<div style=\"height:24px\" aria-hidden=\"true\" class=\"wp-block-spacer\"><\/div>\n\n\n\n<p class=\"has-background\" style=\"background-color:#abb7c261\"><strong>Informaci\u00f3n disponible para descargar: <a href=\"https:\/\/mza-dicaws-portal-uploads-media-prod.s3.amazonaws.com\/informacion-oficial\/uploads\/sites\/14\/2025\/09\/Bases-2026-90-ANIVERSARIO-DE-LA-FIESTA-NACIONAL-DE-LA-VENDIMIA.pdf\">BASES<\/a> &#8211; <a href=\"https:\/\/mza-dicaws-portal-uploads-media-prod.s3.amazonaws.com\/informacion-oficial\/uploads\/sites\/14\/2025\/09\/RS-2025-07201962-GDEMZA-MCYT.pdf\">RESOLUCI\u00d3N<\/a> &#8211; <a href=\"https:\/\/mza-dicaws-portal-uploads-media-prod.s3.amazonaws.com\/informacion-oficial\/uploads\/sites\/14\/2025\/09\/Anexo-I.pdf\">ANEXO I<\/a> &#8211; <a href=\"https:\/\/mza-dicaws-portal-uploads-media-prod.s3.amazonaws.com\/informacion-oficial\/uploads\/sites\/14\/2025\/09\/Anexo-II.pdf\">ANEXO II<\/a> &#8211; <a href=\"https:\/\/mza-dicaws-portal-uploads-media-prod.s3.amazonaws.com\/informacion-oficial\/uploads\/sites\/14\/2025\/09\/Anexo-III.pdf\">ANEXO III<\/a><\/strong><\/p>\n\n\n\n<div style=\"height:45px\" aria-hidden=\"true\" class=\"wp-block-spacer\"><\/div>\n\n\n\n<p class=\"has-medium-font-size\"><strong>Para tener en cuenta<\/strong><\/p>\n\n\n\n<p>Los equipos interesados concursantes deber\u00e1n participar obligatoriamente de las asesor\u00edas t\u00e9cnicas y administrativas oficiales, que ser\u00e1n coordinadas de manera individual por equipo, previo a la presentaci\u00f3n de la propuesta en primera instancia. En las asesor\u00edas se otorgar\u00e1n los lineamientos administrativos y t\u00e9cnicos b\u00e1sicos y se resolver\u00e1n dudas.<\/p>\n\n\n\n<p>Ser\u00e1n fijadas, coordinadas y comunicadas por la <strong>Direcci\u00f3n de Vendimia y Producci\u00f3n Cultural <\/strong>al representante legal del grupo. Para ello, los interesados deber\u00e1n presentar nota por escrito en la oficina de la Direcci\u00f3n de Vendimia y Producci\u00f3n Cultural, en calle <strong>Guti\u00e9rrez 204, Ciudad de Mendoza, 2\u00b0 piso<\/strong>, de <strong>9 a 13 hs<\/strong>, o v\u00eda correo electr\u00f3nico a <a href=\"mailto:vendimia@mendoza.gov.ar\"><strong>vendimia@mendoza.gov.ar<\/strong><\/a>, solicitando la asesor\u00eda durante los primeros 5 d\u00edas corridos de abierto el per\u00edodo de publicaci\u00f3n de bases.&nbsp;<strong>El per\u00edodo comprende del 12 al 16 de setiembre de 2025.<\/strong> La no presentaci\u00f3n del equipo concursante a las asesor\u00edas ser\u00e1 causa de rechazo de la propuesta.<\/p>\n\n\n\n<div style=\"height:27px\" aria-hidden=\"true\" class=\"wp-block-spacer\"><\/div>\n\n\n\n<p class=\"has-small-font-size\"><em><strong>Fuente: Gobierno de Mendoza<\/strong><\/em><\/p>\n\n\n\n<div style=\"height:31px\" aria-hidden=\"true\" class=\"wp-block-spacer\"><\/div>\n\n\n\n<div style=\"height:35px\" aria-hidden=\"true\" class=\"wp-block-spacer\"><\/div>\n","protected":false},"excerpt":{"rendered":"<p>El gobierno de la provincia de Mendoza, organizador del megaespect\u00e1culo que cada a\u00f1o a principios&hellip;<\/p>\n","protected":false},"author":2,"featured_media":164009,"comment_status":"closed","ping_status":"open","sticky":false,"template":"","format":"standard","meta":{"footnotes":""},"categories":[14],"tags":[],"class_list":["post-164003","post","type-post","status-publish","format-standard","has-post-thumbnail","hentry","category-news"],"_links":{"self":[{"href":"https:\/\/enolife.com.ar\/es\/wp-json\/wp\/v2\/posts\/164003","targetHints":{"allow":["GET"]}}],"collection":[{"href":"https:\/\/enolife.com.ar\/es\/wp-json\/wp\/v2\/posts"}],"about":[{"href":"https:\/\/enolife.com.ar\/es\/wp-json\/wp\/v2\/types\/post"}],"author":[{"embeddable":true,"href":"https:\/\/enolife.com.ar\/es\/wp-json\/wp\/v2\/users\/2"}],"replies":[{"embeddable":true,"href":"https:\/\/enolife.com.ar\/es\/wp-json\/wp\/v2\/comments?post=164003"}],"version-history":[{"count":0,"href":"https:\/\/enolife.com.ar\/es\/wp-json\/wp\/v2\/posts\/164003\/revisions"}],"wp:featuredmedia":[{"embeddable":true,"href":"https:\/\/enolife.com.ar\/es\/wp-json\/wp\/v2\/media\/164009"}],"wp:attachment":[{"href":"https:\/\/enolife.com.ar\/es\/wp-json\/wp\/v2\/media?parent=164003"}],"wp:term":[{"taxonomy":"category","embeddable":true,"href":"https:\/\/enolife.com.ar\/es\/wp-json\/wp\/v2\/categories?post=164003"},{"taxonomy":"post_tag","embeddable":true,"href":"https:\/\/enolife.com.ar\/es\/wp-json\/wp\/v2\/tags?post=164003"}],"curies":[{"name":"wp","href":"https:\/\/api.w.org\/{rel}","templated":true}]}}