{"id":163813,"date":"2025-09-11T14:39:02","date_gmt":"2025-09-11T14:39:02","guid":{"rendered":"https:\/\/enolife.com.ar\/es\/?p=163813"},"modified":"2025-09-13T12:17:15","modified_gmt":"2025-09-13T12:17:15","slug":"en-julio-de-2025-el-consumo-de-vino-per-capita-en-argentina-cayo-un-138-respecto-mismo-mes-2024","status":"publish","type":"post","link":"https:\/\/enolife.com.ar\/es\/en-julio-de-2025-el-consumo-de-vino-per-capita-en-argentina-cayo-un-138-respecto-mismo-mes-2024\/","title":{"rendered":"En julio 2025 el consumo de vino en Argentina fue de 1,39 l per capita, -13,8% respecto a julio 2024"},"content":{"rendered":"\n<h4 class=\"wp-block-heading\"><em><strong>Seg\u00fan el \u00faltimo informe del Instituto Nacional de Vitivinicultura (INV), la venta de vino acumulada de enero a julio de 2025, en el mercado interno, alcanz\u00f3 los 4.069.214 hl hectolitros (hl), -0,8% respecto a igual per\u00edodo de 2024. De ese total, el 63,9% corresponde a vinos sin menci\u00f3n varietal y el 33% a varietales. Los vinos sin menci\u00f3n varietal en el interanual acumulado a julio est\u00e1n negativos (-5,6%), mientras que el resto de los tipos de vino mantienen su crecimiento positivo. Los vinos blancos caen -11,4% y los vinos color suben +3,3%. El consumo per c\u00e1pita del mes de julio 2025 arroj\u00f3 un valor de 1,39 litros por habitante, -13,8% respecto a igual mes del a\u00f1o anterior.<\/strong><\/em><\/h4>\n\n\n\n<div style=\"height:20px\" aria-hidden=\"true\" class=\"wp-block-spacer\"><\/div>\n\n\n<a href=\"https:\/\/sudafilt.com\/\" aria-label=\"SUDAFILT 1700X500 NOV25\"><img loading=\"lazy\" decoding=\"async\" src=\"https:\/\/enolife.com.ar\/es\/wp-content\/uploads\/2020\/07\/SUDAFILT-1700X500-NOV25.gif\" alt=\"\"  width=\"1700\" height=\"500\"   \/><\/a>\n\n\n<div style=\"height:57px\" aria-hidden=\"true\" class=\"wp-block-spacer\"><\/div>\n\n\n\n<p class=\"has-text-align-center has-background\" id=\"block-6fbb9437-eb2b-4258-8eb3-6b0d6f6d1afb\" style=\"background-color:#abb7c25c\"><strong>Comercializaci\u00f3n julio 2024 \/ julio 2025<\/strong><\/p>\n\n\n\n<p id=\"block-63cf02c1-369f-437f-a1f3-630bb88281a5\"><strong>Vino Total: -13%<\/strong><\/p>\n\n\n\n<ul id=\"block-ea26550f-a8d7-4388-ab3f-9e978e751e9a\" class=\"wp-block-list\">\n<li>Vino color: -14,8%<\/li>\n\n\n\n<li>Vino blanco: -6,5%<\/li>\n<\/ul>\n\n\n\n<div style=\"height:15px\" aria-hidden=\"true\" class=\"wp-block-spacer\"><\/div>\n\n\n\n<p class=\"has-text-align-center has-background\" id=\"block-1da3c62f-d229-4319-81d4-8ec4a294f6ce\" style=\"background-color:#abb7c25c\"><strong>Comercializaci\u00f3n enero-julio 2024 \/ enero-julio 2025<\/strong><\/p>\n\n\n\n<p id=\"block-35b7a9be-159c-4367-b9e1-fdc327f9f8e7\"><strong>Vino Total: -0,8%<\/strong><\/p>\n\n\n\n<ul id=\"block-f2514f2b-5f53-4339-94aa-2f404cf9294e\" class=\"wp-block-list\">\n<li>Vino color: 3,3 %<\/li>\n\n\n\n<li>Vino blanco: -11,4%<\/li>\n<\/ul>\n\n\n\n<div style=\"height:15px\" aria-hidden=\"true\" class=\"wp-block-spacer\"><\/div>\n\n\n\n<p class=\"has-text-align-center has-background\" id=\"block-0bce1eeb-0137-40bf-96c2-90e3bbb1db06\" style=\"background-color:#abb7c25c\"><strong>Variaci\u00f3n mensual junio 2025 &#8211; julio 2025<\/strong><\/p>\n\n\n\n<p id=\"block-8c0e1074-9225-4a7d-827e-3b1bd907324b\"><strong>Vino Total: 13,8%<\/strong><\/p>\n\n\n\n<div style=\"height:45px\" aria-hidden=\"true\" class=\"wp-block-spacer\"><\/div>\n\n\n\n<p class=\"has-text-align-center has-background has-medium-font-size\" style=\"background-color:#abb7c25c\"><strong>Comercializaci\u00f3n julio 2025<\/strong><\/p>\n\n\n\n<p>Las ventas de vino en el mercado interno durante el mes de<strong> julio 2025 <\/strong>alcanzaron un volumen de <strong>658.677 hl<\/strong>, se observa una <strong>disminuci\u00f3n del -13% <\/strong>respecto a igual mes del a\u00f1o anterior. El 66,6% de ese volumen corresponde a vinos sin menci\u00f3n varietal, 29,9% varietales, 3,1% espumosos y 0,5% otros vinos (c\u00f3ctel de vino, gasificado, especial).<\/p>\n\n\n\n<p>Respecto al mismo mes del a\u00f1o anterior, disminuyeron los vinos sin menci\u00f3n varietal (-14,8%) y los varietales (-11,2%), mientras los espumosos aumentaron +6,2% y otros vinos +51,7%. En el volumen total de despachos los vinos blancos disminuyeron -6,5% y los vinos color -14,8%.<\/p>\n\n\n\n<div style=\"height:30px\" aria-hidden=\"true\" class=\"wp-block-spacer\"><\/div>\n\n\n<div class=\"wp-block-image\">\n<figure class=\"aligncenter size-full is-resized\"><a href=\"https:\/\/enolife.com.ar\/es\/wp-content\/uploads\/2025\/09\/Imagen3-5.jpg\" data-rel=\"penci-gallery-image-content\" ><img loading=\"lazy\" decoding=\"async\" width=\"638\" height=\"515\" src=\"https:\/\/enolife.com.ar\/es\/wp-content\/uploads\/2025\/09\/Imagen3-5.jpg\" alt=\"\" class=\"wp-image-163841\" style=\"width:500px;height:auto\" srcset=\"https:\/\/enolife.com.ar\/es\/wp-content\/uploads\/2025\/09\/Imagen3-5.jpg 638w, https:\/\/enolife.com.ar\/es\/wp-content\/uploads\/2025\/09\/Imagen3-5-300x242.jpg 300w, https:\/\/enolife.com.ar\/es\/wp-content\/uploads\/2025\/09\/Imagen3-5-585x472.jpg 585w\" sizes=\"auto, (max-width: 638px) 100vw, 638px\" \/><\/a><\/figure><\/div>\n\n\n<div style=\"height:35px\" aria-hidden=\"true\" class=\"wp-block-spacer\"><\/div>\n\n\n\n<p>En el <strong>interanual julio 2024\/ julio 2025,<\/strong> disminuy\u00f3 el envase botella (-16,9%) el cual representa el 64,2% de los despachos. El tetra-brik que representa el 32,8% de los despachos disminuy\u00f3 -1,3%. La damajuana disminuy\u00f3 -22,3%, el bag in box -92,3%, la lata -12,4% y los otros envases aumentaron 584,8%.<\/p>\n\n\n\n<div style=\"height:30px\" aria-hidden=\"true\" class=\"wp-block-spacer\"><\/div>\n\n\n<div class=\"wp-block-image\">\n<figure class=\"aligncenter size-full is-resized\"><a href=\"https:\/\/enolife.com.ar\/es\/wp-content\/uploads\/2025\/09\/Imagen3-6.jpg\" data-rel=\"penci-gallery-image-content\" ><img loading=\"lazy\" decoding=\"async\" width=\"632\" height=\"598\" src=\"https:\/\/enolife.com.ar\/es\/wp-content\/uploads\/2025\/09\/Imagen3-6.jpg\" alt=\"\" class=\"wp-image-163843\" style=\"width:572px;height:auto\" srcset=\"https:\/\/enolife.com.ar\/es\/wp-content\/uploads\/2025\/09\/Imagen3-6.jpg 632w, https:\/\/enolife.com.ar\/es\/wp-content\/uploads\/2025\/09\/Imagen3-6-300x284.jpg 300w, https:\/\/enolife.com.ar\/es\/wp-content\/uploads\/2025\/09\/Imagen3-6-585x554.jpg 585w\" sizes=\"auto, (max-width: 632px) 100vw, 632px\" \/><\/a><\/figure><\/div>\n\n\n<div style=\"height:30px\" aria-hidden=\"true\" class=\"wp-block-spacer\"><\/div>\n\n\n<div class=\"wp-block-image\">\n<figure class=\"aligncenter size-full is-resized\"><a href=\"https:\/\/enolife.com.ar\/es\/wp-content\/uploads\/2025\/09\/Imagen3-7.jpg\" data-rel=\"penci-gallery-image-content\" ><img loading=\"lazy\" decoding=\"async\" width=\"608\" height=\"513\" src=\"https:\/\/enolife.com.ar\/es\/wp-content\/uploads\/2025\/09\/Imagen3-7.jpg\" alt=\"\" class=\"wp-image-163844\" style=\"width:710px;height:auto\" srcset=\"https:\/\/enolife.com.ar\/es\/wp-content\/uploads\/2025\/09\/Imagen3-7.jpg 608w, https:\/\/enolife.com.ar\/es\/wp-content\/uploads\/2025\/09\/Imagen3-7-300x253.jpg 300w, https:\/\/enolife.com.ar\/es\/wp-content\/uploads\/2025\/09\/Imagen3-7-585x494.jpg 585w\" sizes=\"auto, (max-width: 608px) 100vw, 608px\" \/><\/a><\/figure><\/div>\n\n\n<div style=\"height:35px\" aria-hidden=\"true\" class=\"wp-block-spacer\"><\/div>\n\n\n\n<p>El <strong>consumo per c\u00e1pita del mes de julio 2025<\/strong> arroja un valor de <strong>1,39 litros por habitante<\/strong> (poblaci\u00f3n total pa\u00eds), lo cual indica una <strong>disminuci\u00f3n de -13,8%<\/strong> respecto a igual mes del a\u00f1o anterior. El 87,2% del vino comercializado en julio 2025 en el mercado interno proviene de Mendoza y el 8,5% de San Juan. Siguen en importancia La Rioja (1,8%), Salta (1,7%), Neuqu\u00e9n (0,4%) y Rio Negro (0,1%). Tambi\u00e9n despacharon las provincias de C\u00f3rdoba, La Pampa, Chubut, Catamarca, Bs As, Tucum\u00e1n, Jujuy, Entre R\u00edos y San Luis.<\/p>\n\n\n\n<div style=\"height:30px\" aria-hidden=\"true\" class=\"wp-block-spacer\"><\/div>\n\n\n<div class=\"wp-block-image\">\n<figure class=\"aligncenter size-full is-resized\"><a href=\"https:\/\/enolife.com.ar\/es\/wp-content\/uploads\/2025\/09\/Imagen3-8.jpg\" data-rel=\"penci-gallery-image-content\" ><img loading=\"lazy\" decoding=\"async\" width=\"318\" height=\"292\" src=\"https:\/\/enolife.com.ar\/es\/wp-content\/uploads\/2025\/09\/Imagen3-8.jpg\" alt=\"\" class=\"wp-image-163846\" style=\"width:350px;height:auto\" srcset=\"https:\/\/enolife.com.ar\/es\/wp-content\/uploads\/2025\/09\/Imagen3-8.jpg 318w, https:\/\/enolife.com.ar\/es\/wp-content\/uploads\/2025\/09\/Imagen3-8-300x275.jpg 300w\" sizes=\"auto, (max-width: 318px) 100vw, 318px\" \/><\/a><\/figure><\/div>\n\n\n<div style=\"height:45px\" aria-hidden=\"true\" class=\"wp-block-spacer\"><\/div>\n\n\n\n<p class=\"has-text-align-center has-background has-medium-font-size\" style=\"background-color:#abb7c25c\"><strong>Acumulado enero &#8211; julio de 2025<\/strong><\/p>\n\n\n\n<p>La venta de vino acumulada <strong>enero-julio 2025<\/strong> alcanz\u00f3 <strong>4.069.214 hl<\/strong>, manifestando una disminuci\u00f3n de <strong>-0,8%<\/strong> respecto a igual per\u00edodo del a\u00f1o anterior. La participaci\u00f3n de los vinos sin menci\u00f3n varietal es del 63,9%, el 33% corresponde a varietales; 2,6% espumosos y 0,4% otros vinos (c\u00f3ctel de vino, gasificado y especial).<\/p>\n\n\n\n<p>Los vinos sin menci\u00f3n varietal en el interanual acumulado a julio est\u00e1n negativos (-5,6%), mientras que el resto de los tipos de vino mantienen su crecimiento positivo, varietales +9,2%, espumosos +5,1% y otros vinos +17%. En el volumen total acumulado, los vinos blancos caen -11,4% y los vinos color suben +3,3%.<\/p>\n\n\n\n<div style=\"height:30px\" aria-hidden=\"true\" class=\"wp-block-spacer\"><\/div>\n\n\n<div class=\"wp-block-image\">\n<figure class=\"aligncenter size-full is-resized\"><a href=\"https:\/\/enolife.com.ar\/es\/wp-content\/uploads\/2025\/09\/Imagen3-9.jpg\" data-rel=\"penci-gallery-image-content\" ><img loading=\"lazy\" decoding=\"async\" width=\"640\" height=\"512\" src=\"https:\/\/enolife.com.ar\/es\/wp-content\/uploads\/2025\/09\/Imagen3-9.jpg\" alt=\"\" class=\"wp-image-163848\" style=\"width:528px;height:auto\" srcset=\"https:\/\/enolife.com.ar\/es\/wp-content\/uploads\/2025\/09\/Imagen3-9.jpg 640w, https:\/\/enolife.com.ar\/es\/wp-content\/uploads\/2025\/09\/Imagen3-9-300x240.jpg 300w, https:\/\/enolife.com.ar\/es\/wp-content\/uploads\/2025\/09\/Imagen3-9-585x468.jpg 585w\" sizes=\"auto, (max-width: 640px) 100vw, 640px\" \/><\/a><\/figure><\/div>\n\n\n<div style=\"height:35px\" aria-hidden=\"true\" class=\"wp-block-spacer\"><\/div>\n\n\n\n<p>Respecto al tipo de envase, en el acumulado anual de ventas, se manifiesta aumento de botellas (+4,3%) con una participaci\u00f3n del 64,1% en los despachos y disminuci\u00f3n de tetra brik (-8,1%) que concentra el 32,9% del volumen. Disminuyeron los despachos en damajuana (-12,3%), bag in box (-50%), lata (-18,1%). Otros envases aumentaron +97,1%.<\/p>\n\n\n\n<div style=\"height:30px\" aria-hidden=\"true\" class=\"wp-block-spacer\"><\/div>\n\n\n<div class=\"wp-block-image\">\n<figure class=\"aligncenter size-full is-resized\"><a href=\"https:\/\/enolife.com.ar\/es\/wp-content\/uploads\/2025\/09\/Imagen3-10.jpg\" data-rel=\"penci-gallery-image-content\" ><img loading=\"lazy\" decoding=\"async\" width=\"634\" height=\"632\" src=\"https:\/\/enolife.com.ar\/es\/wp-content\/uploads\/2025\/09\/Imagen3-10.jpg\" alt=\"\" class=\"wp-image-163849\" style=\"width:554px;height:auto\" srcset=\"https:\/\/enolife.com.ar\/es\/wp-content\/uploads\/2025\/09\/Imagen3-10.jpg 634w, https:\/\/enolife.com.ar\/es\/wp-content\/uploads\/2025\/09\/Imagen3-10-300x300.jpg 300w, https:\/\/enolife.com.ar\/es\/wp-content\/uploads\/2025\/09\/Imagen3-10-150x150.jpg 150w, https:\/\/enolife.com.ar\/es\/wp-content\/uploads\/2025\/09\/Imagen3-10-585x583.jpg 585w\" sizes=\"auto, (max-width: 634px) 100vw, 634px\" \/><\/a><\/figure><\/div>\n\n\n<div style=\"height:35px\" aria-hidden=\"true\" class=\"wp-block-spacer\"><\/div>\n\n\n\n<p class=\"has-medium-font-size\"><strong>Mendoza<\/strong><\/p>\n\n\n\n<p>Los despachos de vino al mercado interno desde Mendoza en <strong>julio 2025 <\/strong>fueron de <strong>574.396 hl<\/strong>, lo que evidencia una disminuci\u00f3n de <strong>-8,7%<\/strong> respecto a igual mes del a\u00f1o anterior. El 66,7% de los vinos despachados desde Mendoza fue vino sin menci\u00f3n varietal, 29,2% vino varietal, 3,5% vino espumoso y 0,5% otros vinos. Los vinos color disminuyeron -10,1% y los blancos -2,9%. Respecto a julio 2024 se registra una disminuci\u00f3n de -9,3% en vinos varietales y de -9,4% en vinos sin menci\u00f3n varietal. El 68,7% de los vinos despachados por Mendoza en julio 2025 corresponde a botellas, el 28,6% tetra brik; 2,4% damajuana; 0,2% latas; 0,08 bag in box y 0,15% otros envases.<\/p>\n\n\n\n<div style=\"height:30px\" aria-hidden=\"true\" class=\"wp-block-spacer\"><\/div>\n\n\n<div class=\"wp-block-image\">\n<figure class=\"aligncenter size-full is-resized\"><a href=\"https:\/\/enolife.com.ar\/es\/wp-content\/uploads\/2025\/09\/Imagen3-11.jpg\" data-rel=\"penci-gallery-image-content\" ><img loading=\"lazy\" decoding=\"async\" width=\"648\" height=\"569\" src=\"https:\/\/enolife.com.ar\/es\/wp-content\/uploads\/2025\/09\/Imagen3-11.jpg\" alt=\"\" class=\"wp-image-163850\" style=\"width:676px;height:auto\" srcset=\"https:\/\/enolife.com.ar\/es\/wp-content\/uploads\/2025\/09\/Imagen3-11.jpg 648w, https:\/\/enolife.com.ar\/es\/wp-content\/uploads\/2025\/09\/Imagen3-11-300x263.jpg 300w, https:\/\/enolife.com.ar\/es\/wp-content\/uploads\/2025\/09\/Imagen3-11-585x514.jpg 585w\" sizes=\"auto, (max-width: 648px) 100vw, 648px\" \/><\/a><\/figure><\/div>\n\n\n<div style=\"height:35px\" aria-hidden=\"true\" class=\"wp-block-spacer\"><\/div>\n\n\n\n<p>El volumen despachado por Mendoza al mercado interno <strong>acumulado enero-julio<\/strong> manifiesta un incremento de <strong>+0,5% <\/strong>respecto a igual per\u00edodo del a\u00f1o anterior. Se observa un aumento de +10,7% en las ventas de vinos varietales, tanto color (+9,4%) como blanco (+18,7%). Los vinos sin menci\u00f3n varietal disminuyeron -4,5%, especialmente los blancos (-21,7%), mientras que los vinos sin menci\u00f3n varietal color aumentaron +2,9%.<\/p>\n\n\n\n<div style=\"height:35px\" aria-hidden=\"true\" class=\"wp-block-spacer\"><\/div>\n\n\n\n<p class=\"has-medium-font-size\"><strong>San Juan<\/strong><\/p>\n\n\n\n<p>El total de vino comercializado en el mercado interno por San Juan en julio 2025 asciende a <strong>55.746 hl<\/strong>, lo que indica una <strong>disminuci\u00f3n del -41,3% <\/strong>respecto al mismo mes del a\u00f1o anterior. El 75% del volumen enviado a mercado interno por San Juan corresponde a vinos sin menci\u00f3n varietal, disminuyendo -45,3% respecto al mismo mes del a\u00f1o anterior. El vino varietal, tuvo una participaci\u00f3n del 24,6% en el total de despachos con una baja del -23,6%. En el volumen total despachado en julio 2025 se registra disminuci\u00f3n en vinos blancos (-25,7%) y vinos color (-46,4%) respecto al mismo mes del a\u00f1o anterior. El 74,4% de las ventas se despach\u00f3 en envase tetra-brik; 23,2% en botella y 2,4% en damajuana.<\/p>\n\n\n\n<div style=\"height:30px\" aria-hidden=\"true\" class=\"wp-block-spacer\"><\/div>\n\n\n<div class=\"wp-block-image\">\n<figure class=\"aligncenter size-full is-resized\"><a href=\"https:\/\/enolife.com.ar\/es\/wp-content\/uploads\/2025\/09\/Imagen3-12.jpg\" data-rel=\"penci-gallery-image-content\" ><img loading=\"lazy\" decoding=\"async\" width=\"641\" height=\"577\" src=\"https:\/\/enolife.com.ar\/es\/wp-content\/uploads\/2025\/09\/Imagen3-12.jpg\" alt=\"\" class=\"wp-image-163851\" style=\"width:656px;height:auto\" srcset=\"https:\/\/enolife.com.ar\/es\/wp-content\/uploads\/2025\/09\/Imagen3-12.jpg 641w, https:\/\/enolife.com.ar\/es\/wp-content\/uploads\/2025\/09\/Imagen3-12-300x270.jpg 300w, https:\/\/enolife.com.ar\/es\/wp-content\/uploads\/2025\/09\/Imagen3-12-585x527.jpg 585w\" sizes=\"auto, (max-width: 641px) 100vw, 641px\" \/><\/a><\/figure><\/div>\n\n\n<div style=\"height:35px\" aria-hidden=\"true\" class=\"wp-block-spacer\"><\/div>\n\n\n\n<p>El volumen comercializado en el per\u00edodo <strong>enero-julio de 2025<\/strong> por San Juan <strong>disminuy\u00f3 -5,2% <\/strong>respecto a igual per\u00edodo del a\u00f1o anterior. Se observa una disminuci\u00f3n en vinos sin menci\u00f3n varietal (-6,6%), especialmente en los vinos color (-13,1%), mientras que los sin menci\u00f3n varietal blancos aumentaron (+6,4%). Los vinos varietales aumentaron 1,0%, con disminuci\u00f3n en los varietales blancos (-19%) y aumento en varietales color (+4,9%).<\/p>\n\n\n\n<div style=\"height:35px\" aria-hidden=\"true\" class=\"wp-block-spacer\"><\/div>\n\n\n\n<p class=\"has-medium-font-size\"><strong>La Rioja<\/strong><\/p>\n\n\n\n<p>Las ventas en el mercado interno desde La Rioja <strong>en julio 2025<\/strong> totalizaron <strong>11.916 hl<\/strong>, registrando un aumento de <strong>+10,8%<\/strong> respecto al mismo mes del a\u00f1o anterior. Esta provincia acumula una disminuci\u00f3n de -17,4% en lo que va del a\u00f1o respecto a igual per\u00edodo del a\u00f1o anterior. En julio 2025, La Rioja despach\u00f3 un 75,4% de vino sin menci\u00f3n varietal y 24,6% de vino varietal. El 82,8% de lo comercializado se despach\u00f3 en tetra-brik; el 16% en botella y 1,2% en damajuana<\/p>\n\n\n\n<div style=\"height:30px\" aria-hidden=\"true\" class=\"wp-block-spacer\"><\/div>\n\n\n<div class=\"wp-block-image\">\n<figure class=\"aligncenter size-full is-resized\"><a href=\"https:\/\/enolife.com.ar\/es\/wp-content\/uploads\/2025\/09\/Imagen3-13.jpg\" data-rel=\"penci-gallery-image-content\" ><img loading=\"lazy\" decoding=\"async\" width=\"637\" height=\"241\" src=\"https:\/\/enolife.com.ar\/es\/wp-content\/uploads\/2025\/09\/Imagen3-13.jpg\" alt=\"\" class=\"wp-image-163852\" style=\"width:668px;height:auto\" srcset=\"https:\/\/enolife.com.ar\/es\/wp-content\/uploads\/2025\/09\/Imagen3-13.jpg 637w, https:\/\/enolife.com.ar\/es\/wp-content\/uploads\/2025\/09\/Imagen3-13-300x114.jpg 300w, https:\/\/enolife.com.ar\/es\/wp-content\/uploads\/2025\/09\/Imagen3-13-585x221.jpg 585w\" sizes=\"auto, (max-width: 637px) 100vw, 637px\" \/><\/a><\/figure><\/div>\n\n\n<div style=\"height:35px\" aria-hidden=\"true\" class=\"wp-block-spacer\"><\/div>\n\n\n\n<p class=\"has-medium-font-size\"><strong>Salta<\/strong><\/p>\n\n\n\n<p>Los despachos al mercado interno desde Salta en <strong>julio 2025<\/strong> fueron de <strong>11.245 hl<\/strong>, registrando una disminuci\u00f3n de<strong> -25,2% <\/strong>respecto al mismo mes del a\u00f1o anterior. Esta provincia acumula una disminuci\u00f3n de -7,1% en lo que va del a\u00f1o respecto a igual per\u00edodo del a\u00f1o anterior. En julio 2025 Salta despach\u00f3 el 78,3% del volumen como vino varietal, 21,7% vino sin menci\u00f3n varietal y 0,1% espumoso. El 78,9% de los despachos son en botella; 15,7% en damajuana; 5,3% en tetra-brik y 0,1% otros envases.<\/p>\n\n\n\n<div style=\"height:30px\" aria-hidden=\"true\" class=\"wp-block-spacer\"><\/div>\n\n\n<div class=\"wp-block-image\">\n<figure class=\"aligncenter size-full is-resized\"><a href=\"https:\/\/enolife.com.ar\/es\/wp-content\/uploads\/2025\/09\/Imagen3-14.jpg\" data-rel=\"penci-gallery-image-content\" ><img loading=\"lazy\" decoding=\"async\" width=\"640\" height=\"263\" src=\"https:\/\/enolife.com.ar\/es\/wp-content\/uploads\/2025\/09\/Imagen3-14.jpg\" alt=\"\" class=\"wp-image-163853\" style=\"width:659px;height:auto\" srcset=\"https:\/\/enolife.com.ar\/es\/wp-content\/uploads\/2025\/09\/Imagen3-14.jpg 640w, https:\/\/enolife.com.ar\/es\/wp-content\/uploads\/2025\/09\/Imagen3-14-300x123.jpg 300w, https:\/\/enolife.com.ar\/es\/wp-content\/uploads\/2025\/09\/Imagen3-14-585x240.jpg 585w\" sizes=\"auto, (max-width: 640px) 100vw, 640px\" \/><\/a><\/figure><\/div>\n\n\n<div style=\"height:35px\" aria-hidden=\"true\" class=\"wp-block-spacer\"><\/div>\n\n\n\n<p class=\"has-medium-font-size\"><strong>Neuqu\u00e9n<\/strong><\/p>\n\n\n\n<p>Los despachos al mercado interno desde Neuqu\u00e9n en julio 2025 fueron de <strong>2.861 hl<\/strong>, un<strong> -27,5% <\/strong>menores a las ocurridas en igual mes del a\u00f1o anterior. Esta provincia acumula una disminuci\u00f3n del -18,4% en lo que va del a\u00f1o respecto a igual per\u00edodo del a\u00f1o anterior. El 79,2% del volumen despachado en julio 2025 fue varietal; 20,8% sin menci\u00f3n varietal y 0,04% espumoso. El 100% del volumen se despach\u00f3 en botellas.<\/p>\n\n\n\n<div style=\"height:35px\" aria-hidden=\"true\" class=\"wp-block-spacer\"><\/div>\n\n\n\n<p class=\"has-medium-font-size\"><strong>R\u00edo Negro<\/strong><\/p>\n\n\n\n<p>En julio 2025, R\u00edo Negro registr\u00f3 un volumen de despachos al mercado interno de <strong>948 hl,<\/strong> un <strong>-9,1% <\/strong>menor a lo despachado en igual mes del a\u00f1o anterior. Esta provincia ha disminuido sus ventas en lo que va del a\u00f1o un -4,9%. El 60,8% del volumen despachado en julio 2025 fue vino varietal, el 39% vino sin menci\u00f3n varietal y el 0,2% vino espumoso. Las ventas en botellas representaron el 75,2% del total y las damajuanas el 24,8.<\/p>\n\n\n\n<div style=\"height:35px\" aria-hidden=\"true\" class=\"wp-block-spacer\"><\/div>\n\n\n\n<p class=\"has-medium-font-size\"><strong>C\u00f3rdoba<\/strong><\/p>\n\n\n\n<p>Las ventas en el mercado interno en julio 2025 fueron de <strong>477 hl<\/strong>, lo que indica una disminuci\u00f3n de <strong>-43,3% <\/strong>con respecto al mismo mes del a\u00f1o anterior. Esta provincia acumula un aumento de +31,4% en lo que va del a\u00f1o respecto a igual per\u00edodo del a\u00f1o anterior. El vino sin menci\u00f3n varietal en julio 2025 particip\u00f3 con el 85,9% de las ventas, el vino varietal con el 13,2% y vino espumoso 0,8%. El 99,5% de lo despachado fue en botellas y 0,5% en bag in box.<\/p>\n\n\n\n<div style=\"height:35px\" aria-hidden=\"true\" class=\"wp-block-spacer\"><\/div>\n\n\n\n<p class=\"has-medium-font-size\"><strong>Catamarca<\/strong><\/p>\n\n\n\n<p>El volumen comercializado en el mercado interno en<strong> julio 2025<\/strong> fue de <strong>115 hl<\/strong> lo que represent\u00f3 una disminuci\u00f3n de<strong> -55,2%<\/strong> respecto al mismo mes del a\u00f1o anterior. Esta provincia acumula un aumento de +33,8% en lo que va del a\u00f1o respecto a igual per\u00edodo del a\u00f1o anterior. Respecto al tipo de vino despachado en julio 2025, registra un 85,3% de vino varietal; 14,4% sin menci\u00f3n varietal y 0,3% de vino especial. El 100% de lo comercializado corresponde a botella.<\/p>\n\n\n\n<div style=\"height:35px\" aria-hidden=\"true\" class=\"wp-block-spacer\"><\/div>\n\n\n\n<p class=\"has-medium-font-size\"><strong>Otras provincias<\/strong><\/p>\n\n\n\n<p>Las provincias de Buenos Aires, La Pampa, Tucum\u00e1n, Entre R\u00edos, Jujuy, Chubut y San Luis despacharon en <strong>julio 2025<\/strong> un total de <strong>972 hl<\/strong> en el mercado interno, un <strong>-47,3% <\/strong>menos que en el mismo mes del a\u00f1o anterior. Estas provincias acumulan una disminuci\u00f3n del -24,7% en lo que va del a\u00f1o respecto a igual per\u00edodo del a\u00f1o anterior. El 69,5% del volumen despachado por estas provincias en julio 2025 fue vino sin menci\u00f3n varietal; 30% fue vino varietal y 0,4% vino espumoso. El 71,3% se despach\u00f3 en botella y 28,7% en damajuana.<\/p>\n\n\n\n<div style=\"height:35px\" aria-hidden=\"true\" class=\"wp-block-spacer\"><\/div>\n\n\n\n<p><\/p>\n","protected":false},"excerpt":{"rendered":"<p>Seg\u00fan el \u00faltimo informe del Instituto Nacional de Vitivinicultura (INV), la venta de vino acumulada&hellip;<\/p>\n","protected":false},"author":2,"featured_media":163869,"comment_status":"closed","ping_status":"open","sticky":false,"template":"","format":"standard","meta":{"footnotes":""},"categories":[9],"tags":[],"class_list":["post-163813","post","type-post","status-publish","format-standard","has-post-thumbnail","hentry","category-negocios"],"_links":{"self":[{"href":"https:\/\/enolife.com.ar\/es\/wp-json\/wp\/v2\/posts\/163813","targetHints":{"allow":["GET"]}}],"collection":[{"href":"https:\/\/enolife.com.ar\/es\/wp-json\/wp\/v2\/posts"}],"about":[{"href":"https:\/\/enolife.com.ar\/es\/wp-json\/wp\/v2\/types\/post"}],"author":[{"embeddable":true,"href":"https:\/\/enolife.com.ar\/es\/wp-json\/wp\/v2\/users\/2"}],"replies":[{"embeddable":true,"href":"https:\/\/enolife.com.ar\/es\/wp-json\/wp\/v2\/comments?post=163813"}],"version-history":[{"count":0,"href":"https:\/\/enolife.com.ar\/es\/wp-json\/wp\/v2\/posts\/163813\/revisions"}],"wp:featuredmedia":[{"embeddable":true,"href":"https:\/\/enolife.com.ar\/es\/wp-json\/wp\/v2\/media\/163869"}],"wp:attachment":[{"href":"https:\/\/enolife.com.ar\/es\/wp-json\/wp\/v2\/media?parent=163813"}],"wp:term":[{"taxonomy":"category","embeddable":true,"href":"https:\/\/enolife.com.ar\/es\/wp-json\/wp\/v2\/categories?post=163813"},{"taxonomy":"post_tag","embeddable":true,"href":"https:\/\/enolife.com.ar\/es\/wp-json\/wp\/v2\/tags?post=163813"}],"curies":[{"name":"wp","href":"https:\/\/api.w.org\/{rel}","templated":true}]}}