{"id":163661,"date":"2025-09-09T17:48:19","date_gmt":"2025-09-09T17:48:19","guid":{"rendered":"https:\/\/enolife.com.ar\/es\/?p=163661"},"modified":"2025-09-11T13:25:39","modified_gmt":"2025-09-11T13:25:39","slug":"la-justicia-mendocina-suspendio-los-pases-a-disponibilidad-en-el-instituto-nacional-de-vitivinicultura","status":"publish","type":"post","link":"https:\/\/enolife.com.ar\/es\/la-justicia-mendocina-suspendio-los-pases-a-disponibilidad-en-el-instituto-nacional-de-vitivinicultura\/","title":{"rendered":"La Justicia mendocina suspendi\u00f3 los pases a disponibilidad en el Instituto Nacional de Vitivinicultura"},"content":{"rendered":"\n<h4 class=\"wp-block-heading\"><em><strong>El Juzgado Federal N\u00b0 2 de Mendoza suspendi\u00f3 la Resoluci\u00f3n N\u00b0 1240\/25 del Ministerio de Econom\u00eda, que pasaba a disponibilidad a 49 trabajadores del Instituto Nacional de Vitivinicultura, ordenando al gobierno nacional a que se abstenga de ejecutar cualquier acto administrativo que derive de la norma suspendida incluyendo reubicaciones, traslados, cesant\u00edas, suspensiones, pases a disponibilidad de personal o supresi\u00f3n de estructuras, vinculadas a la entidad.<\/strong><\/em><\/h4>\n\n\n\n<div style=\"height:35px\" aria-hidden=\"true\" class=\"wp-block-spacer\"><\/div>\n\n\n<a href=\"https:\/\/www.facebook.com\/SindicatoContratitas\/\" aria-label=\"banner contratistas 1700&#215;500\"><img loading=\"lazy\" decoding=\"async\" src=\"https:\/\/enolife.com.ar\/es\/wp-content\/uploads\/2020\/08\/banner-contratistas-1700x500-1.jpg\" alt=\"\"  srcset=\"https:\/\/enolife.com.ar\/es\/wp-content\/uploads\/2020\/08\/banner-contratistas-1700x500-1.jpg 1700w, https:\/\/enolife.com.ar\/es\/wp-content\/uploads\/2020\/08\/banner-contratistas-1700x500-1-300x88.jpg 300w, https:\/\/enolife.com.ar\/es\/wp-content\/uploads\/2020\/08\/banner-contratistas-1700x500-1-1024x301.jpg 1024w, https:\/\/enolife.com.ar\/es\/wp-content\/uploads\/2020\/08\/banner-contratistas-1700x500-1-768x226.jpg 768w, https:\/\/enolife.com.ar\/es\/wp-content\/uploads\/2020\/08\/banner-contratistas-1700x500-1-1536x452.jpg 1536w, https:\/\/enolife.com.ar\/es\/wp-content\/uploads\/2020\/08\/banner-contratistas-1700x500-1-1170x344.jpg 1170w, https:\/\/enolife.com.ar\/es\/wp-content\/uploads\/2020\/08\/banner-contratistas-1700x500-1-585x172.jpg 585w\" sizes=\"auto, (max-width: 1700px) 100vw, 1700px\" width=\"1700\" height=\"500\"   \/><\/a>\n\n\n<div style=\"height:45px\" aria-hidden=\"true\" class=\"wp-block-spacer\"><\/div>\n\n\n\n<p>El Juzgado Federal N\u00b0 2 de Mendoza suspendi\u00f3 la<strong> <a href=\"https:\/\/www.boletinoficial.gob.ar\/detalleAviso\/primera\/330227\/20250822\">Resoluci\u00f3n N\u00b0 1240\/25<\/a> <\/strong>del Ministerio de Econom\u00eda, ordenando al Gobierno nacional a que se abstenga de ejecutar cualquier acto administrativo que derive de la norma suspendida incluyendo reubicaciones, traslados, cesant\u00edas, suspensiones, pases a disponibilidad de personal o supresi\u00f3n de estructuras.<\/p>\n\n\n\n<div style=\"height:35px\" aria-hidden=\"true\" class=\"wp-block-spacer\"><\/div>\n\n\n\n<p class=\"has-background\" style=\"background-color:#f78da866\"><strong>Te puede interesar la nota de Enolife del 5\/9\/25: <a href=\"https:\/\/enolife.com.ar\/es\/el-gobierno-devolvio-funciones-y-autarquia-al-inv-pero-los-49-cesanteados-siguen-en-el-limbo\/\">\u00abEl gobierno devolvi\u00f3 funciones y autarqu\u00eda al INV, pero los 49 cesanteados siguen en el limbo\u00bb<\/a><\/strong><\/p>\n\n\n\n<div style=\"height:35px\" aria-hidden=\"true\" class=\"wp-block-spacer\"><\/div>\n\n\n\n<p>La\u00a0Asociaci\u00f3n Trabajadores del Estado (ATE)\u00a0se anot\u00f3 un nuevo y contundente triunfo judicial contra el Gobierno.\u00a0La noticia fue comunicada por el <strong>secretario General de ATE Nacional<\/strong>,\u00a0<strong>Rodolfo Aguiar<\/strong>, quien no dud\u00f3 en dirigir un mensaje directo al presidente. <em>\u00abJavier Milei, me parece que en la Justicia te estamos ganando por goleada, \u00a1siguen en picada!\u00bb<\/em>, lanz\u00f3 en su red social X.<\/p>\n\n\n<div class=\"wp-block-image\">\n<figure class=\"aligncenter size-full is-resized\"><a href=\"https:\/\/enolife.com.ar\/es\/wp-content\/uploads\/2025\/09\/Imagen2-4.jpg\" data-rel=\"penci-gallery-image-content\" ><img loading=\"lazy\" decoding=\"async\" width=\"576\" height=\"720\" src=\"https:\/\/enolife.com.ar\/es\/wp-content\/uploads\/2025\/09\/Imagen2-4.jpg\" alt=\"\" class=\"wp-image-163663\" style=\"width:564px;height:auto\" srcset=\"https:\/\/enolife.com.ar\/es\/wp-content\/uploads\/2025\/09\/Imagen2-4.jpg 576w, https:\/\/enolife.com.ar\/es\/wp-content\/uploads\/2025\/09\/Imagen2-4-240x300.jpg 240w\" sizes=\"auto, (max-width: 576px) 100vw, 576px\" \/><\/a><\/figure><\/div>\n\n\n<p>Aguiar tambi\u00e9n apunt\u00f3 contra el ministro de Econom\u00eda,\u00a0<strong>Luis Caputo: <\/strong><em>\u00abNo te sirvi\u00f3 de nada hacerte el p\u00edcaro despu\u00e9s de que el Congreso rechazara los decretos de desregulaci\u00f3n e insistir con los pases a disponibilidad. Aunque ya te van a notificar, te lo adelanto yo: \u00a1Quedaron sin efecto!\u00bb.<\/em><\/p>\n\n\n\n<p>En referencia a los DNU que el Gobierno emiti\u00f3 para modificar la estructura del organismo, <strong>el juez Pablo Quir\u00f3s <\/strong>se\u00f1al\u00f3: <em>\u201cCabe aclarar que al haber quedado sin efecto dos de las tres normas atacadas por la actora, se torna abstracto el an\u00e1lisis de constitucionalidad o convencionalidad pretendido, respecto de los decretos 462\/2025 y 585\/2025\u201d.<\/em><\/p>\n\n\n\n<p><\/p>\n","protected":false},"excerpt":{"rendered":"<p>El Juzgado Federal N\u00b0 2 de Mendoza suspendi\u00f3 la Resoluci\u00f3n N\u00b0 1240\/25 del Ministerio de&hellip;<\/p>\n","protected":false},"author":2,"featured_media":163667,"comment_status":"closed","ping_status":"open","sticky":false,"template":"","format":"standard","meta":{"footnotes":""},"categories":[14],"tags":[],"class_list":["post-163661","post","type-post","status-publish","format-standard","has-post-thumbnail","hentry","category-news"],"_links":{"self":[{"href":"https:\/\/enolife.com.ar\/es\/wp-json\/wp\/v2\/posts\/163661","targetHints":{"allow":["GET"]}}],"collection":[{"href":"https:\/\/enolife.com.ar\/es\/wp-json\/wp\/v2\/posts"}],"about":[{"href":"https:\/\/enolife.com.ar\/es\/wp-json\/wp\/v2\/types\/post"}],"author":[{"embeddable":true,"href":"https:\/\/enolife.com.ar\/es\/wp-json\/wp\/v2\/users\/2"}],"replies":[{"embeddable":true,"href":"https:\/\/enolife.com.ar\/es\/wp-json\/wp\/v2\/comments?post=163661"}],"version-history":[{"count":0,"href":"https:\/\/enolife.com.ar\/es\/wp-json\/wp\/v2\/posts\/163661\/revisions"}],"wp:featuredmedia":[{"embeddable":true,"href":"https:\/\/enolife.com.ar\/es\/wp-json\/wp\/v2\/media\/163667"}],"wp:attachment":[{"href":"https:\/\/enolife.com.ar\/es\/wp-json\/wp\/v2\/media?parent=163661"}],"wp:term":[{"taxonomy":"category","embeddable":true,"href":"https:\/\/enolife.com.ar\/es\/wp-json\/wp\/v2\/categories?post=163661"},{"taxonomy":"post_tag","embeddable":true,"href":"https:\/\/enolife.com.ar\/es\/wp-json\/wp\/v2\/tags?post=163661"}],"curies":[{"name":"wp","href":"https:\/\/api.w.org\/{rel}","templated":true}]}}