{"id":163650,"date":"2025-09-09T21:48:53","date_gmt":"2025-09-09T21:48:53","guid":{"rendered":"https:\/\/enolife.com.ar\/es\/?p=163650"},"modified":"2025-09-10T22:57:00","modified_gmt":"2025-09-10T22:57:00","slug":"hasta-el-12-9-vinateros-mendocinos-pueden-adherir-al-fondo-que-cubre-danos-de-granizo-y-heladas","status":"publish","type":"post","link":"https:\/\/enolife.com.ar\/es\/hasta-el-12-9-vinateros-mendocinos-pueden-adherir-al-fondo-que-cubre-danos-de-granizo-y-heladas\/","title":{"rendered":"Hasta el 12\/9 vi\u00f1ateros mendocinos pueden adherir al Fondo que cubre da\u00f1os de granizo y heladas"},"content":{"rendered":"\n<h4 class=\"wp-block-heading\"><em><strong>El Ministerio de Producci\u00f3n de Mendoza ampli\u00f3 hasta el 12 de setiembre de 2025 la fecha l\u00edmite para que los agricultores que posean hasta 30 hect\u00e1reas en esta provincia puedan registrarse y pagar el canon correspondiente, para as\u00ed acceder a los beneficios de la cobertura econ\u00f3mica -en algunos casos de hasta $2.000.000 por ha- ante da\u00f1os por granizo o heladas tard\u00edas en sus cultivos.<\/strong><\/em><strong><em> <\/em><\/strong><\/h4>\n\n\n\n<div style=\"height:35px\" aria-hidden=\"true\" class=\"wp-block-spacer\"><\/div>\n\n\n<a href=\"https:\/\/www.linkedin.com\/company\/agrinet-sa\/?originalSubdomain=ar\" aria-label=\"1700X500\"><img loading=\"lazy\" decoding=\"async\" src=\"https:\/\/enolife.com.ar\/es\/wp-content\/uploads\/2021\/11\/1700X500.gif\" alt=\"\"  width=\"1700\" height=\"500\"   \/><\/a>\n\n\n<div style=\"height:45px\" aria-hidden=\"true\" class=\"wp-block-spacer\"><\/div>\n\n\n\n<p>El <strong>Ministerio de Producci\u00f3n<\/strong>, a trav\u00e9s de la Direcci\u00f3n de Contingencias Clim\u00e1ticas, \u00f3rgano dependiente de la <strong>Subsecretar\u00eda de Agricultura y Ganader\u00eda<\/strong>, inform\u00f3 que los productores de hasta 30 hect\u00e1reas de toda la provincia tienen tiempo hasta el viernes 12\/9\/25 para adherirse al <strong>Fondo Compensador Agr\u00edcola (FCA)<\/strong><\/p>\n\n\n\n<p>Los productores que accedan a uno de los tres tipos de coberturas disponibles, podr\u00e1n recibir resarcimientos de hasta <strong>$2.000.000 por hect\u00e1rea da\u00f1ada al 100%<\/strong> producto de la ca\u00edda de <strong>granizo<\/strong> o de <strong>heladas tard\u00edas.<\/strong><\/p>\n\n\n\n<p>Para quedar adheridos al sistema compensatorio <strong>deber\u00e1n pagar la primera cuota o bien, realizar el pago anual<\/strong>, hasta el 12 de setiembre. Las boletas podr\u00e1n descargarse de la web de Contingencias.<\/p>\n\n\n\n<p>All\u00ed, deber\u00e1n colocar su n\u00famero de CUIT y as\u00ed obtendr\u00e1n la boleta del programa que deseen. Para pagarlas deber\u00e1n dirigirse al Banco Naci\u00f3n, la Bolsa de Comercio o Rapipago.<\/p>\n\n\n\n<div style=\"height:45px\" aria-hidden=\"true\" class=\"wp-block-spacer\"><\/div>\n\n\n\n<p class=\"has-medium-font-size\"><strong>Coberturas disponibles<\/strong><\/p>\n\n\n\n<p>Los aportes para cada programa est\u00e1n divididos en 4 cuotas o en un pago anual. Las cuotas, as\u00ed como el valor de las compensaciones que recibir\u00e1n los productores adheridos, se actualizar\u00e1n por el \u00cdndice de Precios al Consumidor (IPC).<\/p>\n\n\n\n<ul class=\"wp-block-list\">\n<li>Espec\u00edfica (granizo): compensaci\u00f3n de $2.000.000 por hect\u00e1rea con da\u00f1o total.<\/li>\n\n\n\n<li>Inicial (granizo y heladas): compensaci\u00f3n de $800.000 por hect\u00e1rea con da\u00f1o total.<\/li>\n\n\n\n<li>Integral (granizo y heladas): compensaci\u00f3n de $2.000.000 por hect\u00e1rea con da\u00f1o total.<\/li>\n\n\n\n<li>Para productores hort\u00edcolas: compensaci\u00f3n de $160.000 por hect\u00e1rea en cualquiera de las coberturas.<\/li>\n<\/ul>\n\n\n\n<p>Las compensaciones se pagan cuando el da\u00f1o ponderado supera el 50 %.<\/p>\n\n\n\n<div style=\"height:45px\" aria-hidden=\"true\" class=\"wp-block-spacer\"><\/div>\n\n\n\n<p class=\"has-medium-font-size\"><strong>Plazos para realizar las denuncias por siniestros<\/strong><\/p>\n\n\n\n<p>Es importante que se realicen las denuncias correspondientes en los plazos establecidos por la Ley 9.083 de Emergencia Agropecuaria, a fin de poder acceder a las compensaciones del FCA.<\/p>\n\n\n\n<ul class=\"wp-block-list\">\n<li>Heladas: la denuncia se puede realizar despu\u00e9s de que hayan transcurrido 20 d\u00edas desde la fecha del siniestro. El per\u00edodo para presentar la denuncia se extiende por diez d\u00edas h\u00e1biles.<\/li>\n\n\n\n<li>Granizo: la denuncia se puede realizar a partir del d\u00eda siguiente a la fecha del siniestro. El per\u00edodo para presentar la denuncia se extiende por diez d\u00edas h\u00e1biles.<\/li>\n<\/ul>\n\n\n\n<div style=\"height:20px\" aria-hidden=\"true\" class=\"wp-block-spacer\"><\/div>\n\n\n\n<p class=\"has-background\" style=\"background-color:#abb7c252\"><strong>Consultas: a trav\u00e9s de mail&nbsp;<a href=\"mailto:contingenciasmza@gmail.com\">contingenciasmza@gmail.com<\/a>&nbsp;o a los tel\u00e9fonos 261-3854264, 261-3854266 y 261-3854270. &#8211; Descarg\u00e1 los boletos de pago&nbsp;<a href=\"https:\/\/informacionoficial.mendoza.gob.ar\/produccion\/direccion-de-contingencias-climaticas\/\">en este link<\/a><\/strong><\/p>\n\n\n\n<div style=\"height:35px\" aria-hidden=\"true\" class=\"wp-block-spacer\"><\/div>\n","protected":false},"excerpt":{"rendered":"<p>El Ministerio de Producci\u00f3n de Mendoza ampli\u00f3 hasta el 12 de setiembre de 2025 la&hellip;<\/p>\n","protected":false},"author":2,"featured_media":163652,"comment_status":"closed","ping_status":"open","sticky":false,"template":"","format":"standard","meta":{"footnotes":""},"categories":[47],"tags":[],"class_list":["post-163650","post","type-post","status-publish","format-standard","has-post-thumbnail","hentry","category-agenda"],"_links":{"self":[{"href":"https:\/\/enolife.com.ar\/es\/wp-json\/wp\/v2\/posts\/163650","targetHints":{"allow":["GET"]}}],"collection":[{"href":"https:\/\/enolife.com.ar\/es\/wp-json\/wp\/v2\/posts"}],"about":[{"href":"https:\/\/enolife.com.ar\/es\/wp-json\/wp\/v2\/types\/post"}],"author":[{"embeddable":true,"href":"https:\/\/enolife.com.ar\/es\/wp-json\/wp\/v2\/users\/2"}],"replies":[{"embeddable":true,"href":"https:\/\/enolife.com.ar\/es\/wp-json\/wp\/v2\/comments?post=163650"}],"version-history":[{"count":0,"href":"https:\/\/enolife.com.ar\/es\/wp-json\/wp\/v2\/posts\/163650\/revisions"}],"wp:featuredmedia":[{"embeddable":true,"href":"https:\/\/enolife.com.ar\/es\/wp-json\/wp\/v2\/media\/163652"}],"wp:attachment":[{"href":"https:\/\/enolife.com.ar\/es\/wp-json\/wp\/v2\/media?parent=163650"}],"wp:term":[{"taxonomy":"category","embeddable":true,"href":"https:\/\/enolife.com.ar\/es\/wp-json\/wp\/v2\/categories?post=163650"},{"taxonomy":"post_tag","embeddable":true,"href":"https:\/\/enolife.com.ar\/es\/wp-json\/wp\/v2\/tags?post=163650"}],"curies":[{"name":"wp","href":"https:\/\/api.w.org\/{rel}","templated":true}]}}