{"id":163560,"date":"2025-09-10T22:57:14","date_gmt":"2025-09-10T22:57:14","guid":{"rendered":"https:\/\/enolife.com.ar\/es\/?p=163560"},"modified":"2025-09-11T14:39:33","modified_gmt":"2025-09-11T14:39:33","slug":"el-gobierno-de-mendoza-y-el-cfi-ofrecen-creditos-y-capacitaciones-para-tecnologia-de-riego","status":"publish","type":"post","link":"https:\/\/enolife.com.ar\/es\/el-gobierno-de-mendoza-y-el-cfi-ofrecen-creditos-y-capacitaciones-para-tecnologia-de-riego\/","title":{"rendered":"El gobierno de Mendoza y el CFI ofrecen cr\u00e9ditos y capacitaciones para tecnolog\u00eda de riego"},"content":{"rendered":"\n<h4 class=\"wp-block-heading\"><em><strong>La iniciativa \u00abPrograma de Apoyo para la Tecnificaci\u00f3n del Riego Intra-finca y el Fortalecimiento de las Capacidades T\u00e9cnicas de los Productores\u00bb, lanzada recientemente en conjunto por el Estado mendocino y el Consejo Federal de Inversiones (CFI) combina capacitaciones, asistencia t\u00e9cnica personalizada y l\u00edneas de financiamiento con condiciones preferenciales, orientadas a la incorporaci\u00f3n de tecnolog\u00edas innovadoras de riego: goteo, aspersi\u00f3n, p\u00edvot, perforaciones y energ\u00edas renovables aplicadas al riego.<\/strong><\/em><\/h4>\n\n\n\n<div style=\"height:35px\" aria-hidden=\"true\" class=\"wp-block-spacer\"><\/div>\n\n\n<a href=\"https:\/\/www.irrigacion.gov.ar\/web\/\" aria-label=\"irrigaci\u00f3n-1700X500\"><img loading=\"lazy\" decoding=\"async\" src=\"https:\/\/enolife.com.ar\/es\/wp-content\/uploads\/2021\/02\/irrigacion-1700X500.gif\" alt=\"\"  width=\"1700\" height=\"500\"   \/><\/a>\n\n\n<div style=\"height:45px\" aria-hidden=\"true\" class=\"wp-block-spacer\"><\/div>\n\n\n\n<p>Funcionarios del gobierno de Mendoza, encabezados por el gobernador Alfredo Cornejo, junto a directivos del Consejo Federal de Inversiones (CFI) del gobierno nacional, anunciaron un programa que combina financiamiento y asistencia t\u00e9cnica para optimizar el riego y fortalecer a productores y pymes, con el objetivo declarado de <em>\u00abimpulsar un modelo productivo m\u00e1s eficiente y sostenible\u00bb.<\/em><\/p>\n\n\n\n<p>En la presentaci\u00f3n acompa\u00f1aron a Cornejo, entre otros funcionarios, el ministro de Defensa de la Naci\u00f3n, <strong>Luis Petri<\/strong> y el superintendente general de Irrigaci\u00f3n, <strong>Sergio Marinelli<\/strong>. Durante el acto se detallaron las caracter\u00edsticas del denominado <strong>\u00abPrograma de Apoyo para la Tecnificaci\u00f3n del Riego Intra-finca y el Fortalecimiento de las Capacidades T\u00e9cnicas de los Productores\u00bb<\/strong>, un nombre m\u00e1s que descriptivo.<\/p>\n\n\n\n<div style=\"height:18px\" aria-hidden=\"true\" class=\"wp-block-spacer\"><\/div>\n\n\n\n<p class=\"has-pale-cyan-blue-background-color has-background\"><strong>Objetivos del programa<\/strong><br><br>El programa permitir\u00e1 que productores y pymes inviertan en equipos de riego, perforaciones, disponibilidad h\u00eddrica para ganader\u00eda y energ\u00edas renovables, generando un impacto positivo en la productividad, la sostenibilidad ambiental y el empleo rural. Se trata de una pol\u00edtica p\u00fablica de largo plazo que articula financiamiento, conocimiento t\u00e9cnico y cuidado de los recursos naturales, consolidando un modelo de desarrollo para el futuro de Mendoza.<\/p>\n\n\n\n<div style=\"height:45px\" aria-hidden=\"true\" class=\"wp-block-spacer\"><\/div>\n\n\n\n<p class=\"has-medium-font-size\"><strong>Un plan que combina financiamiento y asistencia t\u00e9cnica<\/strong><\/p>\n\n\n\n<p>El plan, que forma parte de los \u00abProgramas de Abordaje Integral\u00bb del CFI, tiene como eje central la tecnificaci\u00f3n del riego para modernizar y optimizar el uso del recurso h\u00eddrico en los sistemas productivos.<\/p>\n\n\n\n<p>La iniciativa combina capacitaciones, asistencia t\u00e9cnica personalizada y l\u00edneas de financiamiento con condiciones preferenciales, orientadas a la incorporaci\u00f3n de tecnolog\u00edas innovadoras de riego: goteo, aspersi\u00f3n, p\u00edvot, perforaciones y energ\u00edas renovables aplicadas al riego.<\/p>\n\n\n\n<p>Durante su intervenci\u00f3n, <strong>Cornejo<\/strong> resalt\u00f3 la trascendencia estrat\u00e9gica del programa y su potencial para cambiar la matriz productiva de la provincia: <em>\u201cLe asignamos a este programa mucha m\u00e1s efectividad que a las grandes obras de canales que estamos ejecutando. Aunque seguimos invirtiendo en infraestructura h\u00eddrica en todos los oasis productivos, desde el Sur hasta el Valle de Uco y el Este, este programa es el verdadero motor de cambio\u201d.<\/em><\/p>\n\n\n\n<div style=\"height:35px\" aria-hidden=\"true\" class=\"wp-block-spacer\"><\/div>\n\n\n<div class=\"wp-block-image\">\n<figure class=\"aligncenter size-full is-resized\"><a href=\"https:\/\/enolife.com.ar\/es\/wp-content\/uploads\/2025\/09\/DSC05337-1024x683-1.jpg\" data-rel=\"penci-gallery-image-content\" ><img loading=\"lazy\" decoding=\"async\" width=\"862\" height=\"500\" src=\"https:\/\/enolife.com.ar\/es\/wp-content\/uploads\/2025\/09\/DSC05337-1024x683-1.jpg\" alt=\"\" class=\"wp-image-163564\" style=\"width:709px;height:auto\" srcset=\"https:\/\/enolife.com.ar\/es\/wp-content\/uploads\/2025\/09\/DSC05337-1024x683-1.jpg 862w, https:\/\/enolife.com.ar\/es\/wp-content\/uploads\/2025\/09\/DSC05337-1024x683-1-300x174.jpg 300w, https:\/\/enolife.com.ar\/es\/wp-content\/uploads\/2025\/09\/DSC05337-1024x683-1-768x445.jpg 768w, https:\/\/enolife.com.ar\/es\/wp-content\/uploads\/2025\/09\/DSC05337-1024x683-1-585x339.jpg 585w\" sizes=\"auto, (max-width: 862px) 100vw, 862px\" \/><\/a><figcaption class=\"wp-element-caption\"><em><strong>En un acto de lanzamiento del programa en San Mart\u00edn, Mendoza, el gobernador Alfredo Cornejo explic\u00f3 detalles de la iniciativa conjunta con el CFI, el INTA e Irrigaci\u00f3n.<\/strong><\/em><\/figcaption><\/figure><\/div>\n\n\n<div style=\"height:35px\" aria-hidden=\"true\" class=\"wp-block-spacer\"><\/div>\n\n\n\n<p>El mandatario mendocino agreg\u00f3: <em>\u201cTodos sabemos que enfrentamos una crisis h\u00eddrica y que la tendencia de menor disponibilidad de agua no se va a revertir. La clave est\u00e1 en c\u00f3mo respondemos: o lo hacemos desde la queja y la desesperanza, o lo hacemos con una mirada propositiva y planificada\u201d, <\/em>a lo que sum\u00f3 que <em>\u201ceste programa es esa mirada propositiva: ordenada, medible, concreta y con impacto directo en la producci\u00f3n<\/em>&#8230; <em>Si queremos administrar mejor el agua, no alcanza con apelar a la conciencia individual: debemos hacerlo de manera sistem\u00e1tica, con caudal\u00edmetros, con mediciones, con eficiencia real\u201d<\/em>. De esta manera, explic\u00f3 que <em>\u201cpara eso necesitamos que el sector privado pueda acceder a recursos financieros. Por eso estas l\u00edneas de cr\u00e9dito son tan importantes: sin l\u00edmite de proyectos, con tasas s\u00faper subsidiadas y con un a\u00f1o de gracia\u201d.<\/em><\/p>\n\n\n\n<p>Cornejo subray\u00f3 que <em>\u201csi logramos que este modelo funcione en una parcela, en una finca y en toda una zona, vamos a lograr que Mendoza tenga toda su producci\u00f3n agr\u00edcola tecnificada intrafinca, produciendo m\u00e1s y mejor, a\u00fan con menos agua\u201d.<\/em><\/p>\n\n\n\n<p class=\"has-medium-font-size\"><strong>Tecnificar para ahorrar un 20% de agua<\/strong><\/p>\n\n\n\n<p>Por su parte, <strong>Petri<\/strong> subray\u00f3 el valor estrat\u00e9gico de esta iniciativa para consolidar el modelo productivo mendocino: <em>\u201cMendoza se convirti\u00f3 de un desierto a un oasis, y hoy tenemos el desaf\u00edo de sostener e incluso ampliar las superficies cultivadas. Para eso necesitamos tecnificar el riego\u201d<\/em>, detall\u00f3, a lo que a\u00f1adi\u00f3 que <em>\u201ceste plan nos permite planificar, tener un master plan y l\u00edneas de cr\u00e9dito espec\u00edficas para que los productores puedan invertir en tecnolog\u00eda, acceder a asesoramiento y transformar sus sue\u00f1os en realidad\u201d.<\/em><\/p>\n\n\n\n<p>Y agreg\u00f3: <em>\u201cSe trata de aumentar la eficiencia, de garantizar que el agua est\u00e9 disponible todo el a\u00f1o, y de aprovecharla para generar m\u00e1s riqueza y m\u00e1s empleo. Este programa es la herramienta que nos permitir\u00e1 seguir transformando Mendoza en un oasis productivo, aun frente a la adversidad clim\u00e1tica\u201d.<\/em><\/p>\n\n\n\n<p>A su turno, el <strong>superintendente general de Irrigaci\u00f3n, Sergio Marinelli<\/strong>, remarc\u00f3 que esta iniciativa es la consecuencia de a\u00f1os de planificaci\u00f3n. Cont\u00f3 que desde 2017 el organismo trabaja en un cambio cultural para planificar sobre la demanda y no solo sobre la oferta de agua. <em>\u201cCon buenas pr\u00e1cticas de riego podemos ahorrar entre un 10 y un 20% del recurso, lo que en a\u00f1os de bajo caudal puede ser la diferencia entre mantener o perder superficie cultivada\u201d<\/em>, afirm\u00f3.<\/p>\n\n\n\n<p>Asimismo, se\u00f1al\u00f3 que<em> \u201ceste programa es mejor que cualquier obra: da acompa\u00f1amiento permanente, asistencia t\u00e9cnica y l\u00edneas de cr\u00e9dito flexibles para que los peque\u00f1os productores puedan tecnificar su riego y sostener sus unidades productivas\u201d.<\/em><\/p>\n\n\n\n<div style=\"height:35px\" aria-hidden=\"true\" class=\"wp-block-spacer\"><\/div>\n\n\n\n<div style=\"height:35px\" aria-hidden=\"true\" class=\"wp-block-spacer\"><\/div>\n","protected":false},"excerpt":{"rendered":"<p>La iniciativa \u00abPrograma de Apoyo para la Tecnificaci\u00f3n del Riego Intra-finca y el Fortalecimiento de&hellip;<\/p>\n","protected":false},"author":2,"featured_media":163731,"comment_status":"closed","ping_status":"open","sticky":false,"template":"","format":"standard","meta":{"footnotes":""},"categories":[14],"tags":[],"class_list":["post-163560","post","type-post","status-publish","format-standard","has-post-thumbnail","hentry","category-news"],"_links":{"self":[{"href":"https:\/\/enolife.com.ar\/es\/wp-json\/wp\/v2\/posts\/163560","targetHints":{"allow":["GET"]}}],"collection":[{"href":"https:\/\/enolife.com.ar\/es\/wp-json\/wp\/v2\/posts"}],"about":[{"href":"https:\/\/enolife.com.ar\/es\/wp-json\/wp\/v2\/types\/post"}],"author":[{"embeddable":true,"href":"https:\/\/enolife.com.ar\/es\/wp-json\/wp\/v2\/users\/2"}],"replies":[{"embeddable":true,"href":"https:\/\/enolife.com.ar\/es\/wp-json\/wp\/v2\/comments?post=163560"}],"version-history":[{"count":0,"href":"https:\/\/enolife.com.ar\/es\/wp-json\/wp\/v2\/posts\/163560\/revisions"}],"wp:featuredmedia":[{"embeddable":true,"href":"https:\/\/enolife.com.ar\/es\/wp-json\/wp\/v2\/media\/163731"}],"wp:attachment":[{"href":"https:\/\/enolife.com.ar\/es\/wp-json\/wp\/v2\/media?parent=163560"}],"wp:term":[{"taxonomy":"category","embeddable":true,"href":"https:\/\/enolife.com.ar\/es\/wp-json\/wp\/v2\/categories?post=163560"},{"taxonomy":"post_tag","embeddable":true,"href":"https:\/\/enolife.com.ar\/es\/wp-json\/wp\/v2\/tags?post=163560"}],"curies":[{"name":"wp","href":"https:\/\/api.w.org\/{rel}","templated":true}]}}