{"id":163512,"date":"2025-09-09T00:17:48","date_gmt":"2025-09-09T00:17:48","guid":{"rendered":"https:\/\/enolife.com.ar\/es\/?p=163512"},"modified":"2025-09-10T14:36:32","modified_gmt":"2025-09-10T14:36:32","slug":"habra-libre-comercio-entre-el-mercosur-y-los-4-paises-del-bloque-europeo-efta-desde-el16-9-25","status":"publish","type":"post","link":"https:\/\/enolife.com.ar\/es\/habra-libre-comercio-entre-el-mercosur-y-los-4-paises-del-bloque-europeo-efta-desde-el16-9-25\/","title":{"rendered":"Habr\u00e1 libre comercio entre el Mercosur y los 4 pa\u00edses del bloque europeo EFTA desde el 16\/9\/25"},"content":{"rendered":"\n<h4 class=\"wp-block-heading\"><em><strong>Los Estados del Mercado Com\u00fan del Sur (Mercosur: Argentina, Brasil, Paraguay y Uruguay) y los Estados de la Asociaci\u00f3n Europea de Libre Comercio (EFTA: Islandia, Liechtenstein, Noruega y Suiza) anunciaron en julio de 2025 la finalizaci\u00f3n de las negociaciones de un Tratado de Libre Comercio (TLC), el que se  firmar\u00e1 el 16 de setiembre pr\u00f3ximo&nbsp;en&nbsp;R\u00edo de Janeiro. Se beneficiar\u00e1n con quita total de impuestos el 97% de las exportaciones mutuas, en un mercado de casi 300 millones de personas con un PIB conjunto de 4,3 trillones de d\u00f3lares.<\/strong><\/em><\/h4>\n\n\n\n<div style=\"height:35px\" aria-hidden=\"true\" class=\"wp-block-spacer\"><\/div>\n\n\n\n\n\n<div style=\"height:45px\" aria-hidden=\"true\" class=\"wp-block-spacer\"><\/div>\n\n\n\n<p>Las negociaciones del <strong>Tratado de Libre Comercio (TLCA)<\/strong> integral entre el <strong>Mercosur <\/strong>y la Asociaci\u00f3n <strong>EFTA (Suiza, Islandia, Noruega y Liechtenstein)<\/strong>  fueron precedidas por un di\u00e1logo exploratorio que comenz\u00f3 en marzo de 2015. Las negociaciones iniciaron con una primera ronda en junio de 2017 en Buenos Aires, a las que sucedieron otras 13, celebrando en total 14 rondas.<\/p>\n\n\n\n<p>Desde principios de 2025 el Mercosur y los Estados de la EFTA se involucraron en un intenso proceso de negociaciones basado en los resultados conseguidos hasta agosto de 2019 y con la meta de reflejar los avances relevantes desde entonces y tornar el acuerdo a\u00fan m\u00e1s adecuado a los desaf\u00edos actuales. La etapa final incluy\u00f3 tres rondas de negociaci\u00f3n presenciales en <strong>Buenos Aires<\/strong> y numerosos encuentros en l\u00ednea.<\/p>\n\n\n\n<p>Finalmente el tratado fue anunciado en la <strong>Cumbre del Mercosur <\/strong>realizada en Buenos Aires los d\u00edas 2 y 3 de junio de 2025 y los pa\u00edses miembros del&nbsp;Mercosur&nbsp;y de la&nbsp;Asociaci\u00f3n Europea de Libre Comercio&nbsp;(EFTA,&nbsp;por sus siglas en ingl\u00e9s)&nbsp;firmar\u00e1n el <strong>16 de setiembre<\/strong> pr\u00f3ximo&nbsp;en&nbsp;<strong>R\u00edo de Janeiro<\/strong>&nbsp;el&nbsp;Tratado de Libre Comercio (TLC), seg\u00fan inform\u00f3 el gobierno brasile\u00f1o.<\/p>\n\n\n\n<p>El acuerdo ser\u00e1 suscrito en una \u00abreuni\u00f3n informal\u00bb de cancilleres del Mercosur convocada para ese d\u00eda por&nbsp;Brasil,&nbsp;que preside el bloque sudamericano&nbsp;hasta diciembre pr\u00f3ximo, acorde a los informado por la Canciller\u00eda de ese pa\u00eds en un comunicado.<\/p>\n\n\n\n<div style=\"height:15px\" aria-hidden=\"true\" class=\"wp-block-spacer\"><\/div>\n\n\n\n<p class=\"has-background\" style=\"background-color:#abb7c261\"><strong>Ver acuerdo <a href=\"https:\/\/www.efta.int\/sites\/default\/files\/uploads\/2025-07\/EFTA-Mercosur%2C%20Chapter%20by%20Chapter%20factsheet.pdf\">AQU\u00cd<\/a><\/strong><\/p>\n\n\n\n<div style=\"height:35px\" aria-hidden=\"true\" class=\"wp-block-spacer\"><\/div>\n\n\n\n<p class=\"has-medium-font-size\"><strong>El acuerdo en n\u00fameros<\/strong><\/p>\n\n\n\n<p>La&nbsp;<strong>EFTA<\/strong>&nbsp;est\u00e1 integrada por&nbsp;<strong>Islandia, Liechtenstein, Noruega y Suiza<\/strong>, mientras que del&nbsp;<strong>Mercosur<\/strong>&nbsp;forman parte&nbsp;<strong>Argentina, Brasil, Paraguay<\/strong>&nbsp;y&nbsp;<strong>Uruguay&nbsp;<\/strong>como miembros plenos. Los pa\u00edses que integran la zona de libre comercio de&nbsp;EFTA&nbsp;re\u00fanen 14,5 millones de habitantes, con un alto nivel de renta per c\u00e1pita.<\/p>\n\n\n\n<div style=\"height:35px\" aria-hidden=\"true\" class=\"wp-block-spacer\"><\/div>\n\n\n<div class=\"wp-block-image\">\n<figure class=\"aligncenter size-full\"><a href=\"https:\/\/enolife.com.ar\/es\/wp-content\/uploads\/2025\/09\/Imagen3-4.jpg\" data-rel=\"penci-gallery-image-content\" ><img loading=\"lazy\" decoding=\"async\" width=\"500\" height=\"580\" src=\"https:\/\/enolife.com.ar\/es\/wp-content\/uploads\/2025\/09\/Imagen3-4.jpg\" alt=\"\" class=\"wp-image-163520\" srcset=\"https:\/\/enolife.com.ar\/es\/wp-content\/uploads\/2025\/09\/Imagen3-4.jpg 500w, https:\/\/enolife.com.ar\/es\/wp-content\/uploads\/2025\/09\/Imagen3-4-259x300.jpg 259w\" sizes=\"auto, (max-width: 500px) 100vw, 500px\" \/><\/a><\/figure><\/div>\n\n\n<div style=\"height:35px\" aria-hidden=\"true\" class=\"wp-block-spacer\"><\/div>\n\n\n\n<p>El acuerdo entre ambas regiones crear\u00e1 un \u00e1rea de libre comercio de casi <strong>300 millones de personas<\/strong> con un <strong>PIB combinado de m\u00e1s de 4,3 trillones de d\u00f3lares<\/strong>, seg\u00fan un comunicado divulgado por el&nbsp;Mercosur&nbsp;en julio, cuando ambas partes concluyeron las negociaciones que hab\u00edan iniciado en 2017. <em>\u00abAmbos lados se beneficiar\u00e1n de mejoras de acceso a los mercados para m\u00e1s del 97 % de sus exportaciones, lo que se traducir\u00e1 en un incremento del comercio bilateral y ventajas para empresas e individuos\u00bb<\/em>, seg\u00fan el comunicado divulgado en Buenos Aires.<\/p>\n\n\n\n<p>El acuerdo abarca el comercio de bienes y servicios, inversiones, derechos de propiedad intelectual, compras p\u00fablicas, competencia, reglas de origen, medidas sanitarias y fitosanitarias, y obst\u00e1culos t\u00e9cnicos al comercio, entre otros asuntos. Entre tanto, dar\u00e1 ventajas competitivas a Suiza, que es un importante inversor en los pa\u00edses del&nbsp;Mercosur&nbsp;a trav\u00e9s de multinacionales como Nestl\u00e9, Syngenta, Novartis, Holcim y Glencore.<\/p>\n\n\n\n<div style=\"height:30px\" aria-hidden=\"true\" class=\"wp-block-spacer\"><\/div>\n\n\n\n<h4 class=\"wp-block-heading has-vivid-red-color has-text-color has-link-color wp-elements-85700d469e59543232b51fec470a4df5\">De acuerdo a datos oficiales del bloque sudamericano,&nbsp;el Mercosur&nbsp;export\u00f3 en 2024 bienes a la EFTA por 3.373 millones de d\u00f3lares, de los cuales 2.111 millones correspondieron a env\u00edos a&nbsp;Suiza,&nbsp;e import\u00f3 desde esa regi\u00f3n productos por 3.824 millones de d\u00f3lares, de los cuales 3.006 millones de d\u00f3lares correspondieron a compras a ese pa\u00eds.<\/h4>\n\n\n\n<div style=\"height:30px\" aria-hidden=\"true\" class=\"wp-block-spacer\"><\/div>\n\n\n\n<p>El Mercosur es un socio comercial importante para la EFTA, y el TLC permitir\u00e1 a las empresas de ese bloque beneficiarse de un acceso privilegiado a un mercado de m\u00e1s de<strong> 270 millones de consumidores<\/strong>. El <strong>comercio bilateral<\/strong> de bienes entre la EFTA y el Mercosur ascendi\u00f3 a <strong>8.300 millones de euros en 2024<\/strong>, con exportaciones de la EFTA por valor de 5.260 millones de euros y importaciones del Mercosur por 3.070 millones de euros. El nuevo TLC permitir\u00e1 a los exportadores de la EFTA beneficiarse de la eliminaci\u00f3n progresiva de aranceles y garantizar la igualdad de condiciones con sus principales competidores en este importante mercado. Adem\u00e1s, aumentar\u00e1 la seguridad jur\u00eddica y, en general, fortalecer\u00e1 los v\u00ednculos econ\u00f3micos entre la EFTA y el Mercosur.<\/p>\n\n\n\n<div style=\"height:45px\" aria-hidden=\"true\" class=\"wp-block-spacer\"><\/div>\n\n\n\n<p class=\"has-small-font-size\"><em><strong>Fuentes: EFE, Mercosur y EFTA<\/strong><\/em><\/p>\n\n\n\n<div style=\"height:35px\" aria-hidden=\"true\" class=\"wp-block-spacer\"><\/div>\n","protected":false},"excerpt":{"rendered":"<p>Los Estados del Mercado Com\u00fan del Sur (Mercosur: Argentina, Brasil, Paraguay y Uruguay) y los&hellip;<\/p>\n","protected":false},"author":2,"featured_media":163528,"comment_status":"closed","ping_status":"open","sticky":false,"template":"","format":"standard","meta":{"footnotes":""},"categories":[9],"tags":[],"class_list":["post-163512","post","type-post","status-publish","format-standard","has-post-thumbnail","hentry","category-negocios"],"_links":{"self":[{"href":"https:\/\/enolife.com.ar\/es\/wp-json\/wp\/v2\/posts\/163512","targetHints":{"allow":["GET"]}}],"collection":[{"href":"https:\/\/enolife.com.ar\/es\/wp-json\/wp\/v2\/posts"}],"about":[{"href":"https:\/\/enolife.com.ar\/es\/wp-json\/wp\/v2\/types\/post"}],"author":[{"embeddable":true,"href":"https:\/\/enolife.com.ar\/es\/wp-json\/wp\/v2\/users\/2"}],"replies":[{"embeddable":true,"href":"https:\/\/enolife.com.ar\/es\/wp-json\/wp\/v2\/comments?post=163512"}],"version-history":[{"count":0,"href":"https:\/\/enolife.com.ar\/es\/wp-json\/wp\/v2\/posts\/163512\/revisions"}],"wp:featuredmedia":[{"embeddable":true,"href":"https:\/\/enolife.com.ar\/es\/wp-json\/wp\/v2\/media\/163528"}],"wp:attachment":[{"href":"https:\/\/enolife.com.ar\/es\/wp-json\/wp\/v2\/media?parent=163512"}],"wp:term":[{"taxonomy":"category","embeddable":true,"href":"https:\/\/enolife.com.ar\/es\/wp-json\/wp\/v2\/categories?post=163512"},{"taxonomy":"post_tag","embeddable":true,"href":"https:\/\/enolife.com.ar\/es\/wp-json\/wp\/v2\/tags?post=163512"}],"curies":[{"name":"wp","href":"https:\/\/api.w.org\/{rel}","templated":true}]}}