{"id":163383,"date":"2025-09-07T10:37:26","date_gmt":"2025-09-07T10:37:26","guid":{"rendered":"https:\/\/enolife.com.ar\/es\/?p=163383"},"modified":"2025-09-09T13:30:01","modified_gmt":"2025-09-09T13:30:01","slug":"como-esta-el-mercado-para-la-vitivinicultura-organica-argentina-en-una-charla-de-coviar-el-10-9","status":"publish","type":"post","link":"https:\/\/enolife.com.ar\/es\/como-esta-el-mercado-para-la-vitivinicultura-organica-argentina-en-una-charla-de-coviar-el-10-9\/","title":{"rendered":"C\u00f3mo est\u00e1 el mercado para la vitivinicultura org\u00e1nica argentina, en una charla de Coviar el 10\/9"},"content":{"rendered":"\n<h4 class=\"wp-block-heading\"><em><strong>El ciclo de conferencias, capacitaciones y asistencia del Programa Federal de Vitivinicultura Org\u00e1nica, que tiene por objetivo orientar el camino de los productores hacia la certificaci\u00f3n, propone este 10\/9\/25 la charla \u00abAn\u00e1lisis de mercado: desaf\u00edos y oportunidades\u00bb, en forma presencial en Salta y virtual por Meet en todo el pa\u00eds.&nbsp;Disertar\u00e1 la en\u00f3loga mendocina Victoria Brond, reconocida por su trayectoria en la elaboraci\u00f3n de vinos org\u00e1nicos y biodin\u00e1micos<\/strong><\/em><strong><em>.<\/em><\/strong><\/h4>\n\n\n\n<div style=\"height:35px\" aria-hidden=\"true\" class=\"wp-block-spacer\"><\/div>\n\n\n\n\n\n<div style=\"height:45px\" aria-hidden=\"true\" class=\"wp-block-spacer\"><\/div>\n\n\n\n<p>El impulso de lo org\u00e1nico, como parte de una estrategia integral de avance hacia la sostenibilidad de la vitivinicultura, es uno de los&nbsp;objetivos centrales del <strong>Plan Estrat\u00e9gico Vitivin\u00edcola (PEVI) al 2030.<\/strong> En este sentido se cre\u00f3 el <strong>Programa Federal de Vitivinicultura Org\u00e1nica<\/strong>, un ciclo de conferencias, capacitaciones y asistencia, una iniciativa impulsada por los&nbsp;gobiernos provinciales&nbsp;a trav\u00e9s del&nbsp;Consejo Federal de Inversiones&nbsp;(CFI), la&nbsp;C\u00e1mara Argentina de Certificadoras, la&nbsp;Corporaci\u00f3n Vitivin\u00edcola Argentina&nbsp;(Coviar),&nbsp;Wines of Argentina&nbsp;y el sello&nbsp;Org\u00e1nico Argentina.<\/p>\n\n\n<div class=\"wp-block-image\">\n<figure class=\"alignleft size-full is-resized\"><a href=\"https:\/\/enolife.com.ar\/es\/wp-content\/uploads\/2025\/09\/Programa-Organicos-940x1024-1.jpeg\" data-rel=\"penci-gallery-image-content\" ><img loading=\"lazy\" decoding=\"async\" width=\"501\" height=\"500\" src=\"https:\/\/enolife.com.ar\/es\/wp-content\/uploads\/2025\/09\/Programa-Organicos-940x1024-1.jpeg\" alt=\"\" class=\"wp-image-163384\" style=\"width:352px;height:auto\" srcset=\"https:\/\/enolife.com.ar\/es\/wp-content\/uploads\/2025\/09\/Programa-Organicos-940x1024-1.jpeg 501w, https:\/\/enolife.com.ar\/es\/wp-content\/uploads\/2025\/09\/Programa-Organicos-940x1024-1-300x300.jpeg 300w, https:\/\/enolife.com.ar\/es\/wp-content\/uploads\/2025\/09\/Programa-Organicos-940x1024-1-150x150.jpeg 150w\" sizes=\"auto, (max-width: 501px) 100vw, 501px\" \/><\/a><\/figure><\/div>\n\n\n<p class=\"has-background\" style=\"background-color:#abb7c252\">Quienes est\u00e9n interesados en participar del tercer m\u00f3dulo del ciclo, en el que la en\u00f3loga <strong>Victoria Brond<\/strong>, titular de <strong>Guardianes de la Naturaleza<\/strong>, una l\u00ednea de vinos org\u00e1nicos elaborados con una perspectiva de sustentabilidad social, dictar\u00e1 la charla <strong>\u00abAn\u00e1lisis de mercado: desaf\u00edos y oportunidades\u00bb<\/strong>, el pr\u00f3ximo <strong>10 de setiembre <\/strong>de <strong>10 a 12 hs<\/strong>, de forma presencial en la ciudad de<strong> Salta <\/strong>&#8211;<strong>Centro C\u00edvico Gran Bourg, Sal\u00f3n B, Av. Los Incas s\/n<\/strong>&#8211; o <strong>virtual por Meet<\/strong> ingresando al<strong> Link de inscripci\u00f3n:&nbsp;<a href=\"https:\/\/forms.office.com\/r\/7bf8Jt1gwg?origin=lprLink\">https:\/\/forms.office.com\/r\/7bf8Jt1gwg?origin=lprLink<\/a> y al de conexi\u00f3n:&nbsp;<a href=\"https:\/\/meet.google.com\/gps-isvz-nak\">https:\/\/meet.google.com\/gps-isvz-nak<\/a>.<\/strong><\/p>\n\n\n\n<p>Participan del programa las provincias vitivin\u00edcolas de Mendoza, San Juan, La Rioja, Catamarca, Jujuy, Salta, Santa Fe, Buenos Aires, C\u00f3rdoba, La Pampa, Rio Negro, Neuqu\u00e9n, Chubut, Entre R\u00edos y Tucum\u00e1n. Se abordar\u00e1 en cada uno de estos territorios un plan de trabajo espec\u00edfico para enfrentar los desaf\u00edos y beneficios de la <strong>producci\u00f3n org\u00e1nica<\/strong>, con el prop\u00f3sito de que sirva como base para expandir el n\u00famero de vi\u00f1edos, bodegas y dem\u00e1s plantas de procesamiento de uva, certificados por la normativa org\u00e1nica argentina, bajo la Ley Nacional 25.127, y\/o la normativa NOP de EEUU.<\/p>\n\n\n\n<p>El programa ofrece asistencia t\u00e9cnica en la implementaci\u00f3n de la norma org\u00e1nica en establecimientos vit\u00edcolas de todo el pa\u00eds. Se aspira a que todas las empresas que se interesen, participen y finalicen la experiencia en condiciones favorables para acceder a la certificaci\u00f3n org\u00e1nica de sus productos y el posterior uso del isologo oficial respectivo de Org\u00e1nico Argentino.<\/p>\n\n\n\n<p>Actualmente Argentina posee <strong>36 mil hect\u00e1reas cosechadas bajo certificaci\u00f3n org\u00e1nica<\/strong>, de las cuales el <strong>28% corresponde a vid <\/strong>(10.081 hect\u00e1reas). <\/p>\n\n\n\n<div style=\"height:35px\" aria-hidden=\"true\" class=\"wp-block-spacer\"><\/div>\n\n\n\n<p class=\"has-small-font-size\"><em><strong>Fuente: Coviar<\/strong><\/em><\/p>\n\n\n\n<div style=\"height:35px\" aria-hidden=\"true\" class=\"wp-block-spacer\"><\/div>\n","protected":false},"excerpt":{"rendered":"<p>El ciclo de conferencias, capacitaciones y asistencia del Programa Federal de Vitivinicultura Org\u00e1nica, que tiene&hellip;<\/p>\n","protected":false},"author":2,"featured_media":163395,"comment_status":"closed","ping_status":"open","sticky":false,"template":"","format":"standard","meta":{"footnotes":""},"categories":[47],"tags":[],"class_list":["post-163383","post","type-post","status-publish","format-standard","has-post-thumbnail","hentry","category-agenda"],"_links":{"self":[{"href":"https:\/\/enolife.com.ar\/es\/wp-json\/wp\/v2\/posts\/163383","targetHints":{"allow":["GET"]}}],"collection":[{"href":"https:\/\/enolife.com.ar\/es\/wp-json\/wp\/v2\/posts"}],"about":[{"href":"https:\/\/enolife.com.ar\/es\/wp-json\/wp\/v2\/types\/post"}],"author":[{"embeddable":true,"href":"https:\/\/enolife.com.ar\/es\/wp-json\/wp\/v2\/users\/2"}],"replies":[{"embeddable":true,"href":"https:\/\/enolife.com.ar\/es\/wp-json\/wp\/v2\/comments?post=163383"}],"version-history":[{"count":0,"href":"https:\/\/enolife.com.ar\/es\/wp-json\/wp\/v2\/posts\/163383\/revisions"}],"wp:featuredmedia":[{"embeddable":true,"href":"https:\/\/enolife.com.ar\/es\/wp-json\/wp\/v2\/media\/163395"}],"wp:attachment":[{"href":"https:\/\/enolife.com.ar\/es\/wp-json\/wp\/v2\/media?parent=163383"}],"wp:term":[{"taxonomy":"category","embeddable":true,"href":"https:\/\/enolife.com.ar\/es\/wp-json\/wp\/v2\/categories?post=163383"},{"taxonomy":"post_tag","embeddable":true,"href":"https:\/\/enolife.com.ar\/es\/wp-json\/wp\/v2\/tags?post=163383"}],"curies":[{"name":"wp","href":"https:\/\/api.w.org\/{rel}","templated":true}]}}