{"id":163365,"date":"2025-09-06T15:47:10","date_gmt":"2025-09-06T15:47:10","guid":{"rendered":"https:\/\/enolife.com.ar\/es\/?p=163365"},"modified":"2025-09-07T15:17:13","modified_gmt":"2025-09-07T15:17:13","slug":"filoxera-combaten-en-tenerife-la-plaga-que-en-1863-destruyo-casi-todos-los-vinedos-europeos","status":"publish","type":"post","link":"https:\/\/enolife.com.ar\/es\/filoxera-combaten-en-tenerife-la-plaga-que-en-1863-destruyo-casi-todos-los-vinedos-europeos\/","title":{"rendered":"Filoxera: combaten en Tenerife la plaga que en 1863 destruy\u00f3 casi todos los vi\u00f1edos europeos"},"content":{"rendered":"\n<h4 class=\"wp-block-heading\"><em><strong>Hace un mes y en plena \u00e9poca de vendimia, el\u00a0Instituto Canario de Calidad Agroalimentaria (Espa\u00f1a) emiti\u00f3 un comunicado sobre la detecci\u00f3n de focos de la\u00a0filoxera de la vid, una plaga que nunca antes se hab\u00eda detectado en la regi\u00f3n y que en 1863 destruy\u00f3 la mayor parte de los vi\u00f1edos europeos. Tras realizarse m\u00e1s de 1.600 prospecciones se comprob\u00f3 que el brote que afecta a la uva en Tenerife asciende a 50 cepas de fincas en su mayor\u00eda abandonadas. Seg\u00fan el Cabildo de Canarias se actu\u00f3 \u201cen tiempo r\u00e9cord\u201d para garantizar la seguridad y acotar el foco.<\/strong><\/em><\/h4>\n\n\n\n<div style=\"height:35px\" aria-hidden=\"true\" class=\"wp-block-spacer\"><\/div>\n\n\n<a href=\"https:\/\/sudafilt.com\/\" aria-label=\"SUDAFILT 1700X500 NOV25\"><img loading=\"lazy\" decoding=\"async\" src=\"https:\/\/enolife.com.ar\/es\/wp-content\/uploads\/2020\/07\/SUDAFILT-1700X500-NOV25.gif\" alt=\"\"  width=\"1700\" height=\"500\"   \/><\/a>\n\n\n<div style=\"height:35px\" aria-hidden=\"true\" class=\"wp-block-spacer\"><\/div>\n\n\n\n<p>La&nbsp;<strong>C\u00e1tedra de Agroturismo y Enoturismo<\/strong>&nbsp;del&nbsp;<strong>Instituto Canario de Calidad Agroalimentaria<\/strong>&nbsp;y de la&nbsp;<strong>Universidad de La Laguna<\/strong>, emiti\u00f3 a mediados de agosto de 2025 un comunicado en respuesta a la detecci\u00f3n, por primera vez en este archipi\u00e9lago espa\u00f1ol, de focos de la&nbsp;<strong>filoxera de la vid (<em>Daktulosphaira Vitifoliae<\/em>)<\/strong>, una plaga que nunca antes se hab\u00eda detectado en Canarias. Su entrada en Europa, en el siglo XIX, provoc\u00f3 una devastaci\u00f3n masiva de los vi\u00f1edos con efectos que se prolongaron durante m\u00e1s de 30 a\u00f1os.<\/p>\n\n\n\n<div style=\"height:30px\" aria-hidden=\"true\" class=\"wp-block-spacer\"><\/div>\n\n\n\n<p class=\"has-background\" style=\"background-color:#f78da85c\"><strong>Ver nota Enolife del 11\/8\/25: <a href=\"https:\/\/enolife.com.ar\/es\/alarma-en-espana-reaparece-la-filoxera-en-vinas-de-tenerife-y-activan-protocolo-de-emergencia\/\">Alarma en Espa\u00f1a: reaparece la filoxera en vi\u00f1as de Tenerife y activan protocolo de emergencia<\/a><\/strong><\/p>\n\n\n\n<div style=\"height:30px\" aria-hidden=\"true\" class=\"wp-block-spacer\"><\/div>\n\n\n\n<p>Este brote que afecta a la uva en Tenerife asciende a 50 cepas de fincas de la isla, la mayor\u00eda abandonadas, tras realizarse m\u00e1s de 1.600 prospecciones, seg\u00fan inform\u00f3 el mi\u00e9rcoles 3\/9\/2025 la presidenta del Cabildo,<strong> Rosa D\u00e1vila.<\/strong><\/p>\n\n\n\n<p>En la rueda de prensa posterior al consejo de gobierno insular, D\u00e1vila declar\u00f3 que <strong>esos 50 positivos est\u00e1n \u201cperfectamente acotados\u201d <\/strong>y rechaz\u00f3 la idea de que las medidas acordadas por el Gobierno de Canarias sean exageradas, como ha defendido la Asociaci\u00f3n de Viticultores y Bodegueros de Canarias.<\/p>\n\n\n\n<div style=\"height:35px\" aria-hidden=\"true\" class=\"wp-block-spacer\"><\/div>\n\n\n<div class=\"wp-block-image\">\n<figure class=\"aligncenter size-full is-resized\"><a href=\"https:\/\/enolife.com.ar\/es\/wp-content\/uploads\/2025\/09\/WhatsApp-Image-2025-08-22-at-11.13.32-1024x687-1.jpeg\" data-rel=\"penci-gallery-image-content\" ><img loading=\"lazy\" decoding=\"async\" width=\"1024\" height=\"687\" src=\"https:\/\/enolife.com.ar\/es\/wp-content\/uploads\/2025\/09\/WhatsApp-Image-2025-08-22-at-11.13.32-1024x687-1.jpeg\" alt=\"\" class=\"wp-image-163376\" style=\"width:721px;height:auto\" srcset=\"https:\/\/enolife.com.ar\/es\/wp-content\/uploads\/2025\/09\/WhatsApp-Image-2025-08-22-at-11.13.32-1024x687-1.jpeg 1024w, https:\/\/enolife.com.ar\/es\/wp-content\/uploads\/2025\/09\/WhatsApp-Image-2025-08-22-at-11.13.32-1024x687-1-300x201.jpeg 300w, https:\/\/enolife.com.ar\/es\/wp-content\/uploads\/2025\/09\/WhatsApp-Image-2025-08-22-at-11.13.32-1024x687-1-768x515.jpeg 768w, https:\/\/enolife.com.ar\/es\/wp-content\/uploads\/2025\/09\/WhatsApp-Image-2025-08-22-at-11.13.32-1024x687-1-585x392.jpeg 585w\" sizes=\"auto, (max-width: 1024px) 100vw, 1024px\" \/><\/a><\/figure><\/div>\n\n\n<p>La presidenta insular ha considerado que la respuesta a este pulg\u00f3n se ha producido <em>\u201cen tiempo r\u00e9cord\u201d<\/em> para garantizar la seguridad y acotar el foco y ha subrayado que es una \u00e9poca sensible, en plena fase de vendimia, por lo que es <em>\u201cesencial\u201d<\/em> garantizar que la plaga no se extienda.<\/p>\n\n\n\n<p><em>\u201cLa filoxera acab\u00f3 con todo el sector vitivin\u00edcola europeo a finales de siglo XIX y Canarias qued\u00f3 al margen, lo que nos hace tener un vino distinto y excepcional. Tenemos un brote, una plaga muy localizada y en planta que queremos que siga siendo as\u00ed. Todas las medidas por muy restrictivas que sean ser\u00e1n las que garanticen que la erradicaci\u00f3n de la filoxera\u201d<\/em>, reflexion\u00f3 D\u00e1vila.<\/p>\n\n\n\n<p>El consejero de Sector Primario,<strong> Valent\u00edn Gonz\u00e1lez<\/strong>, explic\u00f3 que la mejor manera de defender la vi\u00f1a tinerfe\u00f1a es evitar el trasiego de material vegetal, tal y como han ordenado el Gobierno de Canarias y el Gobierno de Espa\u00f1a, y ha considerado que esto ha minimizado los efectos negativos del brote, tanto a nivel econ\u00f3mico como reputacional. <em>\u201cEn ning\u00fan caso afecta a la peculiaridad de nuestros vinos\u201d<\/em>, concluy\u00f3 el consejero insular.<\/p>\n\n\n\n<div style=\"height:35px\" aria-hidden=\"true\" class=\"wp-block-spacer\"><\/div>\n\n\n\n<p class=\"has-small-font-size\"><strong><em>Fuente: Agencia EFE<\/em><\/strong><\/p>\n\n\n\n<div style=\"height:35px\" aria-hidden=\"true\" class=\"wp-block-spacer\"><\/div>\n\n\n\n<p><\/p>\n\n\n\n<p><a href=\"https:\/\/api.whatsapp.com\/send?text=Los%20focos%20de%20filoxera%20ascienden%20a%2050%20cepas%20en%20Tenerife%20en%20plena%20%C3%A9poca%20de%20vendimia+https%3A%2F%2Fdiariodeavisos.elespanol.com%2F2025%2F09%2Ffocos-filoxera-cepas-tenerife%2F\" target=\"_blank\" rel=\"noreferrer noopener\"><\/a><a href=\"https:\/\/x.com\/intent\/tweet?text=Los%20focos%20de%20filoxera%20ascienden%20a%2050%20cepas%20en%20Tenerife%20en%20plena%20%C3%A9poca%20de%20vendimia&amp;url=https%3A%2F%2Fdiariodeavisos.elespanol.com%2F2025%2F09%2Ffocos-filoxera-cepas-tenerife%2F\" target=\"_blank\" rel=\"noreferrer noopener\"><\/a><a href=\"https:\/\/telegram.me\/share\/url?url=https%3A%2F%2Fdiariodeavisos.elespanol.com%2F2025%2F09%2Ffocos-filoxera-cepas-tenerife%2F&amp;text=Los%20focos%20de%20filoxera%20ascienden%20a%2050%20cepas%20en%20Tenerife%20en%20plena%20%C3%A9poca%20de%20vendimia\" target=\"_blank\" rel=\"noreferrer noopener\"><\/a><a href=\"https:\/\/www.reddit.com\/submit?url=https%3A%2F%2Fdiariodeavisos.elespanol.com%2F2025%2F09%2Ffocos-filoxera-cepas-tenerife%2F&amp;title=Los%20focos%20de%20filoxera%20ascienden%20a%2050%20cepas%20en%20Tenerife%20en%20plena%20%C3%A9poca%20de%20vendimia\" target=\"_blank\" rel=\"noreferrer noopener\"><\/a><a href=\"https:\/\/www.linkedin.com\/shareArticle?title=Los%20focos%20de%20filoxera%20ascienden%20a%2050%20cepas%20en%20Tenerife%20en%20plena%20%C3%A9poca%20de%20vendimia&amp;url=https%3A%2F%2Fdiariodeavisos.elespanol.com%2F2025%2F09%2Ffocos-filoxera-cepas-tenerife%2F&amp;mini=true\" target=\"_blank\" rel=\"noreferrer noopener\"><\/a><\/p>\n\n\n\n<p><a href=\"https:\/\/wwc.addoor.net\/r\/?trigger_id=4674&amp;channel_id=836&amp;item_id=32345&amp;syndication_id=3350&amp;pos=0&amp;uid=snPsHfEWM55&amp;sid=BBKuEpGDt9Td&amp;event_id=PuciJ2J&amp;query_id=syndication-3350-es-1&amp;r=https%253A\/\/serendippias.com\/2022\/04\/26\/en-que-posicion-duermes-esto-dice-sobre-tu-salud\/\" target=\"_blank\" rel=\"noreferrer noopener\"><\/a><br><br><\/p>\n","protected":false},"excerpt":{"rendered":"<p>Hace un mes y en plena \u00e9poca de vendimia, el\u00a0Instituto Canario de Calidad Agroalimentaria (Espa\u00f1a)&hellip;<\/p>\n","protected":false},"author":2,"featured_media":163443,"comment_status":"closed","ping_status":"open","sticky":false,"template":"","format":"standard","meta":{"footnotes":""},"categories":[5],"tags":[],"class_list":["post-163365","post","type-post","status-publish","format-standard","has-post-thumbnail","hentry","category-fincas"],"_links":{"self":[{"href":"https:\/\/enolife.com.ar\/es\/wp-json\/wp\/v2\/posts\/163365","targetHints":{"allow":["GET"]}}],"collection":[{"href":"https:\/\/enolife.com.ar\/es\/wp-json\/wp\/v2\/posts"}],"about":[{"href":"https:\/\/enolife.com.ar\/es\/wp-json\/wp\/v2\/types\/post"}],"author":[{"embeddable":true,"href":"https:\/\/enolife.com.ar\/es\/wp-json\/wp\/v2\/users\/2"}],"replies":[{"embeddable":true,"href":"https:\/\/enolife.com.ar\/es\/wp-json\/wp\/v2\/comments?post=163365"}],"version-history":[{"count":0,"href":"https:\/\/enolife.com.ar\/es\/wp-json\/wp\/v2\/posts\/163365\/revisions"}],"wp:featuredmedia":[{"embeddable":true,"href":"https:\/\/enolife.com.ar\/es\/wp-json\/wp\/v2\/media\/163443"}],"wp:attachment":[{"href":"https:\/\/enolife.com.ar\/es\/wp-json\/wp\/v2\/media?parent=163365"}],"wp:term":[{"taxonomy":"category","embeddable":true,"href":"https:\/\/enolife.com.ar\/es\/wp-json\/wp\/v2\/categories?post=163365"},{"taxonomy":"post_tag","embeddable":true,"href":"https:\/\/enolife.com.ar\/es\/wp-json\/wp\/v2\/tags?post=163365"}],"curies":[{"name":"wp","href":"https:\/\/api.w.org\/{rel}","templated":true}]}}