{"id":163323,"date":"2025-09-05T23:50:30","date_gmt":"2025-09-05T23:50:30","guid":{"rendered":"https:\/\/enolife.com.ar\/es\/?p=163323"},"modified":"2025-09-07T10:37:13","modified_gmt":"2025-09-07T10:37:13","slug":"vivero-mercier-recertifico-buenas-practicas-agricolas-para-la-produccion-de-plantas-de-vid","status":"publish","type":"post","link":"https:\/\/enolife.com.ar\/es\/vivero-mercier-recertifico-buenas-practicas-agricolas-para-la-produccion-de-plantas-de-vid\/","title":{"rendered":"Vivero Mercier recertific\u00f3 Buenas Pr\u00e1cticas Agr\u00edcolas para la producci\u00f3n de plantas de vid"},"content":{"rendered":"\n<h4 class=\"wp-block-heading\"><em><strong>Con 25 a\u00f1os de trayectoria en Mendoza y Argentina, Vivero Mercier recertific\u00f3 nuevamente Buenas Pr\u00e1cticas Agr\u00edcolas (BPA) para la producci\u00f3n de plantas de vid, alcanzando los m\u00e1ximos est\u00e1ndares exigidos por la normativa de referencia IRAM 14110-3:2022, otorgadas por el Instituto Argentino de Normalizaci\u00f3n y Certificaci\u00f3n (IRAM).<\/strong><\/em><\/h4>\n\n\n\n<div style=\"height:35px\" aria-hidden=\"true\" class=\"wp-block-spacer\"><\/div>\n\n\n\n\n\n<div style=\"height:45px\" aria-hidden=\"true\" class=\"wp-block-spacer\"><\/div>\n\n\n\n<p>Este nuevo logro no s\u00f3lo reafirma la calidad y trazabilidad de las plantas producidas por la compa\u00f1\u00eda, sino que tambi\u00e9n refleja un camino de varios a\u00f1os en el que la organizaci\u00f3n fue consolidando una cultura de sostenibilidad transversal a todas sus \u00e1reas. Hoy, los h\u00e1bitos responsables forman parte del d\u00eda a d\u00eda de cada trabajador y se integran a todos los procesos productivos, constituy\u00e9ndose en un ejemplo para el sector vitivin\u00edcola.<\/p>\n\n\n\n<div style=\"height:35px\" aria-hidden=\"true\" class=\"wp-block-spacer\"><\/div>\n\n\n\n<figure class=\"wp-block-gallery aligncenter has-nested-images columns-default is-cropped wp-block-gallery-1 is-layout-flex wp-block-gallery-is-layout-flex\">\n<figure class=\"wp-block-image size-full\"><a href=\"https:\/\/enolife.com.ar\/es\/wp-content\/uploads\/2025\/09\/Durante-la-ultima-auditoria.jpg\" data-rel=\"penci-gallery-image-content\" ><img loading=\"lazy\" decoding=\"async\" width=\"718\" height=\"500\" data-id=\"163330\" src=\"https:\/\/enolife.com.ar\/es\/wp-content\/uploads\/2025\/09\/Durante-la-ultima-auditoria.jpg\" alt=\"\" class=\"wp-image-163330\" srcset=\"https:\/\/enolife.com.ar\/es\/wp-content\/uploads\/2025\/09\/Durante-la-ultima-auditoria.jpg 718w, https:\/\/enolife.com.ar\/es\/wp-content\/uploads\/2025\/09\/Durante-la-ultima-auditoria-300x209.jpg 300w, https:\/\/enolife.com.ar\/es\/wp-content\/uploads\/2025\/09\/Durante-la-ultima-auditoria-585x407.jpg 585w\" sizes=\"auto, (max-width: 718px) 100vw, 718px\" \/><\/a><\/figure>\n\n\n\n<figure class=\"wp-block-image size-full\"><a href=\"https:\/\/enolife.com.ar\/es\/wp-content\/uploads\/2025\/09\/La-cultura-de-sostenibilidad-es-transversal-a-toda-la-organizacion.jpg\" data-rel=\"penci-gallery-image-content\" ><img loading=\"lazy\" decoding=\"async\" width=\"983\" height=\"500\" data-id=\"163333\" src=\"https:\/\/enolife.com.ar\/es\/wp-content\/uploads\/2025\/09\/La-cultura-de-sostenibilidad-es-transversal-a-toda-la-organizacion.jpg\" alt=\"\" class=\"wp-image-163333\" srcset=\"https:\/\/enolife.com.ar\/es\/wp-content\/uploads\/2025\/09\/La-cultura-de-sostenibilidad-es-transversal-a-toda-la-organizacion.jpg 983w, https:\/\/enolife.com.ar\/es\/wp-content\/uploads\/2025\/09\/La-cultura-de-sostenibilidad-es-transversal-a-toda-la-organizacion-300x153.jpg 300w, https:\/\/enolife.com.ar\/es\/wp-content\/uploads\/2025\/09\/La-cultura-de-sostenibilidad-es-transversal-a-toda-la-organizacion-768x391.jpg 768w, https:\/\/enolife.com.ar\/es\/wp-content\/uploads\/2025\/09\/La-cultura-de-sostenibilidad-es-transversal-a-toda-la-organizacion-585x298.jpg 585w\" sizes=\"auto, (max-width: 983px) 100vw, 983px\" \/><\/a><\/figure>\n<\/figure>\n\n\n\n<div style=\"height:35px\" aria-hidden=\"true\" class=\"wp-block-spacer\"><\/div>\n\n\n\n<p><em>\u201cMantener la certificaci\u00f3n en Buenas Pr\u00e1cticas Agr\u00edcolas confirma nuestra manera de trabajar y nuestra filosof\u00eda corporativa de producir plantas de alta calidad, con un estatus sanitario confiable y de forma sostenible\u201d,<\/em> se\u00f1al\u00f3 el ingeniero <strong>Daniel Bergamin<\/strong>, director t\u00e9cnico de Vivero Mercier.<\/p>\n\n\n<div class=\"wp-block-image\">\n<figure class=\"alignleft size-full is-resized\"><a href=\"https:\/\/enolife.com.ar\/es\/wp-content\/uploads\/2025\/09\/Verificando-todos-los-procesos.jpg\" data-rel=\"penci-gallery-image-content\" ><img loading=\"lazy\" decoding=\"async\" width=\"525\" height=\"500\" src=\"https:\/\/enolife.com.ar\/es\/wp-content\/uploads\/2025\/09\/Verificando-todos-los-procesos.jpg\" alt=\"\" class=\"wp-image-163331\" style=\"width:357px;height:auto\" srcset=\"https:\/\/enolife.com.ar\/es\/wp-content\/uploads\/2025\/09\/Verificando-todos-los-procesos.jpg 525w, https:\/\/enolife.com.ar\/es\/wp-content\/uploads\/2025\/09\/Verificando-todos-los-procesos-300x286.jpg 300w\" sizes=\"auto, (max-width: 525px) 100vw, 525px\" \/><\/a><\/figure><\/div>\n\n\n<p>Por su parte, la licenciada <strong>Laura Bree<\/strong>, <strong>responsable del Departamento de I+D+i y Sostenibilidad<\/strong>, destac\u00f3 que los a\u00f1os de esfuerzo y compromiso del vivero se reflejan en un resultado que trasciende lo productivo: <em>\u201cHoy podemos decir que hemos creado una cultura de sostenibilidad. Cada colaborador de Mercier lleva adelante sus tareas con una mirada consciente, integrando h\u00e1bitos responsables que nos enorgullecen como equipo y nos impulsan a seguir siendo un vivero referente en la industria\u201d.<\/em><\/p>\n\n\n\n<p>En este sentido, la empresa contin\u00faa trabajando bajo tres ejes fundamentales: el cuidado del medio ambiente y los recursos naturales, la preservaci\u00f3n de la salud y seguridad de los trabajadores y de la comunidad, y la calidad trazable del producto final.<\/p>\n\n\n\n<p>Con m\u00e1s de <strong>25 a\u00f1os de trayectoria en Argentina,<\/strong> Vivero Mercier Argentina ha consolidado un s\u00f3lido liderazgo en la producci\u00f3n de plantas de vid, sustentado en la capacitaci\u00f3n constante de su equipo y en la implementaci\u00f3n de procesos de mejora continua. Este enfoque integral permite a la empresa mantener altos est\u00e1ndares de calidad y sostenibilidad, reafirmando su compromiso de aportar valor al desarrollo de la vitivinicultura, al crecimiento del sector y al bienestar de la sociedad en su conjunto.<\/p>\n\n\n\n<div style=\"height:30px\" aria-hidden=\"true\" class=\"wp-block-spacer\"><\/div>\n","protected":false},"excerpt":{"rendered":"<p>Con 25 a\u00f1os de trayectoria en Mendoza y Argentina, Vivero Mercier recertific\u00f3 nuevamente Buenas Pr\u00e1cticas&hellip;<\/p>\n","protected":false},"author":2,"featured_media":163329,"comment_status":"closed","ping_status":"open","sticky":false,"template":"","format":"standard","meta":{"footnotes":""},"categories":[57],"tags":[],"class_list":["post-163323","post","type-post","status-publish","format-standard","has-post-thumbnail","hentry","category-empresas"],"_links":{"self":[{"href":"https:\/\/enolife.com.ar\/es\/wp-json\/wp\/v2\/posts\/163323","targetHints":{"allow":["GET"]}}],"collection":[{"href":"https:\/\/enolife.com.ar\/es\/wp-json\/wp\/v2\/posts"}],"about":[{"href":"https:\/\/enolife.com.ar\/es\/wp-json\/wp\/v2\/types\/post"}],"author":[{"embeddable":true,"href":"https:\/\/enolife.com.ar\/es\/wp-json\/wp\/v2\/users\/2"}],"replies":[{"embeddable":true,"href":"https:\/\/enolife.com.ar\/es\/wp-json\/wp\/v2\/comments?post=163323"}],"version-history":[{"count":0,"href":"https:\/\/enolife.com.ar\/es\/wp-json\/wp\/v2\/posts\/163323\/revisions"}],"wp:featuredmedia":[{"embeddable":true,"href":"https:\/\/enolife.com.ar\/es\/wp-json\/wp\/v2\/media\/163329"}],"wp:attachment":[{"href":"https:\/\/enolife.com.ar\/es\/wp-json\/wp\/v2\/media?parent=163323"}],"wp:term":[{"taxonomy":"category","embeddable":true,"href":"https:\/\/enolife.com.ar\/es\/wp-json\/wp\/v2\/categories?post=163323"},{"taxonomy":"post_tag","embeddable":true,"href":"https:\/\/enolife.com.ar\/es\/wp-json\/wp\/v2\/tags?post=163323"}],"curies":[{"name":"wp","href":"https:\/\/api.w.org\/{rel}","templated":true}]}}