{"id":163311,"date":"2025-09-05T17:06:04","date_gmt":"2025-09-05T17:06:04","guid":{"rendered":"https:\/\/enolife.com.ar\/es\/?p=163311"},"modified":"2025-09-07T14:11:41","modified_gmt":"2025-09-07T14:11:41","slug":"en-2026-la-fiesta-de-la-vendimia-cumple-90-anos-y-busca-su-imagen-con-un-premio-de-6-millones","status":"publish","type":"post","link":"https:\/\/enolife.com.ar\/es\/en-2026-la-fiesta-de-la-vendimia-cumple-90-anos-y-busca-su-imagen-con-un-premio-de-6-millones\/","title":{"rendered":"En 2026, la Fiesta de la Vendimia cumple 90 a\u00f1os y busca su imagen con un premio de $6 millones"},"content":{"rendered":"\n<h4 class=\"wp-block-heading\"><em><strong>La Subsecretar\u00eda de Cultura, dependiente del Ministerio de Educaci\u00f3n, Cultura, Infancias y DGE del Gobierno de Mendoza, llama a concurso p\u00fablico de dise\u00f1o de sistema de identidad y comunicaci\u00f3n visual que promocionar\u00e1 la 90\u00b0 Fiesta Nacional de la Vendimia y el calendario vendimial 2026. Las propuestas se recibir\u00e1n el 2\/10  y el ganador recibir\u00e1 un premio de $6.000.000. <\/strong><\/em><\/h4>\n\n\n\n<div style=\"height:35px\" aria-hidden=\"true\" class=\"wp-block-spacer\"><\/div>\n\n\n\n\n\n<div style=\"height:35px\" aria-hidden=\"true\" class=\"wp-block-spacer\"><\/div>\n\n\n\n<p>La provincia de Mendoza abre el concurso p\u00fablico de dise\u00f1o de sistema de identidad y comunicaci\u00f3n visual que promocionar\u00e1 la 90\u00b0 Fiesta Nacional de la Vendimia y el calendario vendimial 2026. Las propuestas para  se recibir\u00e1n el <strong>2 de octubre de 2025, de 9 a 13 hs, en la sede de Cultura, Av. Espa\u00f1a y Guti\u00e9rrez de Mendoza Capital. <\/strong>La propuesta ganadora recibir\u00e1 un <strong>premio de $6.000.000. <\/strong>Adem\u00e1s, podr\u00e1n otorgarse menciones especiales a sugerencia del jurado y se deber\u00e1 definir un orden de m\u00e9rito.<\/p>\n\n\n\n<p>Para quienes est\u00e9n interesados en participar, el mi\u00e9rcoles <strong>10 de septiembre, a las 12 hs,<\/strong> habr\u00e1 una reuni\u00f3n informativa en la sala Elina Alba (Espa\u00f1a y Guti\u00e9rrez, Ciudad).<\/p>\n\n\n\n<p>Los participantes deber\u00e1n ser de nacionalidad argentina, ser mayores de 18 a\u00f1os, pueden presentarse de forma individual para egresados de carreras de Dise\u00f1o Gr\u00e1fico y\/o Comunicaci\u00f3n Visual, nivel superior, universitario, terciario o tecnicatura; y de forma grupal para equipos de trabajo conformados por dos o m\u00e1s personas, de las cuales al menos un integrante debe ser egresado de carreras de Dise\u00f1o Gr\u00e1fico y\/o Comunicaci\u00f3n Visual, nivel superior universitario, terciario o tecnicatura.<\/p>\n\n\n\n<p>Las propuestas deben reflejar el significado que tiene la Fiesta Nacional de la Vendimia \u2013 90\u00b0 aniversario y el calendario vendimial, en su contexto social y cultural para la edici\u00f3n 2026, cuyo objetivo es poner en valor y promocionar las bondades culturales y tur\u00edsticas de Mendoza.<\/p>\n\n\n\n<p>El concepto de sistema es para dar una imagen integrada y fuerte a todas las piezas comunicacionales de la Fiesta Nacional de la Vendimia 2026. Aqu\u00ed radica la importancia de que cada pieza cumpla su funci\u00f3n espec\u00edfica y que se articule con las restantes. Las propuestas deber\u00e1n ser pensadas para soportes f\u00edsicos y digitales.<\/p>\n\n\n\n<div style=\"height:35px\" aria-hidden=\"true\" class=\"wp-block-spacer\"><\/div>\n\n\n\n<p class=\"has-medium-font-size\"><strong>Integrantes del jurado<\/strong><\/p>\n\n\n\n<ul class=\"wp-block-list\">\n<li>3 (tres) representantes nominados por la Subsecretar\u00eda de Cultura: Carolina Clavijo, Facundo Piedrafita y Lucas Ravalle.<\/li>\n\n\n\n<li>Jurados invitados especiales: Ricardo Colombano, Edgardo Castro y Luis Sarale.<\/li>\n\n\n\n<li>Representante de la Facultad de Artes y Dise\u00f1o de la UCuyo: Ver\u00f3nica Carbone<\/li>\n\n\n\n<li>Representante por Universidad del Aconcagua: Mar\u00eda Alejandra Ricciardi<\/li>\n\n\n\n<li>Representante por Universidad Champagnat: Hern\u00e1n An\u00edbal Guti\u00e9rrez Cedro<\/li>\n\n\n\n<li>Representante por Universidad de Mendoza: Leticia Fernanda Paladini<\/li>\n\n\n\n<li>Representantes por sorteo de: Instituto Superior Manuel Belgrano, Instituto Nicol\u00e1s Avellaneda, Fundaci\u00f3n Gutenberg, Instituto Alberto Arias, Instituto de Educaci\u00f3n Superior Tupungato: Mar\u00eda Marta Farr\u00e1s<\/li>\n\n\n\n<li>Representante de ADIMZA (Asociaci\u00f3n de Dise\u00f1adores de Mendoza): Susana Cabrera<\/li>\n\n\n\n<li>Representante de EMETUR: Luis Serrano<\/li>\n\n\n\n<li>Veedor con voz, pero sin voto, designado por la Subsecretar\u00eda: Walter Gazzo<\/li>\n<\/ul>\n\n\n\n<p>Para conocimiento de los interesados habr\u00e1 ejemplares del libro \u201cLa Vendimia para ver\u201d de Ariel y Fabi\u00e1n Sevilla para ser consultados en la Biblioteca P\u00fablica General San Mart\u00edn. Adem\u00e1s, se adjunta una breve descripci\u00f3n de la historia de la Fiesta Nacional de la Vendimia y un brief redactado por los jurados invitados especiales Ricardo Colombano, Edgardo Castro y Luis Sarale.<\/p>\n\n\n\n<p class=\"has-background\" style=\"background-color:#abb7c242\"><strong>Las bases y anexos se pueden consultar y descargar\u00a0<a href=\"https:\/\/www.mendoza.gov.ar\/cultura\/vendimia\/la-fiesta-nacional-de-la-vendimia-2026-90-aniversario-busca-su-imagen\/\" target=\"_blank\" rel=\"noreferrer noopener\">aqu\u00ed<\/a>.<\/strong><\/p>\n\n\n\n<div style=\"height:35px\" aria-hidden=\"true\" class=\"wp-block-spacer\"><\/div>\n","protected":false},"excerpt":{"rendered":"<p>La Subsecretar\u00eda de Cultura, dependiente del Ministerio de Educaci\u00f3n, Cultura, Infancias y DGE del Gobierno&hellip;<\/p>\n","protected":false},"author":2,"featured_media":163318,"comment_status":"closed","ping_status":"open","sticky":false,"template":"","format":"standard","meta":{"footnotes":""},"categories":[14],"tags":[],"class_list":["post-163311","post","type-post","status-publish","format-standard","has-post-thumbnail","hentry","category-news"],"_links":{"self":[{"href":"https:\/\/enolife.com.ar\/es\/wp-json\/wp\/v2\/posts\/163311","targetHints":{"allow":["GET"]}}],"collection":[{"href":"https:\/\/enolife.com.ar\/es\/wp-json\/wp\/v2\/posts"}],"about":[{"href":"https:\/\/enolife.com.ar\/es\/wp-json\/wp\/v2\/types\/post"}],"author":[{"embeddable":true,"href":"https:\/\/enolife.com.ar\/es\/wp-json\/wp\/v2\/users\/2"}],"replies":[{"embeddable":true,"href":"https:\/\/enolife.com.ar\/es\/wp-json\/wp\/v2\/comments?post=163311"}],"version-history":[{"count":0,"href":"https:\/\/enolife.com.ar\/es\/wp-json\/wp\/v2\/posts\/163311\/revisions"}],"wp:featuredmedia":[{"embeddable":true,"href":"https:\/\/enolife.com.ar\/es\/wp-json\/wp\/v2\/media\/163318"}],"wp:attachment":[{"href":"https:\/\/enolife.com.ar\/es\/wp-json\/wp\/v2\/media?parent=163311"}],"wp:term":[{"taxonomy":"category","embeddable":true,"href":"https:\/\/enolife.com.ar\/es\/wp-json\/wp\/v2\/categories?post=163311"},{"taxonomy":"post_tag","embeddable":true,"href":"https:\/\/enolife.com.ar\/es\/wp-json\/wp\/v2\/tags?post=163311"}],"curies":[{"name":"wp","href":"https:\/\/api.w.org\/{rel}","templated":true}]}}