{"id":163236,"date":"2025-09-08T11:51:54","date_gmt":"2025-09-08T11:51:54","guid":{"rendered":"https:\/\/enolife.com.ar\/es\/?p=163236"},"modified":"2025-09-09T15:03:44","modified_gmt":"2025-09-09T15:03:44","slug":"bodega-trapiche-fundaciones-solidarias-y-comunas-capacitan-a-jovenes-para-conseguir-trabajo","status":"publish","type":"post","link":"https:\/\/enolife.com.ar\/es\/bodega-trapiche-fundaciones-solidarias-y-comunas-capacitan-a-jovenes-para-conseguir-trabajo\/","title":{"rendered":"Bodega Trapiche, fundaciones solidarias y comunas capacitan a j\u00f3venes para conseguir trabajo"},"content":{"rendered":"\n<h4 class=\"wp-block-heading\"><em><strong>La Fundaci\u00f3n Bemberg, la Fundaci\u00f3n Pescar, las Municipalidades de Maip\u00fa y Tupungato de Mendoza y la Asociaci\u00f3n de Empresarios Gastron\u00f3micos, Hoteleros y Afines (Aehga) se unieron para fomentar la preparaci\u00f3n t\u00e9cnica y el empleo de j\u00f3venes de la regi\u00f3n.<\/strong><\/em><\/h4>\n\n\n\n<div style=\"height:35px\" aria-hidden=\"true\" class=\"wp-block-spacer\"><\/div>\n\n\n\n\n\n<div style=\"height:45px\" aria-hidden=\"true\" class=\"wp-block-spacer\"><\/div>\n\n\n\n<p>A fines de agosto de 2025, en<strong> Bodega Trapiche<\/strong> -ubicada en <strong>Coquimbito, Maip\u00fa, Mendoza<\/strong>-, con la presencia de los principales referentes de cada instituci\u00f3n arriba mencionada, se firm\u00f3 un convenio marco que tiene como objetivo fundamental seguir potenciando oportunidades de formaci\u00f3n y empleo en la regi\u00f3n.<\/p>\n\n\n\n<p>Este 2025 marca un a\u00f1o clave para el <strong>Programa de Formaci\u00f3n para J\u00f3venes<\/strong> impulsado por la <strong>Fundaci\u00f3n Bemberg<\/strong>, que llega a su cuarta edici\u00f3n consecutiva, consolid\u00e1ndose como una herramienta eficaz para la inclusi\u00f3n sociolaboral de j\u00f3venes de las comunidades de <strong>Maip\u00fa<\/strong> y <strong>Gualtallary, Tupungato<\/strong>. A trav\u00e9s de una alianza p\u00fablico-privada que involucra a ambos municipios, y con el apoyo constante de Bodega Trapiche, el programa ofrece a los participantes una <strong>formaci\u00f3n integral de 300 horas<\/strong> entre los meses de mayo y noviembre.<\/p>\n\n\n\n<div style=\"height:35px\" aria-hidden=\"true\" class=\"wp-block-spacer\"><\/div>\n\n\n<div class=\"wp-block-image\">\n<figure class=\"aligncenter size-full is-resized\"><a href=\"https:\/\/enolife.com.ar\/es\/wp-content\/uploads\/2025\/09\/Fundacion-Bemberg2.jpg\" data-rel=\"penci-gallery-image-content\" ><img loading=\"lazy\" decoding=\"async\" width=\"960\" height=\"798\" src=\"https:\/\/enolife.com.ar\/es\/wp-content\/uploads\/2025\/09\/Fundacion-Bemberg2.jpg\" alt=\"\" class=\"wp-image-163547\" style=\"width:552px;height:auto\" srcset=\"https:\/\/enolife.com.ar\/es\/wp-content\/uploads\/2025\/09\/Fundacion-Bemberg2.jpg 960w, https:\/\/enolife.com.ar\/es\/wp-content\/uploads\/2025\/09\/Fundacion-Bemberg2-300x249.jpg 300w, https:\/\/enolife.com.ar\/es\/wp-content\/uploads\/2025\/09\/Fundacion-Bemberg2-768x638.jpg 768w, https:\/\/enolife.com.ar\/es\/wp-content\/uploads\/2025\/09\/Fundacion-Bemberg2-585x486.jpg 585w\" sizes=\"auto, (max-width: 960px) 100vw, 960px\" \/><\/a><figcaption class=\"wp-element-caption\"><em><strong>Una de las capacitaciones es en gastronom\u00eda y hoteler\u00eda, a cargo de docentes de Aegha.<\/strong><\/em><\/figcaption><\/figure><\/div>\n\n\n<div style=\"height:35px\" aria-hidden=\"true\" class=\"wp-block-spacer\"><\/div>\n\n\n\n<p>La propuesta educativa, que contempla tanto el desarrollo de habilidades personales como competencias t\u00e9cnicas, culmina con la entrega de un diploma certificado por la <strong>Universidad del Salvador<\/strong>, fomentando la calidad y validez de la formaci\u00f3n en el mundo laboral.<\/p>\n\n\n\n<p>Desde su creaci\u00f3n en 2022, ya <strong>60 j\u00f3venes se han graduado<\/strong>, y se espera que <strong>en 2025 se sumen otros 40 egresados<\/strong>, lo que demuestra el impacto sostenido y positivo del programa en el tiempo.<\/p>\n\n\n\n<p>Adem\u00e1s ahora se sum\u00f3 a la acci\u00f3n la <strong>Fundaci\u00f3n Pescar<\/strong>, que es una organizaci\u00f3n de la sociedad civil sin fines de lucro, cuyo objetivo principal es formar a personas en situaci\u00f3n de vulnerabilidad socioecon\u00f3mica, para que puedan insertarse en el mundo del trabajo y construir un proyecto de vida sostenible a lo largo del tiempo.<\/p>\n\n\n\n<p>Y tambi\u00e9n firmaron el convenio representantes de la <strong>Asociaci\u00f3n de Empresarios Gastron\u00f3micos, Hoteleros y Afines (Aegha)<\/strong>, con la intenci\u00f3n de articular todos los objetivos para seguir potenciando el programa.<\/p>\n\n\n\n<p><em>\u201cPara nosotros es un orgullo muy especial estar presentes y en contacto con toda la comunidad donde producimos vinos. Tenemos un serio compromiso con cada lugar donde llegamos con la compa\u00f1\u00eda, y a parte de sacar grandes vinos, buscamos potenciar el capital humano de cada sitio\u201d<\/em>, coment\u00f3 <strong>Juan Schamber<\/strong>, gerente de Relaciones Institucionales del <strong>Grupo Pe\u00f1aflor<\/strong>, al cual pertenece la bodega Trapiche.<\/p>\n\n\n\n<p><em>\u201cEste programa refleja nuestra convicci\u00f3n de que la transformaci\u00f3n social comienza con oportunidades concretas. Acompa\u00f1ar el recorrido formativo de tantos j\u00f3venes y verlos crecer profesionalmente es una enorme satisfacci\u00f3n y una muestra de que el trabajo conjunto entre lo p\u00fablico y lo privado puede generar cambios reales\u201d<\/em>, sostuvo <strong>Sof\u00eda Bunge<\/strong>, presidenta de la Fundaci\u00f3n Bemberg.<\/p>\n\n\n\n<p>Con iniciativas como esta, Bodega Trapiche, Fundaci\u00f3n Bemberg, la Municipalidad de Maip\u00fa, la Municipalidad de Tupungato, la Fundaci\u00f3n Pescar y Aehga reafirman su compromiso con un modelo de desarrollo sostenible que pone el foco en las personas, la educaci\u00f3n y la empleabilidad, construyendo un presente con m\u00e1s oportunidades y un futuro m\u00e1s justo para todos.<\/p>\n\n\n\n<p class=\"has-background\" style=\"background-color:#abb7c24f\">Para m\u00e1s info: <a href=\"https:\/\/fundacionbemberg.org.ar\/\"><strong>https:\/\/fundacionbemberg.org.ar\/<\/strong><\/a><\/p>\n\n\n\n<div style=\"height:44px\" aria-hidden=\"true\" class=\"wp-block-spacer\"><\/div>\n","protected":false},"excerpt":{"rendered":"<p>La Fundaci\u00f3n Bemberg, la Fundaci\u00f3n Pescar, las Municipalidades de Maip\u00fa y Tupungato de Mendoza y&hellip;<\/p>\n","protected":false},"author":2,"featured_media":163555,"comment_status":"closed","ping_status":"open","sticky":false,"template":"","format":"standard","meta":{"footnotes":""},"categories":[57],"tags":[],"class_list":["post-163236","post","type-post","status-publish","format-standard","has-post-thumbnail","hentry","category-empresas"],"_links":{"self":[{"href":"https:\/\/enolife.com.ar\/es\/wp-json\/wp\/v2\/posts\/163236","targetHints":{"allow":["GET"]}}],"collection":[{"href":"https:\/\/enolife.com.ar\/es\/wp-json\/wp\/v2\/posts"}],"about":[{"href":"https:\/\/enolife.com.ar\/es\/wp-json\/wp\/v2\/types\/post"}],"author":[{"embeddable":true,"href":"https:\/\/enolife.com.ar\/es\/wp-json\/wp\/v2\/users\/2"}],"replies":[{"embeddable":true,"href":"https:\/\/enolife.com.ar\/es\/wp-json\/wp\/v2\/comments?post=163236"}],"version-history":[{"count":0,"href":"https:\/\/enolife.com.ar\/es\/wp-json\/wp\/v2\/posts\/163236\/revisions"}],"wp:featuredmedia":[{"embeddable":true,"href":"https:\/\/enolife.com.ar\/es\/wp-json\/wp\/v2\/media\/163555"}],"wp:attachment":[{"href":"https:\/\/enolife.com.ar\/es\/wp-json\/wp\/v2\/media?parent=163236"}],"wp:term":[{"taxonomy":"category","embeddable":true,"href":"https:\/\/enolife.com.ar\/es\/wp-json\/wp\/v2\/categories?post=163236"},{"taxonomy":"post_tag","embeddable":true,"href":"https:\/\/enolife.com.ar\/es\/wp-json\/wp\/v2\/tags?post=163236"}],"curies":[{"name":"wp","href":"https:\/\/api.w.org\/{rel}","templated":true}]}}