{"id":163190,"date":"2025-09-04T22:18:58","date_gmt":"2025-09-04T22:18:58","guid":{"rendered":"https:\/\/enolife.com.ar\/es\/?p=163190"},"modified":"2025-09-05T23:50:18","modified_gmt":"2025-09-05T23:50:18","slug":"incendios-en-europa-como-prevenir-el-defecto-del-humo-en-el-vino-por-la-ceniza-caida-en-las-vinas","status":"publish","type":"post","link":"https:\/\/enolife.com.ar\/es\/incendios-en-europa-como-prevenir-el-defecto-del-humo-en-el-vino-por-la-ceniza-caida-en-las-vinas\/","title":{"rendered":"Incendios en Europa: C\u00f3mo prevenir el defecto del humo en el vino por la ceniza ca\u00edda en las vi\u00f1as"},"content":{"rendered":"\n<h4 class=\"wp-block-heading\"><em><strong>Ya iniciada la cosecha en muchas regiones de Europa en las que el fuego producto de las sequ\u00edas ha arrasado un mill\u00f3n de hect\u00e1reas de campo, en\u00f3logos y viticultores se enfrentan al desaf\u00edo del \u00abdefecto del humo\u00bb en el vino, un fen\u00f3meno causado por la absorci\u00f3n de compuestos fen\u00f3licos vol\u00e1tiles por las uvas. Si no se previene o remedia el problema, los residuos de la combusti\u00f3n de vegetaci\u00f3n acumulados sobre los vi\u00f1edos terminan transform\u00e1ndose en aromas y sabores indeseados (ceniza, alquitr\u00e1n, carne ahumada). Si bien en Argentina no padecemos esta situaci\u00f3n, siempre es bueno estar atentos y conocer c\u00f3mo detectar y minimizar su impacto, por lo que resulta de inter\u00e9s el webinar gratuito que la empresa italiana Infowine ofrecer\u00e1 el 11 de setiembre -de libre participaci\u00f3n previa inscripci\u00f3n-, el que ser\u00e1 dictado por los ingenieros agr\u00f3nomos espa\u00f1oles Antonio Palacios y Julio Prieto<\/strong><\/em><strong><em>.<\/em><\/strong><\/h4>\n\n\n\n<div style=\"height:35px\" aria-hidden=\"true\" class=\"wp-block-spacer\"><\/div>\n\n\n<a href=\"https:\/\/www.lallemandwine.com\/es\/south-america\/\" aria-label=\"Lallemand_1700X500 (002)\"><img loading=\"lazy\" decoding=\"async\" src=\"https:\/\/enolife.com.ar\/es\/wp-content\/uploads\/2021\/06\/Lallemand_1700X500-002.jpg\" alt=\"\"  srcset=\"https:\/\/enolife.com.ar\/es\/wp-content\/uploads\/2021\/06\/Lallemand_1700X500-002.jpg 1700w, https:\/\/enolife.com.ar\/es\/wp-content\/uploads\/2021\/06\/Lallemand_1700X500-002-300x88.jpg 300w, https:\/\/enolife.com.ar\/es\/wp-content\/uploads\/2021\/06\/Lallemand_1700X500-002-1024x301.jpg 1024w, https:\/\/enolife.com.ar\/es\/wp-content\/uploads\/2021\/06\/Lallemand_1700X500-002-768x226.jpg 768w, https:\/\/enolife.com.ar\/es\/wp-content\/uploads\/2021\/06\/Lallemand_1700X500-002-1536x452.jpg 1536w, https:\/\/enolife.com.ar\/es\/wp-content\/uploads\/2021\/06\/Lallemand_1700X500-002-1170x344.jpg 1170w, https:\/\/enolife.com.ar\/es\/wp-content\/uploads\/2021\/06\/Lallemand_1700X500-002-585x172.jpg 585w\" sizes=\"auto, (max-width: 1700px) 100vw, 1700px\" width=\"1700\" height=\"500\"   \/><\/a>\n\n\n<div style=\"height:45px\" aria-hidden=\"true\" class=\"wp-block-spacer\"><\/div>\n\n\n\n<p>Vastas regiones del territorio de la <strong>Uni\u00f3n Europea (UE)<\/strong> sufren la peor temporada de incendios de su historia reciente: m\u00e1s de <strong>1.800 fuegos han quemado un mill\u00f3n de hect\u00e1reas<\/strong>, con <strong>Francia, Espa\u00f1a, Portugal <\/strong>e <strong>Italia <\/strong>entre los pa\u00edses m\u00e1s afectados. Expertos alertan que el cambio clim\u00e1tico y la sequ\u00eda est\u00e1n llevando los sistemas de extinci\u00f3n de estos incenidios al l\u00edmite.<\/p>\n\n\n\n<p>Una consecuencia de esto es el temido gusto a humo en el vino, conocido t\u00e9cnicamente como&nbsp;\u00ab<em>Smoke Taint<\/em>\u00bb o \u00abdefecto del humo\u00bb, que se ha convertido en una amenaza en las zonas vitivin\u00edcolas expuestas a los incendios forestales, ya que este fen\u00f3meno de origen qu\u00edmico y sensorial afecta directamente a la calidad de los vinos.<\/p>\n\n\n\n<div style=\"height:35px\" aria-hidden=\"true\" class=\"wp-block-spacer\"><\/div>\n\n\n<div class=\"wp-block-image\">\n<figure class=\"aligncenter size-full is-resized\"><a href=\"https:\/\/enolife.com.ar\/es\/wp-content\/uploads\/2025\/09\/incendios-forestales-Amazonia.jpg\" data-rel=\"penci-gallery-image-content\" ><img loading=\"lazy\" decoding=\"async\" width=\"850\" height=\"500\" src=\"https:\/\/enolife.com.ar\/es\/wp-content\/uploads\/2025\/09\/incendios-forestales-Amazonia.jpg\" alt=\"\" class=\"wp-image-163218\" style=\"width:652px;height:auto\" srcset=\"https:\/\/enolife.com.ar\/es\/wp-content\/uploads\/2025\/09\/incendios-forestales-Amazonia.jpg 850w, https:\/\/enolife.com.ar\/es\/wp-content\/uploads\/2025\/09\/incendios-forestales-Amazonia-300x176.jpg 300w, https:\/\/enolife.com.ar\/es\/wp-content\/uploads\/2025\/09\/incendios-forestales-Amazonia-768x452.jpg 768w, https:\/\/enolife.com.ar\/es\/wp-content\/uploads\/2025\/09\/incendios-forestales-Amazonia-585x344.jpg 585w\" sizes=\"auto, (max-width: 850px) 100vw, 850px\" \/><\/a><\/figure><\/div>\n\n\n<div style=\"height:35px\" aria-hidden=\"true\" class=\"wp-block-spacer\"><\/div>\n\n\n\n<p>Este defecto&nbsp;se produce cuando compuestos vol\u00e1tiles del humo, principalmente&nbsp;fenoles libres&nbsp;y sus formas&nbsp;glicosiladas, <strong>se depositan sobre la piel de las uvas o son absorbidos por \u00e9stas.<\/strong> Durante la fermentaci\u00f3n y la crianza, esos compuestos se liberan y dan lugar a aromas indeseables como&nbsp;<strong>ceniza, alquitr\u00e1n, caucho quemado o carne ahumada<\/strong>, adem\u00e1s de una sensaci\u00f3n&nbsp;amarga y persistente en boca&nbsp;que oculta la expresi\u00f3n frutal del vino. Lo m\u00e1s preocupante:&nbsp;sus efectos no son reversibles.<\/p>\n\n\n\n<p>Ante esta situaci\u00f3n, controles de detecci\u00f3n, an\u00e1lisis y diferentes estrategias pueden ayudar a las bodegas a tomar decisiones cr\u00edticas antes de la vendimia. Para conocer en profundidad estas t\u00e9cnicas, se realizar\u00e1 un webinar gratuito -con previa inscripci\u00f3n- en el que disertar\u00e1n el en\u00f3logo <strong>Antonio Palacios<\/strong>, director de Excell Ib\u00e9rica y el ingeniero agr\u00f3nomo <strong>Julio Prieto<\/strong> de la Universidad de La Rioja y titular de Origen, ambos espa\u00f1oles.<\/p>\n\n\n\n<div style=\"height:35px\" aria-hidden=\"true\" class=\"wp-block-spacer\"><\/div>\n\n\n\n<blockquote class=\"wp-block-quote is-layout-flow wp-block-quote-is-layout-flow\">\n<p>Detectar el defecto de humo en uvas permite una actuaci\u00f3n preventiva. Una vez que est\u00e1 en el vino, solo quedan tratamientos correctivos, m\u00e1s agresivos y que siempre comprometen la calidad final\u201d.<\/p>\n\n\n\n<p class=\"has-vivid-red-color has-text-color has-link-color wp-elements-e80d3a6b204eba4b221fcc05b856d1a1\"><strong>ANTONIO PALACIOS, director de Excell Ib\u00e9rica <\/strong><\/p>\n<\/blockquote>\n\n\n\n<div style=\"height:30px\" aria-hidden=\"true\" class=\"wp-block-spacer\"><\/div>\n\n\n\n<p class=\"has-medium-font-size\"><strong>Datos del webinar <\/strong><\/p>\n\n\n\n<p><strong>Fecha<\/strong>: jueves 11 de setiembre de 2025 de 12 a 13.30 hs en Argentina<\/p>\n\n\n\n<p><strong>Conferencistas<\/strong>: Antonio Palacios, ingeniero agr\u00f3nomo y profesor de Tecnolog\u00eda de los Alimentos en la Universidad Polit\u00e9cnica de Madrid (UPM), y Julio Prieto, de la Universidad de La Rioja, Espa\u00f1a.<\/p>\n\n\n\n<p class=\"has-background\" style=\"background-color:#abb7c269\"><strong>Inscripci\u00f3n: <a href=\"http:\/\/jue., 11 de sep. de 2025 12:00 - 13:30 -03\">AQUI<\/a><\/strong><\/p>\n\n\n\n<div style=\"height:35px\" aria-hidden=\"true\" class=\"wp-block-spacer\"><\/div>\n\n\n\n<p class=\"has-medium-font-size\"><strong>Temario <\/strong><\/p>\n\n\n\n<p>En este seminario, Antonio Palacios abordar\u00e1 de forma pr\u00e1ctica y actualizada los mecanismos de aparici\u00f3n del <em>\u201csmoke taint\u201d<\/em>, las metodolog\u00edas anal\u00edticas para su detecci\u00f3n y las estrategias en bodega que permiten minimizar su impacto en la calidad y comercializaci\u00f3n de los vinos.<\/p>\n\n\n\n<p>Se hablar\u00e1 tambi\u00e9n de la resiliencia de la vi\u00f1a frente a los incendios. En este sentido, Julio Prieto compartir\u00e1 consejos pr\u00e1cticos sobre c\u00f3mo podar y cuidar la vi\u00f1a tras un incendio, mostrando qu\u00e9 partes est\u00e1n a\u00fan activas para favorecer su recuperaci\u00f3n.<\/p>\n\n\n\n<div style=\"height:35px\" aria-hidden=\"true\" class=\"wp-block-spacer\"><\/div>\n\n\n\n<p><\/p>\n\n\n\n<p><\/p>\n","protected":false},"excerpt":{"rendered":"<p>Ya iniciada la cosecha en muchas regiones de Europa en las que el fuego producto&hellip;<\/p>\n","protected":false},"author":2,"featured_media":163217,"comment_status":"closed","ping_status":"open","sticky":false,"template":"","format":"standard","meta":{"footnotes":""},"categories":[47],"tags":[],"class_list":["post-163190","post","type-post","status-publish","format-standard","has-post-thumbnail","hentry","category-agenda"],"_links":{"self":[{"href":"https:\/\/enolife.com.ar\/es\/wp-json\/wp\/v2\/posts\/163190","targetHints":{"allow":["GET"]}}],"collection":[{"href":"https:\/\/enolife.com.ar\/es\/wp-json\/wp\/v2\/posts"}],"about":[{"href":"https:\/\/enolife.com.ar\/es\/wp-json\/wp\/v2\/types\/post"}],"author":[{"embeddable":true,"href":"https:\/\/enolife.com.ar\/es\/wp-json\/wp\/v2\/users\/2"}],"replies":[{"embeddable":true,"href":"https:\/\/enolife.com.ar\/es\/wp-json\/wp\/v2\/comments?post=163190"}],"version-history":[{"count":0,"href":"https:\/\/enolife.com.ar\/es\/wp-json\/wp\/v2\/posts\/163190\/revisions"}],"wp:featuredmedia":[{"embeddable":true,"href":"https:\/\/enolife.com.ar\/es\/wp-json\/wp\/v2\/media\/163217"}],"wp:attachment":[{"href":"https:\/\/enolife.com.ar\/es\/wp-json\/wp\/v2\/media?parent=163190"}],"wp:term":[{"taxonomy":"category","embeddable":true,"href":"https:\/\/enolife.com.ar\/es\/wp-json\/wp\/v2\/categories?post=163190"},{"taxonomy":"post_tag","embeddable":true,"href":"https:\/\/enolife.com.ar\/es\/wp-json\/wp\/v2\/tags?post=163190"}],"curies":[{"name":"wp","href":"https:\/\/api.w.org\/{rel}","templated":true}]}}