{"id":163162,"date":"2025-09-05T15:05:43","date_gmt":"2025-09-05T15:05:43","guid":{"rendered":"https:\/\/enolife.com.ar\/es\/?p=163162"},"modified":"2025-09-07T14:11:31","modified_gmt":"2025-09-07T14:11:31","slug":"el-gobierno-devolvio-funciones-y-autarquia-al-inv-pero-los-49-cesanteados-siguen-en-el-limbo","status":"publish","type":"post","link":"https:\/\/enolife.com.ar\/es\/el-gobierno-devolvio-funciones-y-autarquia-al-inv-pero-los-49-cesanteados-siguen-en-el-limbo\/","title":{"rendered":"El gobierno devolvi\u00f3 funciones y autarqu\u00eda al INV, pero los 49 cesanteados siguen en el limbo"},"content":{"rendered":"\n<h4 class=\"wp-block-heading\"><em><strong>En el marco de las reformas al Estado y la reestructuraci\u00f3n de organismos descentralizados, con el objetivo declarado de achicar el gasto, el presidente argentino Javier Milei dispuso el 7\/7\/2025, por el decreto 462\/2025, que el Instituto Nacional de Vitivinicultura (INV) y otras entidades aut\u00e1rquicas del campo, la educaci\u00f3n y la tecnolog\u00eda (INTI, INTA, INPI, Inafci y Ariccame) cesaran en muchas de sus funciones, achicaran con despidos sus plantas de personal y pasaran a ser s\u00f3lo \u00abunidades ejecutoras\u00bb del Ministerio de Econom\u00eda de la Naci\u00f3n.<\/strong><\/em><strong><em> <\/em><\/strong><\/h4>\n\n\n\n<hr class=\"wp-block-separator has-alpha-channel-opacity\"\/>\n\n\n\n<h4 class=\"wp-block-heading\"><em><strong>Sin embargo, tras una serie de reveses pol\u00edticos en el Congreso de la Naci\u00f3n y el veto a ese decreto, este pasado mi\u00e9rcoles 3\/9\/2025 el gobierno public\u00f3 en el Bolet\u00edn Oficial un nuevo decreto volviendol atr\u00e1s la situaci\u00f3n, devolviendo la autarqu\u00eda administrativa aunque no la financiera al INV. Pero los 49 empleados de planta pasados a \u00abdisponibilidad\u00bb no ha sido notificados a\u00fan si son reincorporados.<\/strong><\/em><\/h4>\n\n\n\n<div style=\"height:35px\" aria-hidden=\"true\" class=\"wp-block-spacer\"><\/div>\n\n\n<a href=\"https:\/\/durox.com.ar\/\" aria-label=\"1700x500px\"><img loading=\"lazy\" decoding=\"async\" src=\"https:\/\/enolife.com.ar\/es\/wp-content\/uploads\/2025\/01\/1700x500px.jpg\" alt=\"\"  srcset=\"https:\/\/enolife.com.ar\/es\/wp-content\/uploads\/2025\/01\/1700x500px.jpg 1700w, https:\/\/enolife.com.ar\/es\/wp-content\/uploads\/2025\/01\/1700x500px-300x88.jpg 300w, https:\/\/enolife.com.ar\/es\/wp-content\/uploads\/2025\/01\/1700x500px-1024x301.jpg 1024w, https:\/\/enolife.com.ar\/es\/wp-content\/uploads\/2025\/01\/1700x500px-768x226.jpg 768w, https:\/\/enolife.com.ar\/es\/wp-content\/uploads\/2025\/01\/1700x500px-1536x452.jpg 1536w, https:\/\/enolife.com.ar\/es\/wp-content\/uploads\/2025\/01\/1700x500px-1170x344.jpg 1170w, https:\/\/enolife.com.ar\/es\/wp-content\/uploads\/2025\/01\/1700x500px-585x172.jpg 585w\" sizes=\"auto, (max-width: 1700px) 100vw, 1700px\" width=\"1700\" height=\"500\"   \/><\/a>\n\n\n<div style=\"height:45px\" aria-hidden=\"true\" class=\"wp-block-spacer\"><\/div>\n\n\n\n<p>El <strong>Gobierno argentino<\/strong> public\u00f3 el <a href=\"https:\/\/www.boletinoficial.gov.ar\/detalleAviso\/primera\/330755\/20250903\"><strong>decreto 627\/2025<\/strong><\/a>, que vuelve atr\u00e1s con las reestructuraciones en el <strong>Instituto Nacional de Vitivinicultura (INV) <\/strong>y el <strong>Instituto Nacional de Tecnolog\u00eda Agropecuaria (INTA)<\/strong>, entre otros organismos del campo y la tecnolog\u00eda que hab\u00edan sido absorbidos por el <strong>Ministerio de Econom\u00eda de la Naci\u00f3n<\/strong>, perdiendo su autonom\u00eda administrativa y financiera y sufriendo 49 despidos en el primer caso y alrededor de 300 en el INTA. Desde los gremios y sindicatos que recibieron la noticia manifestaron cautela y, seg\u00fan expresaron, est\u00e1n a la espera de c\u00f3mo se resolver\u00e1 la transici\u00f3n, en especial con respecto a la autonom\u00eda financiera que siempre antes tuvieron desde su creaci\u00f3n y el reintegro del personal a sus puestos de trabajo.<\/p>\n\n\n\n<div style=\"height:20px\" aria-hidden=\"true\" class=\"wp-block-spacer\"><\/div>\n\n\n\n<p class=\"has-cyan-bluish-gray-background-color has-background\">El <strong>nuevo <a href=\"https:\/\/www.boletinoficial.gov.ar\/detalleAviso\/primera\/330755\/20250903\">decreto 627\/2025 <\/a><\/strong>del Poder Ejecutivo nacional llega casi dos semanas despu\u00e9s de que las dos C\u00e1maras del Congreso argentino ratificaran el veto al <strong><a href=\"https:\/\/www.boletinoficial.gob.ar\/detalleAviso\/primera\/328017\/20250708\">decreto 462\/25<\/a><\/strong> anterior, que establec\u00eda que el INV y el INTA dejaban de ser organismos descentralizados para convertirse en unidades organizativas bajo la \u00f3rbita de la Secretar\u00eda de Agricultura, Ganader\u00eda y Pesca, del Ministerio de Econom\u00eda.<\/p>\n\n\n\n<div style=\"height:26px\" aria-hidden=\"true\" class=\"wp-block-spacer\"><\/div>\n\n\n\n<p>En el INV, tras conocer el nuevo decreto que da marcha atr\u00e1s a las reestructuraciones originales de julio, algunos de los empleados de plantas pasados a \u00abdisponibilidad\u00bb se presentaron nuevamente a sus puestos de trabajos. Sin embargo, a\u00fan todo es desconcierto. <em>\u00abVine hoy al INV para notificarme sobre qu\u00e9 pasar\u00e1 despu\u00e9s de la ca\u00edda del decreto 462, pero por el momento no hay nadie en la oficina y no hay informaci\u00f3n sobre qu\u00e9 pasar\u00e1 en adelante\u00bb<\/em>, confi\u00f3 el 4\/9 a <strong>Enolife<\/strong> uno de los trabajadores cesanteados.<\/p>\n\n\n\n<div style=\"height:23px\" aria-hidden=\"true\" class=\"wp-block-spacer\"><\/div>\n\n\n<div class=\"wp-block-image\">\n<figure class=\"aligncenter size-large is-resized\"><a href=\"https:\/\/enolife.com.ar\/es\/wp-content\/uploads\/2025\/09\/Protesta-INV.jpg\" data-rel=\"penci-gallery-image-content\" ><img loading=\"lazy\" decoding=\"async\" width=\"1024\" height=\"583\" src=\"https:\/\/enolife.com.ar\/es\/wp-content\/uploads\/2025\/09\/Protesta-INV-1024x583.jpg\" alt=\"\" class=\"wp-image-163281\" style=\"width:712px;height:auto\" srcset=\"https:\/\/enolife.com.ar\/es\/wp-content\/uploads\/2025\/09\/Protesta-INV-1024x583.jpg 1024w, https:\/\/enolife.com.ar\/es\/wp-content\/uploads\/2025\/09\/Protesta-INV-300x171.jpg 300w, https:\/\/enolife.com.ar\/es\/wp-content\/uploads\/2025\/09\/Protesta-INV-768x437.jpg 768w, https:\/\/enolife.com.ar\/es\/wp-content\/uploads\/2025\/09\/Protesta-INV-1536x875.jpg 1536w, https:\/\/enolife.com.ar\/es\/wp-content\/uploads\/2025\/09\/Protesta-INV-1170x666.jpg 1170w, https:\/\/enolife.com.ar\/es\/wp-content\/uploads\/2025\/09\/Protesta-INV-585x333.jpg 585w, https:\/\/enolife.com.ar\/es\/wp-content\/uploads\/2025\/09\/Protesta-INV.jpg 1896w\" sizes=\"auto, (max-width: 1024px) 100vw, 1024px\" \/><\/a><\/figure><\/div>\n\n\n<div style=\"height:40px\" aria-hidden=\"true\" class=\"wp-block-spacer\"><\/div>\n\n\n\n<p>El nuevo decreto del mi\u00e9rcoles 3\/9, dando marcha atr\u00e1s al decreto original del 7\/7, establece que \u00ab<em>se debe instruir \u201ca las distintas jurisdicciones y autoridades competentes a dictar los actos administrativos necesarios para el adecuado cumplimiento de la presente medida y su operatividad efectiva\u201d<\/em>. Es decir, retrotraer la situaci\u00f3n a la que ten\u00eda antes del decreto 462 de reestructuraci\u00f3n. Sin embargo, tambi\u00e9n dispone que, <em>\u201chasta tanto se perfeccionen las modificaciones presupuestarias y dem\u00e1s medidas necesarias para permitir la plena operatividad de los organismos afectados, los servicios administrativos financieros y los servicios jur\u00eddicos permanentes de la Jefatura de Gabinete de Ministros, de la Secretar\u00eda General de la Presidencia de la Naci\u00f3n y del Ministerio de Econom\u00eda prestar\u00e1n, transitoriamente y cuando sea necesario, los servicios relativos a la ejecuci\u00f3n presupuestaria, contable, financiera, de compras, de recursos humanos, control interno y en materia jur\u00eddica, de representaci\u00f3n y patrocinio en sede judicial\u201d<\/em>. En otras palabras, que por ahora<strong> <\/strong>los organismos no recuperar\u00e1n la autonom\u00eda financiera.<\/p>\n\n\n\n<div style=\"height:30px\" aria-hidden=\"true\" class=\"wp-block-spacer\"><\/div>\n\n\n\n<p class=\"has-medium-font-size\"><strong>\u00abEl INV no regula, cuida la salud p\u00fablica y la genuinidad del vino\u00bb<\/strong> <\/p>\n\n\n\n<p>Por su parte, desde el sector gremial, <strong>Gonzalo P\u00e9rez Cat\u00f3n, <\/strong>delegado de la<strong> Asociaci\u00f3n de Trabajadores del Estado (ATE) <\/strong>en el INV, manifest\u00f3 a<strong> Enolife:<\/strong> \u00ab<em>El decreto 462, que transformaba al INV de un organismo descentralizado en una unidad ejecutora dentro de la Secretar\u00eda de Agricultura, tuvo el doble rechazo de Senadores y Diputados en el Congreso nacional; en el inter\u00edn sali\u00f3 otro decreto, el 585, que implicaba cambios en la estructura del INV. Posteriormente, en el momento en que se estaba votando en el Senado por la aprobaci\u00f3n o el rechazo del 462, el gobierno sac\u00f3 otra resoluci\u00f3n, la 1.240, con la firma del ministro de Econom\u00eda de la Naci\u00f3n, que dej\u00f3 en disponibilidad a 49 trabajadores del INV y otros del INTA y el Inase\u00bb.<\/em><\/p>\n\n\n\n<div style=\"height:24px\" aria-hidden=\"true\" class=\"wp-block-spacer\"><\/div>\n\n\n<div class=\"wp-block-image\">\n<figure class=\"aligncenter size-full\"><a href=\"https:\/\/enolife.com.ar\/es\/wp-content\/uploads\/2025\/04\/inta-protesta.jpg\" data-rel=\"penci-gallery-image-content\" ><img loading=\"lazy\" decoding=\"async\" width=\"700\" height=\"467\" src=\"https:\/\/enolife.com.ar\/es\/wp-content\/uploads\/2025\/04\/inta-protesta.jpg\" alt=\"\" class=\"wp-image-144013\" srcset=\"https:\/\/enolife.com.ar\/es\/wp-content\/uploads\/2025\/04\/inta-protesta.jpg 700w, https:\/\/enolife.com.ar\/es\/wp-content\/uploads\/2025\/04\/inta-protesta-300x200.jpg 300w, https:\/\/enolife.com.ar\/es\/wp-content\/uploads\/2025\/04\/inta-protesta-585x390.jpg 585w\" sizes=\"auto, (max-width: 700px) 100vw, 700px\" \/><\/a><\/figure><\/div>\n\n\n<div style=\"height:45px\" aria-hidden=\"true\" class=\"wp-block-spacer\"><\/div>\n\n\n\n<p><em>\u00abPero<\/em> -continu\u00f3 explicando el gremialista P\u00e9rez Cat\u00f3n- <em>a partir de una cautelar que hab\u00eda con el INTA, se fren\u00f3 tanto la aplicaci\u00f3n de los efectos del 462 y el 585 y tambi\u00e9n se extendi\u00f3 a la resoluci\u00f3n a la 1.240. Esa resoluci\u00f3n tambi\u00e9n est\u00e1 frenada por un fallo que sali\u00f3 en la prrovincia de Buenos Aires, en San Mart\u00edn, y nosotros tenemos tambi\u00e9n presentado una medida cautelar, cuya resoluci\u00f3n esperamos\u00bb.<\/em><\/p>\n\n\n\n<p>Y continu\u00f3 el delegado: <em>\u00abEn cuanto a las funciones del presidente deL INV, durante la corta vigencia que tuvo el decreto 462, el funcionario pas\u00f3 a ser titular de una &#8216;unidad ejecutora&#8217;.  Ahora, con las derogaciones, lo que se entiende es que esa \u00faltima resoluci\u00f3n 1.240, que era la que pon\u00eda en disponibilidad a toda la gente del INV, el INTA y el INASE, quedar\u00eda sin sustento legal. Si bien el decreto de derogaci\u00f3n est\u00e1, el INTA recibi\u00f3 una notificaci\u00f3n formal sobre la marcha atr\u00e1s de poner personal a disponibilidad, pero al INV esa notificaci\u00f3n a\u00fan no lleg\u00f3, reci\u00e9n cuando eso suceda vamos a poder decir c\u00f3mo sigue todo. Lo que corresponder\u00eda legalmente, a los efectos de hacer las cosas de forma prolija, es que llegue esa resoluci\u00f3n\u00bb<\/em>.<\/p>\n\n\n\n<div style=\"height:22px\" aria-hidden=\"true\" class=\"wp-block-spacer\"><\/div>\n\n\n\n<blockquote class=\"wp-block-quote is-layout-flow wp-block-quote-is-layout-flow\">\n<p>Tambi\u00e9n vale aclarar que la mayor\u00eda de la gente, no obstante estar en disponibilidad, ha seguido asistiendo a sus lugares de trabajo, hasta que se defina la situaci\u00f3n legal, porque hemos presentado el amparo\u00bb.<em> <\/em><br><strong>GONZALO P\u00c9REZ CAT\u00d3N, delegado de ATE en el INV<\/strong><\/p>\n<\/blockquote>\n\n\n\n<div style=\"height:21px\" aria-hidden=\"true\" class=\"wp-block-spacer\"><\/div>\n\n\n\n<p><em><em>En cuanto a las funciones del INV, al derogarse el decreto 462, el organismo vuelve a retomar las funciones otorgadas por la Ley de vino 14.878, es decir las de siempre, o sea que hoy estamos como antes del 7 de julio, cuando se publicaron los decretos.\u00bb<\/em><\/em>, subray\u00f3 P\u00e9rez Cat\u00f3n.<\/p>\n\n\n\n<p>Con respecto a lo que puede suceder en el futuro inmediato, el gremialista dijo finalmente: <em>\u00abNosotros entendemos que se hagan reformas, pero democr\u00e1ticamente, con el asesoramiento t\u00e9cnico de los profesionales del INV, que pueden ayudar a entender la importancia de cada una de las funciones, y no cortar todo de golpe.<\/em> <em>Las modificaciones deber\u00edan nacer de una discusi\u00f3n de los diferentes actores&#8230; Todos entendemos que el mundo va avanzando, y por ende las distintas industrias, y nosotros siempre sostuvimos que se pod\u00edan hacer cambios. Tambi\u00e9n hubo un error de interpretaci\u00f3n: el INV nunca regul\u00f3 nada. Lo \u00fanico que hac\u00eda el Instituto desde los a\u00f1os 90, cuando se hizo la \u00faltima modificaci\u00f3n de sus tareas, era el control de la fiscalizaci\u00f3n y fundamentalmente el cuidado de la salud p\u00fablica, controlando la genuinidad, la calidad y la aptitud para el consumo del vino.\u00bb<\/em><\/p>\n\n\n\n<div style=\"height:29px\" aria-hidden=\"true\" class=\"wp-block-spacer\"><\/div>\n\n\n\n<p class=\"has-medium-font-size\"><\/p>\n\n\n\n<p><\/p>\n\n\n\n<p><\/p>\n\n\n\n<p><\/p>\n\n\n\n<p><\/p>\n\n\n\n<p><em> <\/em><\/p>\n\n\n\n<p><\/p>\n\n\n\n<p><\/p>\n\n\n\n<p><\/p>\n\n\n\n<p><\/p>\n\n\n\n<p><\/p>\n\n\n\n<p><\/p>\n","protected":false},"excerpt":{"rendered":"<p>En el marco de las reformas al Estado y la reestructuraci\u00f3n de organismos descentralizados, con&hellip;<\/p>\n","protected":false},"author":2,"featured_media":163179,"comment_status":"closed","ping_status":"open","sticky":false,"template":"","format":"standard","meta":{"footnotes":""},"categories":[14],"tags":[],"class_list":["post-163162","post","type-post","status-publish","format-standard","has-post-thumbnail","hentry","category-news"],"_links":{"self":[{"href":"https:\/\/enolife.com.ar\/es\/wp-json\/wp\/v2\/posts\/163162","targetHints":{"allow":["GET"]}}],"collection":[{"href":"https:\/\/enolife.com.ar\/es\/wp-json\/wp\/v2\/posts"}],"about":[{"href":"https:\/\/enolife.com.ar\/es\/wp-json\/wp\/v2\/types\/post"}],"author":[{"embeddable":true,"href":"https:\/\/enolife.com.ar\/es\/wp-json\/wp\/v2\/users\/2"}],"replies":[{"embeddable":true,"href":"https:\/\/enolife.com.ar\/es\/wp-json\/wp\/v2\/comments?post=163162"}],"version-history":[{"count":0,"href":"https:\/\/enolife.com.ar\/es\/wp-json\/wp\/v2\/posts\/163162\/revisions"}],"wp:featuredmedia":[{"embeddable":true,"href":"https:\/\/enolife.com.ar\/es\/wp-json\/wp\/v2\/media\/163179"}],"wp:attachment":[{"href":"https:\/\/enolife.com.ar\/es\/wp-json\/wp\/v2\/media?parent=163162"}],"wp:term":[{"taxonomy":"category","embeddable":true,"href":"https:\/\/enolife.com.ar\/es\/wp-json\/wp\/v2\/categories?post=163162"},{"taxonomy":"post_tag","embeddable":true,"href":"https:\/\/enolife.com.ar\/es\/wp-json\/wp\/v2\/tags?post=163162"}],"curies":[{"name":"wp","href":"https:\/\/api.w.org\/{rel}","templated":true}]}}