{"id":163125,"date":"2025-09-07T13:11:32","date_gmt":"2025-09-07T13:11:32","guid":{"rendered":"https:\/\/enolife.com.ar\/es\/?p=163125"},"modified":"2025-09-09T00:31:30","modified_gmt":"2025-09-09T00:31:30","slug":"con-4-bodegas-de-gualtallary-el-ciclo-entre-copas-del-sheraton-mendoza-arranca-el-18-9","status":"publish","type":"post","link":"https:\/\/enolife.com.ar\/es\/con-4-bodegas-de-gualtallary-el-ciclo-entre-copas-del-sheraton-mendoza-arranca-el-18-9\/","title":{"rendered":"Con 4 bodegas de Gualtallary, el ciclo \u00abEntre Copas\u00bb del Sheraton Mendoza arranca el 18\/9"},"content":{"rendered":"\n<h4 class=\"wp-block-heading\"><em><strong>El ciclo Entre Copas, lleva 60 ediciones desde su creaci\u00f3n en 2016. Organizada por el Grupo Huentala, esta actividad invita a conocer las caracter\u00edsticas de los vinos de diferentes terru\u00f1os a partir de degustaciones dirigidas por sus propios en\u00f3logos. La edici\u00f3n 2025 del ciclo comienza el 18\/9 en el \u00abEl Mirador\u00bb, el espacio gastron\u00f3mico del Hotel Sheraton de Mendoza. La cita ser\u00e1 para conocer la magia de Gualtallary, Tupungato, a trav\u00e9s de los hacedores de Bemberg, Daniel Pi; Do\u00f1a Paula, Mart\u00edn Kaiser; Rutini, Mariano Di Paola; y Huentala Wines, Jos\u00e9 \u00abPepe\u00bb Morales.<\/strong><\/em><\/h4>\n\n\n\n<div style=\"height:35px\" aria-hidden=\"true\" class=\"wp-block-spacer\"><\/div>\n\n\n<a href=\"https:\/\/instagram.com\/labelsolutions?igshid=YmMyMTA2M2Y=\" aria-label=\"Banner Palero 1700&#215;500\"><img loading=\"lazy\" decoding=\"async\" src=\"https:\/\/enolife.com.ar\/es\/wp-content\/uploads\/2021\/09\/Banner-Palero-1700x500-1.gif\" alt=\"\"  width=\"1700\" height=\"500\"   \/><\/a>\n\n\n<div style=\"height:45px\" aria-hidden=\"true\" class=\"wp-block-spacer\"><\/div>\n\n\n\n<p>El&nbsp;<strong>jueves 18 de septiembre a las 20 h<\/strong>, el&nbsp;<strong>Mirador<\/strong>&nbsp;\u2013Piso 17 del&nbsp;<strong>Sheraton Mendoza Hotel<\/strong>-, se convertir\u00e1 en escenario de un nuevo cap\u00edtulo de&nbsp;Entre Copas, el ciclo que conquist\u00f3 a los amantes del vino y la buena mesa. Una experiencia mendocina multipremiada que re\u00fane altura, terroir y cocina de autor en un maridaje de cinco pasos.<\/p>\n\n\n\n<p>Desde su creaci\u00f3n en 2016,<strong>&nbsp;Entre Copas<\/strong>&nbsp;lleva m\u00e1s de 60 ediciones que hicieron historia y que le valieron reconocimientos internacionales como los <strong>Best Of Wine Tourism<\/strong>, donde brill\u00f3 con medallas de Plata y Oro.<\/p>\n\n\n\n<div style=\"height:35px\" aria-hidden=\"true\" class=\"wp-block-spacer\"><\/div>\n\n\n\n<figure class=\"wp-block-gallery has-nested-images columns-default is-cropped wp-block-gallery-1 is-layout-flex wp-block-gallery-is-layout-flex\">\n<figure class=\"wp-block-image size-full\"><a href=\"https:\/\/enolife.com.ar\/es\/wp-content\/uploads\/2025\/09\/Entre-Copas-en-el-Mirador.jpg\" data-rel=\"penci-gallery-image-content\" ><img loading=\"lazy\" decoding=\"async\" width=\"818\" height=\"500\" data-id=\"163137\" src=\"https:\/\/enolife.com.ar\/es\/wp-content\/uploads\/2025\/09\/Entre-Copas-en-el-Mirador.jpg\" alt=\"\" class=\"wp-image-163137\" srcset=\"https:\/\/enolife.com.ar\/es\/wp-content\/uploads\/2025\/09\/Entre-Copas-en-el-Mirador.jpg 818w, https:\/\/enolife.com.ar\/es\/wp-content\/uploads\/2025\/09\/Entre-Copas-en-el-Mirador-300x183.jpg 300w, https:\/\/enolife.com.ar\/es\/wp-content\/uploads\/2025\/09\/Entre-Copas-en-el-Mirador-768x469.jpg 768w, https:\/\/enolife.com.ar\/es\/wp-content\/uploads\/2025\/09\/Entre-Copas-en-el-Mirador-585x358.jpg 585w\" sizes=\"auto, (max-width: 818px) 100vw, 818px\" \/><\/a><\/figure>\n\n\n\n<figure class=\"wp-block-image size-full\"><a href=\"https:\/\/enolife.com.ar\/es\/wp-content\/uploads\/2025\/09\/Entre-Copas-en-el-Mirador-2.jpg\" data-rel=\"penci-gallery-image-content\" ><img loading=\"lazy\" decoding=\"async\" width=\"770\" height=\"500\" data-id=\"163138\" src=\"https:\/\/enolife.com.ar\/es\/wp-content\/uploads\/2025\/09\/Entre-Copas-en-el-Mirador-2.jpg\" alt=\"\" class=\"wp-image-163138\" srcset=\"https:\/\/enolife.com.ar\/es\/wp-content\/uploads\/2025\/09\/Entre-Copas-en-el-Mirador-2.jpg 770w, https:\/\/enolife.com.ar\/es\/wp-content\/uploads\/2025\/09\/Entre-Copas-en-el-Mirador-2-300x195.jpg 300w, https:\/\/enolife.com.ar\/es\/wp-content\/uploads\/2025\/09\/Entre-Copas-en-el-Mirador-2-768x499.jpg 768w, https:\/\/enolife.com.ar\/es\/wp-content\/uploads\/2025\/09\/Entre-Copas-en-el-Mirador-2-585x380.jpg 585w\" sizes=\"auto, (max-width: 770px) 100vw, 770px\" \/><\/a><\/figure>\n<\/figure>\n\n\n\n<div style=\"height:35px\" aria-hidden=\"true\" class=\"wp-block-spacer\"><\/div>\n\n\n\n<p>En este 2025 llega con aire renovado: cada encuentro pondr\u00e1 el foco en un terroir distinto y reunir\u00e1 a varios en\u00f3logos para compartir miradas, copas e historias.<\/p>\n\n\n\n<p>La primera edici\u00f3n tiene un destino claro:&nbsp;<strong>Gualtallary<\/strong>. Ese rinc\u00f3n de Tupungato donde la altura y la piedra regalan vinos vibrantes, frescos y con car\u00e1cter mineral. Cuatro bodegas ic\u00f3nicas \u2013<strong>Bemberg, Do\u00f1a Paula, Rutini y Huentala Wines<\/strong>\u2013 se dar\u00e1n cita para mostrar la esencia de esta tierra de monta\u00f1a.<\/p>\n\n\n\n<p>Sus propios creadores ser\u00e1n los gu\u00edas de la noche:&nbsp;<strong>Daniel Pi (Bemberg), Mart\u00edn Kaiser (Do\u00f1a Paula), Mariano Di Paola (Rutini) y Jos\u00e9 \u00abPepe\u00bb Morales (Huentala Wines)<\/strong>, en\u00f3logos que har\u00e1n hablar a cada copa. El chef ejecutivo&nbsp;<strong>Mart\u00edn Chac\u00f3n<\/strong>, de&nbsp;<strong>Mirador by Sheraton<\/strong>, dise\u00f1\u00f3 un men\u00fa de cinco pasos inspirado en Gualtallary, pensado para dialogar con los vinos y llevar al plato la fuerza y la sutileza de la monta\u00f1a. Una cena, un paisaje y un terroir que hablan por s\u00ed mismos. Porque \u00abel terroir habla, el vino responde.\u00bb<\/p>\n\n\n\n<div style=\"height:35px\" aria-hidden=\"true\" class=\"wp-block-spacer\"><\/div>\n\n\n\n<figure class=\"wp-block-gallery has-nested-images columns-default is-cropped wp-block-gallery-2 is-layout-flex wp-block-gallery-is-layout-flex\">\n<figure class=\"wp-block-image size-full\"><a href=\"https:\/\/enolife.com.ar\/es\/wp-content\/uploads\/2025\/09\/Jose-Pepe-Morales-enologo-de-Huentala-Wines-1.jpg\" data-rel=\"penci-gallery-image-content\" ><img loading=\"lazy\" decoding=\"async\" width=\"278\" height=\"436\" data-id=\"163132\" src=\"https:\/\/enolife.com.ar\/es\/wp-content\/uploads\/2025\/09\/Jose-Pepe-Morales-enologo-de-Huentala-Wines-1.jpg\" alt=\"\" class=\"wp-image-163132\" srcset=\"https:\/\/enolife.com.ar\/es\/wp-content\/uploads\/2025\/09\/Jose-Pepe-Morales-enologo-de-Huentala-Wines-1.jpg 278w, https:\/\/enolife.com.ar\/es\/wp-content\/uploads\/2025\/09\/Jose-Pepe-Morales-enologo-de-Huentala-Wines-1-191x300.jpg 191w\" sizes=\"auto, (max-width: 278px) 100vw, 278px\" \/><\/a><figcaption class=\"wp-element-caption\"><strong><em>Jos\u00e9 \u00abPepe\u00bb Morales <\/em><\/strong><\/figcaption><\/figure>\n\n\n\n<figure class=\"wp-block-image size-full\"><a href=\"https:\/\/enolife.com.ar\/es\/wp-content\/uploads\/2025\/09\/Martin-Chacon-Chef-Ejecutivo-de-Sheraton-Mendoza-Hotel.jpg\" data-rel=\"penci-gallery-image-content\" ><img loading=\"lazy\" decoding=\"async\" width=\"400\" height=\"485\" data-id=\"163133\" src=\"https:\/\/enolife.com.ar\/es\/wp-content\/uploads\/2025\/09\/Martin-Chacon-Chef-Ejecutivo-de-Sheraton-Mendoza-Hotel.jpg\" alt=\"\" class=\"wp-image-163133\" srcset=\"https:\/\/enolife.com.ar\/es\/wp-content\/uploads\/2025\/09\/Martin-Chacon-Chef-Ejecutivo-de-Sheraton-Mendoza-Hotel.jpg 400w, https:\/\/enolife.com.ar\/es\/wp-content\/uploads\/2025\/09\/Martin-Chacon-Chef-Ejecutivo-de-Sheraton-Mendoza-Hotel-247x300.jpg 247w\" sizes=\"auto, (max-width: 400px) 100vw, 400px\" \/><\/a><figcaption class=\"wp-element-caption\"><em><strong>&nbsp;Mart\u00edn Chac\u00f3n<\/strong><\/em><\/figcaption><\/figure>\n<\/figure>\n\n\n\n<div style=\"height:35px\" aria-hidden=\"true\" class=\"wp-block-spacer\"><\/div>\n\n\n\n<p class=\"has-medium-font-size\"><strong>C\u00f3mo participar<\/strong><\/p>\n\n\n\n<ul class=\"wp-block-list\">\n<li><strong>Valor<\/strong>: $75.000 por persona (precio especial de preventa hasta el 12\/09). Cupos limitados.<\/li>\n\n\n\n<li><strong>Fecha<\/strong>: jueves 18 de septiembre a las 20 hs,<\/li>\n\n\n\n<li><strong>Direcci\u00f3n<\/strong>: Sheraton Mendoza Hotel, Primitivo de la Reta 989, Ciudad de Mendoza.<\/li>\n<\/ul>\n\n\n\n<p class=\"has-background\" style=\"background-color:#abb7c230\"><strong>Reservas anticipadas:&nbsp;+54 9 2614 16-5835 \/&nbsp;<a href=\"mailto:concierge@grupohuentala.com.ar\">concierge@grupohuentala.com.ar<\/a><\/strong><\/p>\n\n\n\n<div style=\"height:35px\" aria-hidden=\"true\" class=\"wp-block-spacer\"><\/div>\n\n\n\n<p class=\"has-medium-font-size\"><strong>Sobre Grupo Huentala<\/strong><\/p>\n\n\n\n<p>Grupo Huentala es una empresa familiar, 100% mendocina, comprometida en crear experiencias \u00fanicas e inolvidables para sus clientes. Inspirada en la visi\u00f3n de su fundador, Julio Camsen, se posiciona en el sector financiero y fintech a trav\u00e9s de Chimpay y Ohana; vitivin\u00edcola y gastron\u00f3mico con Huentala Wines; Rastro By Huentala Wines; La Cabrera, casa de carnes; La Tavolata, Ristorante \u00cdtalo Argentino; y Jacarand\u00e1 Garden Bar; y en la industria de la hospitalidad y del entretenimiento con los hoteles Sheraton Mendoza Hotel &amp; Cosmo Casino, Huentala Hotel y Hualta Winery Hotel, Curio Collection by Hilton.&nbsp;<\/p>\n\n\n\n<p>Los tres hoteles se ubican en el KM cero de la Ciudad de Mendoza y est\u00e1n conectados entre s\u00ed, convirti\u00e9ndose en un distrito de arte, vino y gastronom\u00eda, y en el polo hotelero m\u00e1s importante del interior del pa\u00eds con 350 habitaciones.<\/p>\n\n\n\n<p>Por otro lado, Grupo Huentala mantiene un firme compromiso con el cuidado del medioambiente, implementando pr\u00e1cticas sustentables en todas sus unidades de negocio. En este camino, trabaja para cumplir con certificaciones de referencia como \u00abHoteles M\u00e1s Verdes\u00bb-promovida por la Asociaci\u00f3n de Hoteles de Turismo de la Rep\u00fablica Argentina (AHT), validada por el Instituto Argentino de Normalizaci\u00f3n y Certificaci\u00f3n (IRAM) y reconocida por el Ministerio de Turismo de la Naci\u00f3n-; y el \u00abProtocolo de Sustentabilidad Vitivin\u00edcola\u00bb de Bodegas de Argentina, entre otras. Adem\u00e1s, invita a sus clientes a sumarse a estas acciones responsables en favor del planeta.<\/p>\n","protected":false},"excerpt":{"rendered":"<p>El ciclo Entre Copas, lleva 60 ediciones desde su creaci\u00f3n en 2016. Organizada por el&hellip;<\/p>\n","protected":false},"author":2,"featured_media":163130,"comment_status":"closed","ping_status":"open","sticky":false,"template":"","format":"standard","meta":{"footnotes":""},"categories":[47],"tags":[],"class_list":["post-163125","post","type-post","status-publish","format-standard","has-post-thumbnail","hentry","category-agenda"],"_links":{"self":[{"href":"https:\/\/enolife.com.ar\/es\/wp-json\/wp\/v2\/posts\/163125","targetHints":{"allow":["GET"]}}],"collection":[{"href":"https:\/\/enolife.com.ar\/es\/wp-json\/wp\/v2\/posts"}],"about":[{"href":"https:\/\/enolife.com.ar\/es\/wp-json\/wp\/v2\/types\/post"}],"author":[{"embeddable":true,"href":"https:\/\/enolife.com.ar\/es\/wp-json\/wp\/v2\/users\/2"}],"replies":[{"embeddable":true,"href":"https:\/\/enolife.com.ar\/es\/wp-json\/wp\/v2\/comments?post=163125"}],"version-history":[{"count":0,"href":"https:\/\/enolife.com.ar\/es\/wp-json\/wp\/v2\/posts\/163125\/revisions"}],"wp:featuredmedia":[{"embeddable":true,"href":"https:\/\/enolife.com.ar\/es\/wp-json\/wp\/v2\/media\/163130"}],"wp:attachment":[{"href":"https:\/\/enolife.com.ar\/es\/wp-json\/wp\/v2\/media?parent=163125"}],"wp:term":[{"taxonomy":"category","embeddable":true,"href":"https:\/\/enolife.com.ar\/es\/wp-json\/wp\/v2\/categories?post=163125"},{"taxonomy":"post_tag","embeddable":true,"href":"https:\/\/enolife.com.ar\/es\/wp-json\/wp\/v2\/tags?post=163125"}],"curies":[{"name":"wp","href":"https:\/\/api.w.org\/{rel}","templated":true}]}}