{"id":162886,"date":"2025-09-03T01:59:06","date_gmt":"2025-09-03T01:59:06","guid":{"rendered":"https:\/\/enolife.com.ar\/es\/?p=162886"},"modified":"2025-09-04T22:18:40","modified_gmt":"2025-09-04T22:18:40","slug":"divertimentos-pictoricos-de-jorge-zubiria-con-vinos-de-bodega-casarena-el-4-9-en-galeria-aristobula","status":"publish","type":"post","link":"https:\/\/enolife.com.ar\/es\/divertimentos-pictoricos-de-jorge-zubiria-con-vinos-de-bodega-casarena-el-4-9-en-galeria-aristobula\/","title":{"rendered":"Divertimentos pict\u00f3ricos de Jorge Zubir\u00eda con vinos de bodega Casarena, el 4\/9 en Galer\u00eda Arist\u00f3bula"},"content":{"rendered":"\n<h4 class=\"wp-block-heading\"><em><strong>El artista pl\u00e1stico, music\u00f3logo, poeta y docente Jorge Zubir\u00eda pondr\u00e1 en escena sus \u00faltimas creaciones en la Casa de Arte Arist\u00f3bula, fundada y dirigida por la tambi\u00e9n destacada artista visual Cecilia Carreras (foto principal). Ser\u00e1 el pr\u00f3ximo jueves 4 de setiembre desde las 20 hs, con libre acceso previa confirmaci\u00f3n de asistencia, pero con cupos limitados.<\/strong><\/em><\/h4>\n\n\n\n<div style=\"height:31px\" aria-hidden=\"true\" class=\"wp-block-spacer\"><\/div>\n\n\n<a href=\"https:\/\/enolife.com.ar\/es\/category\/vino\/\" aria-label=\"banner-el-vino-las-une\"><img loading=\"lazy\" decoding=\"async\" src=\"https:\/\/enolife.com.ar\/es\/wp-content\/uploads\/2021\/12\/banner-el-vino-las-une.gif\" alt=\"\"  width=\"1700\" height=\"500\"   \/><\/a>\n\n\n<div style=\"height:30px\" aria-hidden=\"true\" class=\"wp-block-spacer\"><\/div>\n\n\n\n<p><em>Por <strong>Pedro Straniero<\/strong>, editor de <strong>Enolife<\/strong><\/em><\/p>\n\n\n\n<div style=\"height:24px\" aria-hidden=\"true\" class=\"wp-block-spacer\"><\/div>\n\n\n\n<p>Recorrer una muestra de arte con una copa de buen vino en la mano es un placer que en <strong>Mendoza<\/strong> el vecino o turista puede regalarse con frecuencia y provecho en lo que a adquisici\u00f3n de bagaje cultural se refiere. Porque tenemos aqu\u00ed una tradici\u00f3n de grandes creadores tanto en pintura como en escultura, arquitectura y, en general, en artes visuales. Repasando la historia del arte local, basta con recordar a <strong>Fernando Fader, Fidel de Luc\u00eda, Jos\u00e9 Berm\u00fadez, Sergio Sergi, Juan Scalco, Zdravko Du\u010dmeli\u0107, Luis y Ramiro Quesada, Egar Murillo<\/strong> y los a\u00fan activos, cercanos y famosos en el mundo <strong>Julio Le Parc, Carlos Alonso, Roberto Azzoni y Luis Scafati<\/strong>, s\u00f3lo por mencionar a los m\u00e1s admirados de una lista que podr\u00eda llenar esta nota.<\/p>\n\n\n\n<p>Tambi\u00e9n tenemos en Mendoza creadores ecl\u00e9cticos y talentosos que sin atarse a ninguna corriente exploran las infinitas posibilidades del arte, como es el caso de <strong>Jorge Zubir\u00eda<\/strong>, un viajero de la cultura por naturaleza. Artesano, dibujante, docente de est\u00e9tica, mel\u00f3mano, trotamundos, lector furioso y tenaz amigo de sus amigos, Zubir\u00eda nos invita a su nueva muestra de enigm\u00e1tico t\u00edtulo,<strong> <\/strong><em><strong>\u00abCeci n&#8217;est pas Ceci\u00bb<\/strong><\/em> (Ceci no es Ceci), referido quiz\u00e1s a su amada o a la idealizaci\u00f3n de su amor escurridizo. <em>Qui sait!<\/em><\/p>\n\n\n\n<div style=\"height:37px\" aria-hidden=\"true\" class=\"wp-block-spacer\"><\/div>\n\n\n<div class=\"wp-block-image\">\n<figure class=\"aligncenter size-large is-resized\"><a href=\"https:\/\/enolife.com.ar\/es\/wp-content\/uploads\/2025\/09\/Zubiria.jpg\" data-rel=\"penci-gallery-image-content\" ><img loading=\"lazy\" decoding=\"async\" width=\"819\" height=\"1024\" src=\"https:\/\/enolife.com.ar\/es\/wp-content\/uploads\/2025\/09\/Zubiria-819x1024.jpg\" alt=\"\" class=\"wp-image-162897\" style=\"width:691px;height:auto\" srcset=\"https:\/\/enolife.com.ar\/es\/wp-content\/uploads\/2025\/09\/Zubiria-819x1024.jpg 819w, https:\/\/enolife.com.ar\/es\/wp-content\/uploads\/2025\/09\/Zubiria-240x300.jpg 240w, https:\/\/enolife.com.ar\/es\/wp-content\/uploads\/2025\/09\/Zubiria-768x961.jpg 768w, https:\/\/enolife.com.ar\/es\/wp-content\/uploads\/2025\/09\/Zubiria-1228x1536.jpg 1228w, https:\/\/enolife.com.ar\/es\/wp-content\/uploads\/2025\/09\/Zubiria-1170x1464.jpg 1170w, https:\/\/enolife.com.ar\/es\/wp-content\/uploads\/2025\/09\/Zubiria-585x732.jpg 585w, https:\/\/enolife.com.ar\/es\/wp-content\/uploads\/2025\/09\/Zubiria.jpg 1279w\" sizes=\"auto, (max-width: 819px) 100vw, 819px\" \/><\/a><figcaption class=\"wp-element-caption\"><em><strong>Zubir\u00eda por Zubir\u00eda<\/strong><\/em><\/figcaption><\/figure><\/div>\n\n\n<div style=\"height:42px\" aria-hidden=\"true\" class=\"wp-block-spacer\"><\/div>\n\n\n\n<p>En la expo que nos ocupa, el autor promete mostrar retratos, autorretratos como el de la imagen del flyer y otros divertimentos pict\u00f3ricos que a\u00fan no sabemos a d\u00f3nde conducen. Seguramente, podremos jugar a descubrir ese portal al planeta Zubir\u00eda mientras paladeamos un buen varietal de bodega Casarena, el jueves 4 desde las 20 hs en Casa de Arte Arist\u00f3bula. En ese recorrido nos encontraremos con otra protagonista del arte local, la pintora, dibujante, escultora, gestora cultural y docente <strong>Marcela Furlani<\/strong>, quien colabora en la puesta en escena y, ojal\u00e1 tambi\u00e9n, mostrando algo de su travieso talento.<\/p>\n\n\n\n<div style=\"height:30px\" aria-hidden=\"true\" class=\"wp-block-spacer\"><\/div>\n\n\n<div class=\"wp-block-image\">\n<figure class=\"aligncenter size-large is-resized\"><a href=\"https:\/\/enolife.com.ar\/es\/wp-content\/uploads\/2025\/09\/Marcela-Furlani.jpg\" data-rel=\"penci-gallery-image-content\" ><img loading=\"lazy\" decoding=\"async\" width=\"1024\" height=\"576\" src=\"https:\/\/enolife.com.ar\/es\/wp-content\/uploads\/2025\/09\/Marcela-Furlani-1024x576.jpg\" alt=\"\" class=\"wp-image-162901\" style=\"width:762px;height:auto\" srcset=\"https:\/\/enolife.com.ar\/es\/wp-content\/uploads\/2025\/09\/Marcela-Furlani-1024x576.jpg 1024w, https:\/\/enolife.com.ar\/es\/wp-content\/uploads\/2025\/09\/Marcela-Furlani-300x169.jpg 300w, https:\/\/enolife.com.ar\/es\/wp-content\/uploads\/2025\/09\/Marcela-Furlani-768x432.jpg 768w, https:\/\/enolife.com.ar\/es\/wp-content\/uploads\/2025\/09\/Marcela-Furlani-1170x658.jpg 1170w, https:\/\/enolife.com.ar\/es\/wp-content\/uploads\/2025\/09\/Marcela-Furlani-585x329.jpg 585w, https:\/\/enolife.com.ar\/es\/wp-content\/uploads\/2025\/09\/Marcela-Furlani.jpg 1200w\" sizes=\"auto, (max-width: 1024px) 100vw, 1024px\" \/><\/a><figcaption class=\"wp-element-caption\"><em><strong>Marcela Furlani<\/strong><\/em><\/figcaption><\/figure><\/div>\n\n\n<div style=\"height:29px\" aria-hidden=\"true\" class=\"wp-block-spacer\"><\/div>\n\n\n\n<p>Un p\u00e1rrafo aparte en esta historia merece la iniciativa de la reconocida artista visual <strong>Cecilia Carreras<\/strong>, por sostener y hacer brillar su <strong>Casa de Arte Arist\u00f3bula<\/strong>, en Arist\u00f3bulo del Valle 332 de la Capital de Mendoza. Su lugar se integra ya desde hace tiempo a un atractivo circuito de galer\u00edas y museos que ponen en valor el arte mendocino y nacional, entre los que es obligatorio mencionar el <strong>Museo Fader<\/strong> de Luj\u00e1n, el <strong>Museo Municipal de Arte Moderno<\/strong> de Plaza independencia, la <strong>Mansi\u00f3n Stoppel<\/strong>, la <strong>Cava de Arte<\/strong> de Bodega Santa Julia, la <strong>Galer\u00eda Killka<\/strong> de bodega Salentein y los <strong>espacios de arte de bodegas Vinorum y Lamadrid.<\/strong><\/p>\n\n\n\n<div style=\"height:42px\" aria-hidden=\"true\" class=\"wp-block-spacer\"><\/div>\n\n\n<div class=\"wp-block-image\">\n<figure class=\"aligncenter size-large is-resized\"><a href=\"https:\/\/enolife.com.ar\/es\/wp-content\/uploads\/2025\/09\/Flyer-Zubiria.jpg\" data-rel=\"penci-gallery-image-content\" ><img loading=\"lazy\" decoding=\"async\" width=\"819\" height=\"1024\" src=\"https:\/\/enolife.com.ar\/es\/wp-content\/uploads\/2025\/09\/Flyer-Zubiria-819x1024.jpg\" alt=\"\" class=\"wp-image-162903\" style=\"width:433px;height:auto\" srcset=\"https:\/\/enolife.com.ar\/es\/wp-content\/uploads\/2025\/09\/Flyer-Zubiria-819x1024.jpg 819w, https:\/\/enolife.com.ar\/es\/wp-content\/uploads\/2025\/09\/Flyer-Zubiria-240x300.jpg 240w, https:\/\/enolife.com.ar\/es\/wp-content\/uploads\/2025\/09\/Flyer-Zubiria-768x961.jpg 768w, https:\/\/enolife.com.ar\/es\/wp-content\/uploads\/2025\/09\/Flyer-Zubiria-1228x1536.jpg 1228w, https:\/\/enolife.com.ar\/es\/wp-content\/uploads\/2025\/09\/Flyer-Zubiria-1170x1464.jpg 1170w, https:\/\/enolife.com.ar\/es\/wp-content\/uploads\/2025\/09\/Flyer-Zubiria-585x732.jpg 585w, https:\/\/enolife.com.ar\/es\/wp-content\/uploads\/2025\/09\/Flyer-Zubiria.jpg 1279w\" sizes=\"auto, (max-width: 819px) 100vw, 819px\" \/><\/a><\/figure><\/div>\n\n\n<div style=\"height:40px\" aria-hidden=\"true\" class=\"wp-block-spacer\"><\/div>\n","protected":false},"excerpt":{"rendered":"<p>El artista pl\u00e1stico, music\u00f3logo, poeta y docente Jorge Zubir\u00eda pondr\u00e1 en escena sus \u00faltimas creaciones&hellip;<\/p>\n","protected":false},"author":2,"featured_media":162913,"comment_status":"closed","ping_status":"open","sticky":false,"template":"","format":"standard","meta":{"footnotes":""},"categories":[47],"tags":[],"class_list":["post-162886","post","type-post","status-publish","format-standard","has-post-thumbnail","hentry","category-agenda"],"_links":{"self":[{"href":"https:\/\/enolife.com.ar\/es\/wp-json\/wp\/v2\/posts\/162886","targetHints":{"allow":["GET"]}}],"collection":[{"href":"https:\/\/enolife.com.ar\/es\/wp-json\/wp\/v2\/posts"}],"about":[{"href":"https:\/\/enolife.com.ar\/es\/wp-json\/wp\/v2\/types\/post"}],"author":[{"embeddable":true,"href":"https:\/\/enolife.com.ar\/es\/wp-json\/wp\/v2\/users\/2"}],"replies":[{"embeddable":true,"href":"https:\/\/enolife.com.ar\/es\/wp-json\/wp\/v2\/comments?post=162886"}],"version-history":[{"count":0,"href":"https:\/\/enolife.com.ar\/es\/wp-json\/wp\/v2\/posts\/162886\/revisions"}],"wp:featuredmedia":[{"embeddable":true,"href":"https:\/\/enolife.com.ar\/es\/wp-json\/wp\/v2\/media\/162913"}],"wp:attachment":[{"href":"https:\/\/enolife.com.ar\/es\/wp-json\/wp\/v2\/media?parent=162886"}],"wp:term":[{"taxonomy":"category","embeddable":true,"href":"https:\/\/enolife.com.ar\/es\/wp-json\/wp\/v2\/categories?post=162886"},{"taxonomy":"post_tag","embeddable":true,"href":"https:\/\/enolife.com.ar\/es\/wp-json\/wp\/v2\/tags?post=162886"}],"curies":[{"name":"wp","href":"https:\/\/api.w.org\/{rel}","templated":true}]}}