{"id":16278,"date":"2020-07-12T15:33:54","date_gmt":"2020-07-12T15:33:54","guid":{"rendered":"http:\/\/enolife.com.ar\/es\/?p=16278"},"modified":"2020-07-14T03:20:12","modified_gmt":"2020-07-14T03:20:12","slug":"productores-vitivinicolas-de-san-juan-recibieron-un-subsidio-de-maquinarias-por-600-000","status":"publish","type":"post","link":"https:\/\/enolife.com.ar\/es\/productores-vitivinicolas-de-san-juan-recibieron-un-subsidio-de-maquinarias-por-600-000\/","title":{"rendered":"Productores vitivin\u00edcolas de San Juan recibieron un subsidio de maquinarias por $600.000"},"content":{"rendered":"\n<h4 class=\"wp-block-heading\"><em><strong>Gracias a un convenio para promover el desarrollo vitivin\u00edcola entre la Corporaci\u00f3n Vitivin\u00edcola Argentina (Coviar) y el municipio de Sarmiento, San Juan, unos 30 productores de esa comuna recibieron en comodato un cuatriciclo, una pulverizadora y un dron.&nbsp;Se trata de una inversi\u00f3n en partes iguales entre la Coviar y el Fondo Tecnol\u00f3gico Argentino (Fontar).<\/strong><\/em><\/h4>\n\n\n\n<div style=\"height:20px\" aria-hidden=\"true\" class=\"wp-block-spacer\"><\/div>\n\n\n\n<p>El equipamiento entregado en fecha reciente fue un cuatriciclo y una pulverizadora, que servir\u00e1n para la reducci\u00f3n de costos en la actividad vitivin\u00edcola de estos productores agrupados. Complementaron la ayuda un dron, para la toma de im\u00e1genes por parte de los t\u00e9cnicos de los Centros de Desarrollo Vit\u00edcola (CDV), para elaborar un diagn\u00f3stico del estado fitosanitario de los vi\u00f1edos en producci\u00f3n.<\/p>\n\n\n\n<p>Con el apoyo del gobierno de San Juan se firm\u00f3, en la comuna de Sarmiento, el primer acuerdo de complementaci\u00f3n y trabajo conjunto que la Coviar firma con un municipio de esa provincia. Su finalidad es promover el desarrollo de la vitivinicultura en esta zona en base a los objetivos planteados en el&nbsp;PEVI 2020 y en lo que se defina de cara al pr\u00f3ximo&nbsp;PEVI 2030, actualmente en elaboraci\u00f3n por parte del INTA para toda la cadena a nivel pa\u00eds. Tiene vigencia por dos a\u00f1os, con la posibilidad de prorrogarlo por un a\u00f1o m\u00e1s, y las acciones estar\u00e1n destinadas al sector de peque\u00f1os y medianos productores vit\u00edcolas para promover procesos de innovaci\u00f3n tecnol\u00f3gica con enfoque en la competitividad, sostenibilidad y equidad social.<\/p>\n\n\n\n<div style=\"height:20px\" aria-hidden=\"true\" class=\"wp-block-spacer\"><\/div>\n\n\n\n<div class=\"wp-block-image\"><figure class=\"aligncenter size-large\"><img loading=\"lazy\" decoding=\"async\" width=\"696\" height=\"391\" src=\"https:\/\/enolife.com.ar\/es\/wp-content\/uploads\/2020\/07\/COVIAR-696x391-1.jpeg\" alt=\"\" class=\"wp-image-16291\" srcset=\"https:\/\/enolife.com.ar\/es\/wp-content\/uploads\/2020\/07\/COVIAR-696x391-1.jpeg 696w, https:\/\/enolife.com.ar\/es\/wp-content\/uploads\/2020\/07\/COVIAR-696x391-1-300x169.jpeg 300w, https:\/\/enolife.com.ar\/es\/wp-content\/uploads\/2020\/07\/COVIAR-696x391-1-585x329.jpeg 585w\" sizes=\"auto, (max-width: 696px) 100vw, 696px\" \/><figcaption><strong>\u00c1ngel Leotta, Mario Gustavo Mart\u00edn y Andr\u00e9s D\u00edaz Cano<\/strong><\/figcaption><\/figure><\/div>\n\n\n\n<div style=\"height:20px\" aria-hidden=\"true\" class=\"wp-block-spacer\"><\/div>\n\n\n\n<p>El convenio fue firmado por el intendente de Sarmiento,&nbsp;<strong>Mario Gustavo Mart\u00edn<\/strong>, y el vicepresidente primero de la Coviar,&nbsp;<strong>\u00c1ngel Leotta<\/strong>, y cont\u00f3 con el apoyo y aval del ministro de la Producci\u00f3n y Desarrollo Econ\u00f3mico de San Juan,&nbsp;<strong>Andr\u00e9s D\u00edaz Cano<\/strong>. Asistieron los equipos t\u00e9cnicos de la comuna y la provincia, junto con los integrantes del&nbsp;<strong>Centro de Desarrollo Vit\u00edcola<\/strong>&nbsp;de la zona y profesionales de la unidad ejecutora de&nbsp;<strong>Peque\u00f1os Productores<\/strong>&nbsp;de Coviar. <\/p>\n\n\n\n<div style=\"height:20px\" aria-hidden=\"true\" class=\"wp-block-spacer\"><\/div>\n\n\n\n<blockquote class=\"wp-block-quote is-layout-flow wp-block-quote-is-layout-flow\"><p>Articular pol\u00edticas p\u00fablicas y privadas es la forma m\u00e1s eficiente de llegar a los objetivos comunes y asistir con beneficios a los peque\u00f1os productores.<\/p><cite>\u00c1ngel Leotta, vicepresidente de la Coviar<\/cite><\/blockquote>\n\n\n\n<div style=\"height:20px\" aria-hidden=\"true\" class=\"wp-block-spacer\"><\/div>\n\n\n\n<p>\u201cPara Coviar es muy importante la firma de un convenio de esta naturaleza. Estamos convencidos que articulando pol\u00edticas p\u00fablicas es la forma m\u00e1s eficiente de llegar a los objetivos comunes y en este caso asistir con beneficios a los peque\u00f1os productores que es una de las patas fundamentales de la Corporaci\u00f3n\u201d, destac\u00f3 Leotta, para luego se\u00f1alar la relevancia productiva que tiene el municipio de Sarmiento dentro de la vitivinicultura de San Juan.<\/p>\n\n\n\n<p>Por su parte, el intendente Mart\u00edn afirm\u00f3: \u00abEsto no nos puede detener, la vida continua y hay que seguir generando cosas. Por eso quiero agradecer a la Coviar y a nuestro ministro de la Producci\u00f3n, Andr\u00e9s D\u00edaz Cano, porque ser\u00eda f\u00e1cil en este contexto bajar los brazos. Pero, en cambio, seguimos avanzando y firmamos este convenio que permite una labor conjunta y salir adelante gracias a la acci\u00f3n de pol\u00edticas p\u00fablicas donde intervienen el sector privado y un Estado presente. Y estoy seguro de que con esto vamos a seguir generando condiciones ventajosas para los productores\u201d.<\/p>\n\n\n\n<p>A su turno, en la misma l\u00ednea, D\u00edaz Cano expres\u00f3: \u201cAc\u00e1 no nos podemos detener. Por el compromiso y el trabajo que han demostrado y realizado los productores, debemos seguir ayudando al sector vitivin\u00edcola y el a\u00f1o que viene seguro va a ser mucho mejor que \u00e9ste. El contacto permanente y el apoyo dado tanto desde Coviar como del municipio de Sarmiento y el gobierno provincial nos van a permitir superar esta crisis mundial\u201d.<\/p>\n\n\n\n<div style=\"height:20px\" aria-hidden=\"true\" class=\"wp-block-spacer\"><\/div>\n\n\n\n<blockquote class=\"wp-block-quote is-layout-flow wp-block-quote-is-layout-flow\"><p>Ac\u00e1 no nos podemos detener&#8230; Debemos seguir ayudando al sector vitivin\u00edcola y el a\u00f1o que viene seguro va a ser mejor que \u00e9ste&#8230; Vamos a superar esta crisis mundial\u00bb.<\/p><cite>Andr\u00e9s D\u00edaz Cano, ministro de Producci\u00f3n y Desarrollo Econ\u00f3mico de San Juan<\/cite><\/blockquote>\n\n\n\n<div style=\"height:20px\" aria-hidden=\"true\" class=\"wp-block-spacer\"><\/div>\n\n\n\n<p>En su ejecuci\u00f3n, el convenio se propone apoyar las actividades desarrolladas desde la Asociaci\u00f3n de Peque\u00f1os Productores dependientes de la Coviar y promover la innovaci\u00f3n en tecnolog\u00edas que mejoren las condiciones de calidad y productividad de los cultivos de vid de los peque\u00f1os y medianos productores. <\/p>\n\n\n\n<div style=\"height:20px\" aria-hidden=\"true\" class=\"wp-block-spacer\"><\/div>\n\n\n\n<p class=\"has-background has-pale-cyan-blue-background-color\"><strong>Objetivos del convenio<\/strong><br><br>El convenio busca promover la transferencia de conocimientos para los productores en aspectos t\u00e9cnicos, de gesti\u00f3n y asociativos; fomentar la diversificaci\u00f3n y el agregado de valor a la producci\u00f3n (vino, pasas de uva, uva en fresco) en el departamento; promover el asociativismo como herramienta para el crecimiento y desarrollo del sector y facilitar estrategias para el acceso al financiamiento para el sector vit\u00edcola. <\/p>\n\n\n\n<div style=\"height:20px\" aria-hidden=\"true\" class=\"wp-block-spacer\"><\/div>\n\n\n\n<p>Y un punto clave: estimular el consumo de vino local y provincial por medio de estrategias de promoci\u00f3n y el desarrollo tur\u00edstico-productivo de la elaboraci\u00f3n artesanal.<\/p>\n\n\n\n<div style=\"height:20px\" aria-hidden=\"true\" class=\"wp-block-spacer\"><\/div>\n\n\n\n<p class=\"has-small-font-size\"><em><strong>Fuente: Corporaci\u00f3n Vitivin\u00edcola Argentina (Coviar)<\/strong><\/em><\/p>\n\n\n\n<div style=\"height:20px\" aria-hidden=\"true\" class=\"wp-block-spacer\"><\/div>\n\n\n\n<p><\/p>\n","protected":false},"excerpt":{"rendered":"<p>Gracias a un convenio para promover el desarrollo vitivin\u00edcola entre la Corporaci\u00f3n Vitivin\u00edcola Argentina (Coviar)&hellip;<\/p>\n","protected":false},"author":3,"featured_media":16290,"comment_status":"open","ping_status":"open","sticky":false,"template":"","format":"standard","meta":{"footnotes":""},"categories":[14],"tags":[],"class_list":["post-16278","post","type-post","status-publish","format-standard","has-post-thumbnail","hentry","category-news"],"_links":{"self":[{"href":"https:\/\/enolife.com.ar\/es\/wp-json\/wp\/v2\/posts\/16278","targetHints":{"allow":["GET"]}}],"collection":[{"href":"https:\/\/enolife.com.ar\/es\/wp-json\/wp\/v2\/posts"}],"about":[{"href":"https:\/\/enolife.com.ar\/es\/wp-json\/wp\/v2\/types\/post"}],"author":[{"embeddable":true,"href":"https:\/\/enolife.com.ar\/es\/wp-json\/wp\/v2\/users\/3"}],"replies":[{"embeddable":true,"href":"https:\/\/enolife.com.ar\/es\/wp-json\/wp\/v2\/comments?post=16278"}],"version-history":[{"count":0,"href":"https:\/\/enolife.com.ar\/es\/wp-json\/wp\/v2\/posts\/16278\/revisions"}],"wp:featuredmedia":[{"embeddable":true,"href":"https:\/\/enolife.com.ar\/es\/wp-json\/wp\/v2\/media\/16290"}],"wp:attachment":[{"href":"https:\/\/enolife.com.ar\/es\/wp-json\/wp\/v2\/media?parent=16278"}],"wp:term":[{"taxonomy":"category","embeddable":true,"href":"https:\/\/enolife.com.ar\/es\/wp-json\/wp\/v2\/categories?post=16278"},{"taxonomy":"post_tag","embeddable":true,"href":"https:\/\/enolife.com.ar\/es\/wp-json\/wp\/v2\/tags?post=16278"}],"curies":[{"name":"wp","href":"https:\/\/api.w.org\/{rel}","templated":true}]}}