{"id":162712,"date":"2025-08-31T23:26:52","date_gmt":"2025-08-31T23:26:52","guid":{"rendered":"https:\/\/enolife.com.ar\/es\/?p=162712"},"modified":"2025-09-01T22:00:11","modified_gmt":"2025-09-01T22:00:11","slug":"productores-de-la-pampa-piden-al-gobierno-un-reparto-equitativo-de-las-uvas-en-la-vendimia-2026","status":"publish","type":"post","link":"https:\/\/enolife.com.ar\/es\/productores-de-la-pampa-piden-al-gobierno-un-reparto-equitativo-de-las-uvas-en-la-vendimia-2026\/","title":{"rendered":"Productores de La Pampa piden al gobierno un reparto equitativo de las uvas en la vendimia 2026"},"content":{"rendered":"\n<h4 class=\"wp-block-heading\"><em><strong>Los bodegueros y elaboradores de esta provincia argentina est\u00e1n preocupados porque a\u00fan no hay una reglamentaci\u00f3n definida sobre la provisi\u00f3n de la materia prima para elaborar vino que debe hacer el Fideicomiso Bodega Pampeana, una empresa mixta estatal-privada que procesa la uva producida en el territorio. Desde el gobierno local respondieron que \u00abno van a dejar a nadie sin uvas\u00bb porque el objetivo del fideicomiso creado es \u00aboptimizar y agilizar la producci\u00f3n\u00bb, y que s\u00f3lo falta que se integre el equipo gerenciador de la chacra y la bodega en Casa de Piedra (foto principal).<\/strong><\/em><\/h4>\n\n\n\n<div style=\"height:35px\" aria-hidden=\"true\" class=\"wp-block-spacer\"><\/div>\n\n\n<a href=\"https:\/\/www.linkedin.com\/company\/agrinet-sa\/?originalSubdomain=ar\" aria-label=\"1700X500\"><img loading=\"lazy\" decoding=\"async\" src=\"https:\/\/enolife.com.ar\/es\/wp-content\/uploads\/2021\/11\/1700X500.gif\" alt=\"\"  width=\"1700\" height=\"500\"   \/><\/a>\n\n\n<div style=\"height:45px\" aria-hidden=\"true\" class=\"wp-block-spacer\"><\/div>\n\n\n\n<p>En febrero de 2024, el gobernador de La Pampa,&nbsp;<strong>Sergio Ziliotto,<\/strong>&nbsp;facult\u00f3 al Ministerio de la Producci\u00f3n de esta provincia para conformar el&nbsp;<strong>Fideicomiso Bodega Pampeana<\/strong>, a trav\u00e9s del cual terceros privados administrar\u00e1n la planta vitivin\u00edcola que procesar\u00e1 la uva producida en el territorio pampeano, en el centro sur argentino.<\/p>\n\n\n\n<p>Creado por la Ley<em> <\/em>3.555<em>,<\/em> el Consejo Directivo del fideicomiso est\u00e1 constituido por funcionarios p\u00fablicos de las jurisdicciones vinculadas a la actividad y Bodega Pampeana opera bajo la \u00f3rbita de <strong>Fiduciaria&nbsp;La Pampa Sapem<\/strong>.<\/p>\n\n\n\n<p>Fiduciaria La Pampa Sapem fue creada mediante la Ley Provincial N\u00b0 3142 con la finalidad de impulsar el desarrollo y promoci\u00f3n de actividades productivas, comerciales, industriales, deportivas y toda otra que redunde en inter\u00e9s y beneficios de la provincia de La Pampa. Su objetivo excluyente es la participaci\u00f3n como fiduciario en contratos de Fideicomiso, en particular su dise\u00f1o y administraci\u00f3n, que contribuyen al desarrollo econ\u00f3mico de la provincia de La Pampa.<\/p>\n\n\n\n<div style=\"height:15px\" aria-hidden=\"true\" class=\"wp-block-spacer\"><\/div>\n\n\n\n<p class=\"has-background\" style=\"background-color:#f78da857\"><strong>Ver nota Enolife 1\/2\/24:<a href=\"https:\/\/enolife.com.ar\/es\/la-pampa-tiene-su-bodega-fuerte-apuesta-estatal-para-traer-inversores-y-hacer-vino-en-casa-de-piedra\/\"> La Pampa tiene su bodega: fuerte apuesta estatal para traer inversores y hacer vino en Casa de Piedra<\/a><\/strong><\/p>\n\n\n\n<div style=\"height:35px\" aria-hidden=\"true\" class=\"wp-block-spacer\"><\/div>\n\n\n\n<p class=\"has-medium-font-size\"><strong>Preocupaci\u00f3n de productores por la cosecha 2026<\/strong><\/p>\n\n\n<div class=\"wp-block-image\">\n<figure class=\"alignleft size-full is-resized\"><a href=\"https:\/\/enolife.com.ar\/es\/wp-content\/uploads\/2025\/08\/image-43.png\" data-rel=\"penci-gallery-image-content\" ><img loading=\"lazy\" decoding=\"async\" width=\"420\" height=\"630\" src=\"https:\/\/enolife.com.ar\/es\/wp-content\/uploads\/2025\/08\/image-43.png\" alt=\"\" class=\"wp-image-162732\" style=\"width:190px;height:auto\" srcset=\"https:\/\/enolife.com.ar\/es\/wp-content\/uploads\/2025\/08\/image-43.png 420w, https:\/\/enolife.com.ar\/es\/wp-content\/uploads\/2025\/08\/image-43-200x300.png 200w\" sizes=\"auto, (max-width: 420px) 100vw, 420px\" \/><\/a><\/figure><\/div>\n\n\n<p>Entrevistado por el diario <strong>Pampatag\u00f3nico.com<\/strong>, <strong>Ricardo Juan <\/strong>-propietario de<strong> la Bodega Quietud <\/strong>de<strong> Casa de Piedra,<\/strong> La Pampa- habl\u00f3 sobre la preocupaci\u00f3n de la disponibilidad de uvas de la cosecha 2026 para las bodegas de la regi\u00f3n, a partir de la creaci\u00f3n del fideicomiso.<\/p>\n\n\n\n<p><em>\u00abNosotros hemos tenido reuniones, desde la C\u00e1mara de Vitivinicultores de La Pampa, hemos tratado de tener contactos. Estamos esperando una reuni\u00f3n con la gente del Fideicomiso, que se va a encargar de todo lo que es el vi\u00f1edo y la bodega estatal. Queremos saber a ver cu\u00e1l va a ser el aporte que nos van a seguir haciendo con las vides, porque creo que hemos sido los propulsores en todos estos a\u00f1os, y me pongo a la cabeza porque desde el 2006 que empezamos con los emprendimientos hasta la fecha, no he parado nunca. Hay otros que empezaron posteriormente, pero que tambi\u00e9n han tenido unos m\u00e9ritos importantes. Estamos esperando esta reuni\u00f3n para ver cu\u00e1l va a ser el trabajo que se va a generar a partir de la cosecha 2026. Somos optimistas y pensamos que esto va a continuar. Siempre hemos querido desde la C\u00e1mara, ser part\u00edcipes de esta producci\u00f3n que se va a hacer en la bodega, pero bueno, esto lo define el gobierno, es cosa oficial, nosotros somos la c\u00e1mara vitivin\u00edcola, la gran mayor\u00eda somos privados, si bien hay algunos entes oficiales.\u00bb<\/em><\/p>\n\n\n\n<p>En este sentido desde Fiduciaria La Pampa Sapem, que tendr\u00e1 a su cargo la bodega y las chacras, aclararon que la intenci\u00f3n es <em>\u00aboptimizar y agilizar la producci\u00f3n\u00bb<\/em> sin dejar <em>\u00aba nadie sin uvas\u00bb<\/em>. La respuesta surgi\u00f3 de fuentes del organismo luego del planteo realizado por los bodegueros.<\/p>\n\n\n\n<p><em>\u00abTodav\u00eda el fideicomiso no est\u00e1 a cargo de la chacra\u00bb<\/em>, explicaron y remarcaron que por estos motivos a\u00fan no se tom\u00f3 ninguna decisi\u00f3n. <em>\u00abSe est\u00e1 tramitando el convenio de traspaso\u00bb<\/em>, indicaron.<\/p>\n\n\n\n<div style=\"height:19px\" aria-hidden=\"true\" class=\"wp-block-spacer\"><\/div>\n\n\n\n<blockquote class=\"wp-block-quote is-layout-flow wp-block-quote-is-layout-flow\">\n<p>La idea de que intervenga el fideicomiso es optimizar y agilizar la producci\u00f3n, no dejar a nadie sin uvas. Lo primero que se va a hacer cuando se est\u00e9 a cargo es una reuni\u00f3n con los bodegueros\u00bb. <br><strong>DIRECTIVOS DE LA FIDUCIARIA LA PAMPA SAPEM, en respuesta a los elaboradores.<\/strong><\/p>\n<\/blockquote>\n\n\n\n<div style=\"height:20px\" aria-hidden=\"true\" class=\"wp-block-spacer\"><\/div>\n\n\n\n<p>Finalmente, resaltaron que <em>\u00abla idea del Gobierno es seguir invirtiendo para potenciar la vitivinicultura en la provincia, especialmente en Casa de Piedra\u00bb<\/em>.<\/p>\n\n\n\n<p>Por otro lado, explicaron que la intenci\u00f3n es que haya un registro que haga m\u00e1s eficiente la entrega de las uvas y quede constatado cu\u00e1ntas toneladas se le otorga a cada uno, <em>\u00abse va a pesar y a ordenar esa cuesti\u00f3n\u00bb<\/em>, completaron.<\/p>\n\n\n\n<div style=\"height:35px\" aria-hidden=\"true\" class=\"wp-block-spacer\"><\/div>\n\n\n\n<p class=\"has-small-font-size\"><em><strong>Fuentes: La Arena y Pampatagonico.com<\/strong><\/em><\/p>\n\n\n\n<div style=\"height:35px\" aria-hidden=\"true\" class=\"wp-block-spacer\"><\/div>\n","protected":false},"excerpt":{"rendered":"<p>Los bodegueros y elaboradores de esta provincia argentina est\u00e1n preocupados porque a\u00fan no hay una&hellip;<\/p>\n","protected":false},"author":2,"featured_media":162736,"comment_status":"closed","ping_status":"open","sticky":false,"template":"","format":"standard","meta":{"footnotes":""},"categories":[5],"tags":[],"class_list":["post-162712","post","type-post","status-publish","format-standard","has-post-thumbnail","hentry","category-fincas"],"_links":{"self":[{"href":"https:\/\/enolife.com.ar\/es\/wp-json\/wp\/v2\/posts\/162712","targetHints":{"allow":["GET"]}}],"collection":[{"href":"https:\/\/enolife.com.ar\/es\/wp-json\/wp\/v2\/posts"}],"about":[{"href":"https:\/\/enolife.com.ar\/es\/wp-json\/wp\/v2\/types\/post"}],"author":[{"embeddable":true,"href":"https:\/\/enolife.com.ar\/es\/wp-json\/wp\/v2\/users\/2"}],"replies":[{"embeddable":true,"href":"https:\/\/enolife.com.ar\/es\/wp-json\/wp\/v2\/comments?post=162712"}],"version-history":[{"count":0,"href":"https:\/\/enolife.com.ar\/es\/wp-json\/wp\/v2\/posts\/162712\/revisions"}],"wp:featuredmedia":[{"embeddable":true,"href":"https:\/\/enolife.com.ar\/es\/wp-json\/wp\/v2\/media\/162736"}],"wp:attachment":[{"href":"https:\/\/enolife.com.ar\/es\/wp-json\/wp\/v2\/media?parent=162712"}],"wp:term":[{"taxonomy":"category","embeddable":true,"href":"https:\/\/enolife.com.ar\/es\/wp-json\/wp\/v2\/categories?post=162712"},{"taxonomy":"post_tag","embeddable":true,"href":"https:\/\/enolife.com.ar\/es\/wp-json\/wp\/v2\/tags?post=162712"}],"curies":[{"name":"wp","href":"https:\/\/api.w.org\/{rel}","templated":true}]}}