{"id":162649,"date":"2025-09-01T14:24:17","date_gmt":"2025-09-01T14:24:17","guid":{"rendered":"https:\/\/enolife.com.ar\/es\/?p=162649"},"modified":"2025-09-03T01:58:54","modified_gmt":"2025-09-03T01:58:54","slug":"las-mujeres-del-vino-pusieron-en-valor-el-bonarda-con-una-degustacion-en-la-legislatura-de-mendoza","status":"publish","type":"post","link":"https:\/\/enolife.com.ar\/es\/las-mujeres-del-vino-pusieron-en-valor-el-bonarda-con-una-degustacion-en-la-legislatura-de-mendoza\/","title":{"rendered":"Las Mujeres del Vino pusieron en valor el  bonarda con una degustaci\u00f3n en la Legislatura de Mendoza"},"content":{"rendered":"\n<h4 class=\"wp-block-heading\"><em><strong>La cepa y el vino varietal bonarda -emblem\u00e1tico en la zona Este de Mendoza, porque all\u00ed se encuentra la mayor superficie cultivada de esta uva en el pa\u00eds- siguen creciendo en la consideraci\u00f3n de los consumidores gracias a un continuo trabajo enol\u00f3gico que en los \u00faltimos 10 a\u00f1os logr\u00f3 convertir a este vino \u00abde corte\u00bb en un varietal de gama media e incluso alta en sus versiones reserva. En l\u00ednea con esta jerarquizaci\u00f3n y aporte al mercado vitivin\u00edcola mendocino y argentino, la Asociaci\u00f3n de Mujeres del Vino Argentino (Amuva) ofreci\u00f3 una degustaci\u00f3n de bonardas en la Casa de las Leyes de esta provincia, conducida por el experto en\u00f3logo y autor de libros sobre el varietal, Roberto Gonz\u00e1lez. Adem\u00e1s de invitados y legisladores presentes, colaboraron poniendo el paladar y su sapiencia como catadores varios profesionales de la Escuela Argentina de Sommeliers (EAS).<\/strong><\/em><\/h4>\n\n\n\n<div style=\"height:35px\" aria-hidden=\"true\" class=\"wp-block-spacer\"><\/div>\n\n\n<a href=\"https:\/\/www.instagram.com\/chirca.arg\/\" aria-label=\"Banner Chirca Enolife 1700 x 500\"><img loading=\"lazy\" decoding=\"async\" src=\"https:\/\/enolife.com.ar\/es\/wp-content\/uploads\/2025\/03\/Banner-Chirca-Enolife-1700-x-500-1.gif\" alt=\"\"  width=\"568\" height=\"168\"   \/><\/a>\n\n\n<div style=\"height:45px\" aria-hidden=\"true\" class=\"wp-block-spacer\"><\/div>\n\n\n\n<p>En sinton\u00eda con el <strong>mes del bonarda<\/strong>, que en <strong>Mendoza<\/strong> se celebra a lo largo de agosto, la <strong>Legislatura de Mendoza <\/strong>invit\u00f3 a las integrantes de la <strong>Asociaci\u00f3n Mujeres del Vino de la Argentina (Amuva) <\/strong>a una degustaci\u00f3n dirigida de vinos elaborados con la uva bonarda, segunda uva tinta m\u00e1s plantada en <strong>Argentina<\/strong>, y s\u00edmbolo de la <strong>zona Este de Mendoza. <\/strong><\/p>\n\n\n\n<p>Amuva es una asociaci\u00f3n civil sin fines de lucro con el objetivo de enriquecer la cultura enol\u00f3gica y ofrecer espacios a las mujeres vinculadas a la industria del vino, y tambi\u00e9n capacitar a aquellas personas que si bien no forman parte del mundo vitivin\u00edcola han conocido e incursionado en el mismo.\u00a0<\/p>\n\n\n\n<div style=\"height:35px\" aria-hidden=\"true\" class=\"wp-block-spacer\"><\/div>\n\n\n\n<figure class=\"wp-block-gallery has-nested-images columns-default is-cropped wp-block-gallery-1 is-layout-flex wp-block-gallery-is-layout-flex\">\n<figure class=\"wp-block-image size-full\"><a href=\"https:\/\/enolife.com.ar\/es\/wp-content\/uploads\/2025\/08\/Imagen11-6.jpg\" data-rel=\"penci-gallery-image-content\" ><img loading=\"lazy\" decoding=\"async\" width=\"439\" height=\"264\" data-id=\"162664\" src=\"https:\/\/enolife.com.ar\/es\/wp-content\/uploads\/2025\/08\/Imagen11-6.jpg\" alt=\"\" class=\"wp-image-162664\" srcset=\"https:\/\/enolife.com.ar\/es\/wp-content\/uploads\/2025\/08\/Imagen11-6.jpg 439w, https:\/\/enolife.com.ar\/es\/wp-content\/uploads\/2025\/08\/Imagen11-6-300x180.jpg 300w\" sizes=\"auto, (max-width: 439px) 100vw, 439px\" \/><\/a><figcaption class=\"wp-element-caption\"><strong><em>Algunas de las socias miembro de Amuva<\/em><\/strong><\/figcaption><\/figure>\n\n\n\n<figure class=\"wp-block-image size-full\"><a href=\"https:\/\/enolife.com.ar\/es\/wp-content\/uploads\/2025\/08\/Imagen18-2.jpg\" data-rel=\"penci-gallery-image-content\" ><img loading=\"lazy\" decoding=\"async\" width=\"428\" height=\"242\" data-id=\"162663\" src=\"https:\/\/enolife.com.ar\/es\/wp-content\/uploads\/2025\/08\/Imagen18-2.jpg\" alt=\"\" class=\"wp-image-162663\" srcset=\"https:\/\/enolife.com.ar\/es\/wp-content\/uploads\/2025\/08\/Imagen18-2.jpg 428w, https:\/\/enolife.com.ar\/es\/wp-content\/uploads\/2025\/08\/Imagen18-2-300x170.jpg 300w\" sizes=\"auto, (max-width: 428px) 100vw, 428px\" \/><\/a><figcaption class=\"wp-element-caption\"><strong><em>Las Amuva junto a Roberto Gonz\u00e1lez<\/em><\/strong><\/figcaption><\/figure>\n<\/figure>\n\n\n\n<div style=\"height:35px\" aria-hidden=\"true\" class=\"wp-block-spacer\"><\/div>\n\n\n\n<p>Presidida en la actualidad por la periodista especializada <strong>Claudia Farina<\/strong> junto a la vicepresidenta <strong>Lorena Mulet <\/strong>-en\u00f3loga de Bodega Cruzat- la Asociaci\u00f3n est\u00e1 integrada por mujeres pujantes en la industria, entre ellas <strong>Eliana B\u00f3rmida, Lucy Pujols de Pescarmona, Cristina Pandolfi, Claudia Yanz\u00f3n <\/strong>y<strong> Lila Levinson<\/strong>, adem\u00e1s de muchas otras profesionales y amantes de la industria vitivin\u00edcola.<\/p>\n\n\n\n<div style=\"height:35px\" aria-hidden=\"true\" class=\"wp-block-spacer\"><\/div>\n\n\n\n<figure class=\"wp-block-gallery has-nested-images columns-default is-cropped wp-block-gallery-2 is-layout-flex wp-block-gallery-is-layout-flex\">\n<figure class=\"wp-block-image size-full\"><a href=\"https:\/\/enolife.com.ar\/es\/wp-content\/uploads\/2025\/08\/Imagen14-2.jpg\" data-rel=\"penci-gallery-image-content\" ><img loading=\"lazy\" decoding=\"async\" width=\"511\" height=\"319\" data-id=\"162666\" src=\"https:\/\/enolife.com.ar\/es\/wp-content\/uploads\/2025\/08\/Imagen14-2.jpg\" alt=\"\" class=\"wp-image-162666\" srcset=\"https:\/\/enolife.com.ar\/es\/wp-content\/uploads\/2025\/08\/Imagen14-2.jpg 511w, https:\/\/enolife.com.ar\/es\/wp-content\/uploads\/2025\/08\/Imagen14-2-300x187.jpg 300w\" sizes=\"auto, (max-width: 511px) 100vw, 511px\" \/><\/a><figcaption class=\"wp-element-caption\"><strong><em>Hebe Casado, Claudia Farina y Roberto Gonz\u00e1lez<\/em><\/strong><\/figcaption><\/figure>\n\n\n\n<figure class=\"wp-block-image size-full\"><a href=\"https:\/\/enolife.com.ar\/es\/wp-content\/uploads\/2025\/08\/Imagen15-2.jpg\" data-rel=\"penci-gallery-image-content\" ><img loading=\"lazy\" decoding=\"async\" width=\"528\" height=\"319\" data-id=\"162667\" src=\"https:\/\/enolife.com.ar\/es\/wp-content\/uploads\/2025\/08\/Imagen15-2.jpg\" alt=\"\" class=\"wp-image-162667\" srcset=\"https:\/\/enolife.com.ar\/es\/wp-content\/uploads\/2025\/08\/Imagen15-2.jpg 528w, https:\/\/enolife.com.ar\/es\/wp-content\/uploads\/2025\/08\/Imagen15-2-300x181.jpg 300w\" sizes=\"auto, (max-width: 528px) 100vw, 528px\" \/><\/a><figcaption class=\"wp-element-caption\"><strong><em>Hebe Casado y Lorena Mulet<\/em><\/strong><\/figcaption><\/figure>\n<\/figure>\n\n\n\n<div style=\"height:32px\" aria-hidden=\"true\" class=\"wp-block-spacer\"><\/div>\n\n\n\n<p>La experiencia sensorial fue dirigida por el reconocido <strong>en\u00f3logo Roberto Gonz\u00e1lez<\/strong>, quien, con su profundo conocimiento gui\u00f3 a trav\u00e9s de un recorrido por las diferentes expresiones de esta vers\u00e1til variedad. En la degustaci\u00f3n se pusieron de relieve los matices y la personalidad de cada etiqueta, con el acompa\u00f1amiento de sommelliers de la <strong>Escuela Argentina de Sommelier (EAS). <\/strong><\/p>\n\n\n\n<div style=\"height:35px\" aria-hidden=\"true\" class=\"wp-block-spacer\"><\/div>\n\n\n\n<p class=\"has-small-font-size\"><\/p>\n\n\n\n<div style=\"height:35px\" aria-hidden=\"true\" class=\"wp-block-spacer\"><\/div>\n","protected":false},"excerpt":{"rendered":"<p>La cepa y el vino varietal bonarda -emblem\u00e1tico en la zona Este de Mendoza, porque&hellip;<\/p>\n","protected":false},"author":2,"featured_media":162655,"comment_status":"closed","ping_status":"open","sticky":false,"template":"","format":"standard","meta":{"footnotes":""},"categories":[7,14],"tags":[],"class_list":["post-162649","post","type-post","status-publish","format-standard","has-post-thumbnail","hentry","category-vino","category-news"],"_links":{"self":[{"href":"https:\/\/enolife.com.ar\/es\/wp-json\/wp\/v2\/posts\/162649","targetHints":{"allow":["GET"]}}],"collection":[{"href":"https:\/\/enolife.com.ar\/es\/wp-json\/wp\/v2\/posts"}],"about":[{"href":"https:\/\/enolife.com.ar\/es\/wp-json\/wp\/v2\/types\/post"}],"author":[{"embeddable":true,"href":"https:\/\/enolife.com.ar\/es\/wp-json\/wp\/v2\/users\/2"}],"replies":[{"embeddable":true,"href":"https:\/\/enolife.com.ar\/es\/wp-json\/wp\/v2\/comments?post=162649"}],"version-history":[{"count":0,"href":"https:\/\/enolife.com.ar\/es\/wp-json\/wp\/v2\/posts\/162649\/revisions"}],"wp:featuredmedia":[{"embeddable":true,"href":"https:\/\/enolife.com.ar\/es\/wp-json\/wp\/v2\/media\/162655"}],"wp:attachment":[{"href":"https:\/\/enolife.com.ar\/es\/wp-json\/wp\/v2\/media?parent=162649"}],"wp:term":[{"taxonomy":"category","embeddable":true,"href":"https:\/\/enolife.com.ar\/es\/wp-json\/wp\/v2\/categories?post=162649"},{"taxonomy":"post_tag","embeddable":true,"href":"https:\/\/enolife.com.ar\/es\/wp-json\/wp\/v2\/tags?post=162649"}],"curies":[{"name":"wp","href":"https:\/\/api.w.org\/{rel}","templated":true}]}}