{"id":162620,"date":"2025-08-31T22:52:46","date_gmt":"2025-08-31T22:52:46","guid":{"rendered":"https:\/\/enolife.com.ar\/es\/?p=162620"},"modified":"2025-09-01T21:40:39","modified_gmt":"2025-09-01T21:40:39","slug":"el-22-9-cierran-las-inscripciones-para-el-congreso-latinoamericano-de-viticultura-y-enologia-de-chile","status":"publish","type":"post","link":"https:\/\/enolife.com.ar\/es\/el-22-9-cierran-las-inscripciones-para-el-congreso-latinoamericano-de-viticultura-y-enologia-de-chile\/","title":{"rendered":"El 22\/9 cierran las inscripciones para el Congreso Latinoamericano de Viticultura y Enolog\u00eda de Chile"},"content":{"rendered":"\n<h4 class=\"wp-block-heading\"><em><strong>El lunes 22 de setiembre cerrar\u00e1n las inscripciones para participar del XVII Congreso Latinoamericano de Viticultura y Enolog\u00eda que se llevar\u00e1 a cabo en Santiago de Chile entre el 4 y 7 de noviembre, organizado por la Asociaci\u00f3n de En\u00f3logos de Am\u00e9rica (AEA). Con una nutrida agenda, confluir\u00e1n destacados conferencistas de nivel global, la presentaci\u00f3n de 218 trabajos de investigaci\u00f3n de acad\u00e9micos de 12 pa\u00edses productores, sesiones de biotecnolog\u00eda y tendencias de mercado. La experiencia se completar\u00e1 con actividades de campo y eventos de networking.<\/strong><\/em><\/h4>\n\n\n\n<div style=\"height:35px\" aria-hidden=\"true\" class=\"wp-block-spacer\"><\/div>\n\n\n<a href=\"https:\/\/altieri.com.ar\/\" aria-label=\"ALTIERI-1700X500\"><img loading=\"lazy\" decoding=\"async\" src=\"https:\/\/enolife.com.ar\/es\/wp-content\/uploads\/2025\/02\/ALTIERI-1700X500.jpg\" alt=\"\"  srcset=\"https:\/\/enolife.com.ar\/es\/wp-content\/uploads\/2025\/02\/ALTIERI-1700X500.jpg 1700w, https:\/\/enolife.com.ar\/es\/wp-content\/uploads\/2025\/02\/ALTIERI-1700X500-300x88.jpg 300w, https:\/\/enolife.com.ar\/es\/wp-content\/uploads\/2025\/02\/ALTIERI-1700X500-1024x301.jpg 1024w, https:\/\/enolife.com.ar\/es\/wp-content\/uploads\/2025\/02\/ALTIERI-1700X500-768x226.jpg 768w, https:\/\/enolife.com.ar\/es\/wp-content\/uploads\/2025\/02\/ALTIERI-1700X500-1536x452.jpg 1536w, https:\/\/enolife.com.ar\/es\/wp-content\/uploads\/2025\/02\/ALTIERI-1700X500-1170x344.jpg 1170w, https:\/\/enolife.com.ar\/es\/wp-content\/uploads\/2025\/02\/ALTIERI-1700X500-585x172.jpg 585w\" sizes=\"auto, (max-width: 1700px) 100vw, 1700px\" width=\"1700\" height=\"500\"   \/><\/a>\n\n\n<div style=\"height:45px\" aria-hidden=\"true\" class=\"wp-block-spacer\"><\/div>\n\n\n\n<p>Falta poco menos de un mes para el cierre de inscripciones al <strong>XVII Congreso Latinoamericano de Viticultura y Enolog\u00eda, <\/strong>que se realizar\u00e1 en el <strong>Hotel Plaza San Francisco de Santiago de Chile del 4 al 7 de noviembre de 2025<\/strong>. All\u00ed, adem\u00e1s de los trabajos de investigaci\u00f3n provenientes de 12 regiones productoras \u2013incluidas <strong>Espa\u00f1a, Francia, Italia, Portugal<\/strong> y, por supuesto, <strong>Latinoam\u00e9rica<\/strong>\u2013, participar\u00e1n destacados conferencistas, quienes impartir\u00e1n charlas magistrales de relevancia para los desaf\u00edos actuales de la industria.<\/p>\n\n\n\n<p>La charla inaugural estar\u00e1 a cargo de la actual <strong>presidente de la OIV, Yvette van der Merwe<\/strong>, que hablar\u00e1 sobre el estado actual del sector vitivin\u00edcola.<\/p>\n\n\n\n<div style=\"height:35px\" aria-hidden=\"true\" class=\"wp-block-spacer\"><\/div>\n\n\n<div class=\"wp-block-image\">\n<figure class=\"aligncenter size-full is-resized\"><a href=\"https:\/\/enolife.com.ar\/es\/wp-content\/uploads\/2025\/08\/yvette_van_der_merwe_new_oiv_presidentbaptiste_paquot_oiv.jpg\" data-rel=\"penci-gallery-image-content\" ><img loading=\"lazy\" decoding=\"async\" width=\"699\" height=\"397\" src=\"https:\/\/enolife.com.ar\/es\/wp-content\/uploads\/2025\/08\/yvette_van_der_merwe_new_oiv_presidentbaptiste_paquot_oiv.jpg\" alt=\"\" class=\"wp-image-162641\" style=\"width:613px;height:auto\" srcset=\"https:\/\/enolife.com.ar\/es\/wp-content\/uploads\/2025\/08\/yvette_van_der_merwe_new_oiv_presidentbaptiste_paquot_oiv.jpg 699w, https:\/\/enolife.com.ar\/es\/wp-content\/uploads\/2025\/08\/yvette_van_der_merwe_new_oiv_presidentbaptiste_paquot_oiv-300x170.jpg 300w, https:\/\/enolife.com.ar\/es\/wp-content\/uploads\/2025\/08\/yvette_van_der_merwe_new_oiv_presidentbaptiste_paquot_oiv-585x332.jpg 585w\" sizes=\"auto, (max-width: 699px) 100vw, 699px\" \/><\/a><figcaption class=\"wp-element-caption\"><strong><em>Yvette van der Merwe<\/em><\/strong><\/figcaption><\/figure><\/div>\n\n\n<div style=\"height:35px\" aria-hidden=\"true\" class=\"wp-block-spacer\"><\/div>\n\n\n\n<p>Desde <strong>Australia<\/strong>, asistir\u00e1 <strong>Mango Parker, investigadora de la Universidad de Adelaida<\/strong> y del <strong>Instituto Australiano de Investigaci\u00f3n sobre el Vino (AWRI).<\/strong> Ella es pionera en los estudios sobre el impacto del humo en el vino, y sus investigaciones tienen como objetivo la comprensi\u00f3n y mitigaci\u00f3n de los efectos de la exposici\u00f3n al humo. Su trabajo ha vinculado la composici\u00f3n de la uva con el sabor del vino, las preferencias del consumidor y la evoluci\u00f3n de la influencia del humo durante la crianza, derivando en herramientas para la industria en temporadas afectadas por incendios.<\/p>\n\n\n\n<p>Tambi\u00e9n asistir\u00e1n <strong>Ignacio Nevares Dom\u00ednguez<\/strong> y <strong>Mar\u00eda del \u00c1lamo Sanza<\/strong>, acad\u00e9micos de la <strong>Universidad de Valladolid<\/strong>. Ellos impartir\u00e1n la charla \u00abBuenas pr\u00e1cticas para la gesti\u00f3n del ox\u00edgeno en bodega. Aspectos clave de la gesti\u00f3n del ox\u00edgeno en el embotellado\u00bb, para compartir los hallazgos de sus investigaciones sobre la gesti\u00f3n del ox\u00edgeno antes y despu\u00e9s del embotellado. <\/p>\n\n\n\n<div style=\"height:35px\" aria-hidden=\"true\" class=\"wp-block-spacer\"><\/div>\n\n\n\n<figure class=\"wp-block-gallery aligncenter has-nested-images columns-default is-cropped wp-block-gallery-1 is-layout-flex wp-block-gallery-is-layout-flex\">\n<figure class=\"wp-block-image size-full\"><a href=\"https:\/\/enolife.com.ar\/es\/wp-content\/uploads\/2025\/08\/Imagen6-9.jpg\" data-rel=\"penci-gallery-image-content\" ><img loading=\"lazy\" decoding=\"async\" width=\"225\" height=\"225\" data-id=\"162630\" src=\"https:\/\/enolife.com.ar\/es\/wp-content\/uploads\/2025\/08\/Imagen6-9.jpg\" alt=\"\" class=\"wp-image-162630\" srcset=\"https:\/\/enolife.com.ar\/es\/wp-content\/uploads\/2025\/08\/Imagen6-9.jpg 225w, https:\/\/enolife.com.ar\/es\/wp-content\/uploads\/2025\/08\/Imagen6-9-150x150.jpg 150w\" sizes=\"auto, (max-width: 225px) 100vw, 225px\" \/><\/a><\/figure>\n\n\n\n<figure class=\"wp-block-image size-full\"><a href=\"https:\/\/enolife.com.ar\/es\/wp-content\/uploads\/2025\/08\/Imagen3-15.jpg\" data-rel=\"penci-gallery-image-content\" ><img loading=\"lazy\" decoding=\"async\" width=\"225\" height=\"225\" data-id=\"162631\" src=\"https:\/\/enolife.com.ar\/es\/wp-content\/uploads\/2025\/08\/Imagen3-15.jpg\" alt=\"\" class=\"wp-image-162631\" srcset=\"https:\/\/enolife.com.ar\/es\/wp-content\/uploads\/2025\/08\/Imagen3-15.jpg 225w, https:\/\/enolife.com.ar\/es\/wp-content\/uploads\/2025\/08\/Imagen3-15-150x150.jpg 150w\" sizes=\"auto, (max-width: 225px) 100vw, 225px\" \/><\/a><\/figure>\n<\/figure>\n\n\n\n<div style=\"height:35px\" aria-hidden=\"true\" class=\"wp-block-spacer\"><\/div>\n\n\n\n<p><strong>Federico Casassa,<\/strong> acad\u00e9mico de la <strong>Universidad Cal Poly, California<\/strong>, compartir\u00e1 los conocimientos que adquiri\u00f3 desde investigaciones centradas en la qu\u00edmica del vino y la investigaci\u00f3n sensorial aplicada, mientras que <strong>Markus Keller<\/strong>, acad\u00e9mico de <strong>Washington State University<\/strong>, contar\u00e1 c\u00f3mo la temperatura, el agua y otros factores determinan la variaci\u00f3n del rendimiento de la vid. <\/p>\n\n\n\n<div style=\"height:35px\" aria-hidden=\"true\" class=\"wp-block-spacer\"><\/div>\n\n\n\n<figure class=\"wp-block-gallery has-nested-images columns-default is-cropped wp-block-gallery-2 is-layout-flex wp-block-gallery-is-layout-flex\">\n<figure class=\"wp-block-image size-full\"><a href=\"https:\/\/enolife.com.ar\/es\/wp-content\/uploads\/2025\/08\/Imagen7-6.jpg\" data-rel=\"penci-gallery-image-content\" ><img loading=\"lazy\" decoding=\"async\" width=\"209\" height=\"242\" data-id=\"162633\" src=\"https:\/\/enolife.com.ar\/es\/wp-content\/uploads\/2025\/08\/Imagen7-6.jpg\" alt=\"\" class=\"wp-image-162633\"\/><\/a><\/figure>\n\n\n\n<figure class=\"wp-block-image size-full\"><a href=\"https:\/\/enolife.com.ar\/es\/wp-content\/uploads\/2025\/08\/Imagen5-9.jpg\" data-rel=\"penci-gallery-image-content\" ><img loading=\"lazy\" decoding=\"async\" width=\"225\" height=\"225\" data-id=\"162634\" src=\"https:\/\/enolife.com.ar\/es\/wp-content\/uploads\/2025\/08\/Imagen5-9.jpg\" alt=\"\" class=\"wp-image-162634\" srcset=\"https:\/\/enolife.com.ar\/es\/wp-content\/uploads\/2025\/08\/Imagen5-9.jpg 225w, https:\/\/enolife.com.ar\/es\/wp-content\/uploads\/2025\/08\/Imagen5-9-150x150.jpg 150w\" sizes=\"auto, (max-width: 225px) 100vw, 225px\" \/><\/a><\/figure>\n<\/figure>\n\n\n\n<div style=\"height:35px\" aria-hidden=\"true\" class=\"wp-block-spacer\"><\/div>\n\n\n\n<p>Desde la <strong>Universidad de Borgo\u00f1a,<\/strong> la acad\u00e9mica <strong>Maria Nikolantonaki <\/strong>hablar\u00e1 de los hallazgos de sus estudios centrados en la estabilidad oxidativa del vino y el desarrollo de herramientas predictivas para evaluar su potencial de guarda.<\/p>\n\n\n\n<p>Para complementar estas miradas, el en\u00f3logo y <strong>periodista argentino Joaqu\u00edn Hidalgo<\/strong>, especializado en vinos y gastronom\u00eda y especialista en tendencias de consumo, podr\u00e1 aportar su visi\u00f3n sobre la comunicaci\u00f3n del vino en el mundo actual, adem\u00e1s de participar junto a otros actores del sector en una mesa redonda sobre los retos comerciales que enfrenta la industria vitivin\u00edcola latinoamericana.<\/p>\n\n\n\n<div style=\"height:35px\" aria-hidden=\"true\" class=\"wp-block-spacer\"><\/div>\n\n\n\n<figure class=\"wp-block-gallery has-nested-images columns-default is-cropped wp-block-gallery-3 is-layout-flex wp-block-gallery-is-layout-flex\">\n<figure class=\"wp-block-image size-full\"><a href=\"https:\/\/enolife.com.ar\/es\/wp-content\/uploads\/2025\/08\/Imagen4-11.jpg\" data-rel=\"penci-gallery-image-content\" ><img loading=\"lazy\" decoding=\"async\" width=\"225\" height=\"225\" data-id=\"162637\" src=\"https:\/\/enolife.com.ar\/es\/wp-content\/uploads\/2025\/08\/Imagen4-11.jpg\" alt=\"\" class=\"wp-image-162637\" srcset=\"https:\/\/enolife.com.ar\/es\/wp-content\/uploads\/2025\/08\/Imagen4-11.jpg 225w, https:\/\/enolife.com.ar\/es\/wp-content\/uploads\/2025\/08\/Imagen4-11-150x150.jpg 150w\" sizes=\"auto, (max-width: 225px) 100vw, 225px\" \/><\/a><\/figure>\n\n\n\n<figure class=\"wp-block-image size-full\"><a href=\"https:\/\/enolife.com.ar\/es\/wp-content\/uploads\/2025\/08\/Imagen2-24.jpg\" data-rel=\"penci-gallery-image-content\" ><img loading=\"lazy\" decoding=\"async\" width=\"225\" height=\"225\" data-id=\"162638\" src=\"https:\/\/enolife.com.ar\/es\/wp-content\/uploads\/2025\/08\/Imagen2-24.jpg\" alt=\"\" class=\"wp-image-162638\" srcset=\"https:\/\/enolife.com.ar\/es\/wp-content\/uploads\/2025\/08\/Imagen2-24.jpg 225w, https:\/\/enolife.com.ar\/es\/wp-content\/uploads\/2025\/08\/Imagen2-24-150x150.jpg 150w\" sizes=\"auto, (max-width: 225px) 100vw, 225px\" \/><\/a><\/figure>\n<\/figure>\n\n\n\n<div style=\"height:35px\" aria-hidden=\"true\" class=\"wp-block-spacer\"><\/div>\n\n\n\n<p>Asimismo, para presentar los <strong>218 trabajos de investigaci\u00f3n recibidos<\/strong>, el encuentro contar\u00e1 con sesiones de p\u00f3steres y sesiones orales. Ser\u00e1n cinco sesiones orales de viticultura, donde se expondr\u00e1n estudios sobre temas como, por ejemplo, la caracterizaci\u00f3n de cepas patrimoniales y criollas y manejos para una viticultura sostenible en el marco del cambio clim\u00e1tico. En torno a la enolog\u00eda, habr\u00e1 cuatro sesiones de exposiciones orales, con temas como la tecnolog\u00eda enol\u00f3gica e innovaciones en la producci\u00f3n y elaboraci\u00f3n de vinos.<\/p>\n\n\n\n<p>El programa incluye igualmente una <strong>sesi\u00f3n de biotecnolog\u00eda<\/strong>, para tratar de la gesti\u00f3n microbiana y efectos en la calidad del vino, entre otros temas. Una sesi\u00f3n de an\u00e1lisis sensorial permitir\u00e1 al p\u00fablico actualizarse en cuanto a la percepci\u00f3n, tipicidad y desviaciones organol\u00e9pticas de los vinos, entre otros. Una sesi\u00f3n de an\u00e1lisis qu\u00edmico abarcar\u00e1 estudios como el an\u00e1lisis y caracterizaci\u00f3n qu\u00edmica de uvas y vinos.<\/p>\n\n\n<div class=\"wp-block-image\">\n<figure class=\"alignleft size-full is-resized\"><a href=\"https:\/\/enolife.com.ar\/es\/wp-content\/uploads\/2025\/08\/8-congreso_20250806-2.jpeg\" data-rel=\"penci-gallery-image-content\" ><img loading=\"lazy\" decoding=\"async\" width=\"400\" height=\"508\" src=\"https:\/\/enolife.com.ar\/es\/wp-content\/uploads\/2025\/08\/8-congreso_20250806-2.jpeg\" alt=\"\" class=\"wp-image-162643\" style=\"width:334px;height:auto\" srcset=\"https:\/\/enolife.com.ar\/es\/wp-content\/uploads\/2025\/08\/8-congreso_20250806-2.jpeg 400w, https:\/\/enolife.com.ar\/es\/wp-content\/uploads\/2025\/08\/8-congreso_20250806-2-236x300.jpeg 236w\" sizes=\"auto, (max-width: 400px) 100vw, 400px\" \/><\/a><\/figure><\/div>\n\n\n<p>El congreso contar\u00e1, adem\u00e1s, con <strong>sesiones en torno a las ciencias sociales y a las tendencias de mercado y de consumo del vino<\/strong>, con temas como los desaf\u00edos globales y respuestas locales en el marco actual de la industria.<\/p>\n\n\n\n<p><strong>Felipe Laurie, miembro del comit\u00e9 cient\u00edfico, <\/strong>comenta que esta edici\u00f3n del congreso <em>\u201ces muy especial, pues congrega no solo a la comunidad acad\u00e9mica, sino que a muchos profesionales de la regi\u00f3n. Se recibi\u00f3 una gran cantidad de res\u00famenes de excelente nivel cient\u00edfico y t\u00e9cnico, lo que anticipa un congreso enriquecedor e interesante que permitir\u00e1 compartir experiencias, generar colaboraciones y aportar al desarrollo del sector vitivin\u00edcola.\u201d<\/em><\/p>\n\n\n\n<p>Las inscripciones para la 17ma edici\u00f3n del Congreso Latinoamericano de Viticultura y Enolog\u00eda se hacen desde la p\u00e1gina web del evento e incluyen el acceso al congreso con sus charlas, foros y coffee breaks; catas t\u00e9cnicas de vinos y Piscos; los almuerzos del 5 y 6 de noviembre acompa\u00f1ados con vinos de bodegas colaboradoras, as\u00ed como la salida a terreno (traslado, picnic y visita) durante la tarde del \u00faltimo d\u00eda, para descubrir en terreno lo que tiene Chile para contar y mostrar tanto en vi\u00f1edos como bodegas. <em>\u201cLos invito a participar del congreso y conectar con investigadores y colegas de nuestro pa\u00eds y el resto del mundo. \u00a1No se lo pierdan!\u201d<\/em>, motiva Laurie.<\/p>\n\n\n\n<p class=\"has-background\" style=\"background-color:#abb7c242\"><strong>M\u00e1s informaci\u00f3n del congreso: <a href=\"https:\/\/congresoenologia.com\/\">AQU\u00cd<\/a><\/strong><\/p>\n\n\n\n<div style=\"height:45px\" aria-hidden=\"true\" class=\"wp-block-spacer\"><\/div>\n\n\n\n<p class=\"has-medium-font-size\"><strong>C\u00f3mo participar <\/strong><\/p>\n\n\n\n<p>M\u00e1s all\u00e1 del cierre -el 22\/9- la organizaci\u00f3n recomienda inscribirse pronto, ya que los cupos para el XVII Congreso Latinoamericano de Viticultura y Enolog\u00eda son limitados. Los valores de la inscripci\u00f3n son diferenciados seg\u00fan la categor\u00eda, a saber:<\/p>\n\n\n\n<p>\u25cf Estudiantes: U$S 250<br>\u25cf Miembros de la Asociaci\u00f3n de En\u00f3logos de Am\u00e9rica: U$S 300<br>\u25cf P\u00fablico general: U$S 350<\/p>\n\n\n\n<p>Quienes deseen participar en la cena de gala del 6 de noviembre lo deben indicar y pagar un costo adicional de 60 d\u00f3lares a la hora de inscribirse. El aforo de esta cena est\u00e1 limitado a 150 personas.<\/p>\n\n\n\n<p class=\"has-background\" style=\"background-color:#abb7c242\"><strong>Las inscripciones pueden realizarse clickeando <a href=\"https:\/\/congresoenologia.com\/product\/inscripcion-congreso\/\">AQU\u00cd<\/a><\/strong><\/p>\n\n\n\n<p><br><\/p>\n\n\n\n<p>Los organizadores agradecen el patrocinio de la Organizaci\u00f3n Internacional de la Vi\u00f1a y del Vino (OIV), Ministerio de Agricultura, Servicio Agr\u00edcola y Ganadero (SAG), Sociedad Nacional de Agricultura (SNA), ProChile y Vinos de Chile. <\/p>\n\n\n\n<div style=\"height:46px\" aria-hidden=\"true\" class=\"wp-block-spacer\"><\/div>\n","protected":false},"excerpt":{"rendered":"<p>El lunes 22 de setiembre cerrar\u00e1n las inscripciones para participar del XVII Congreso Latinoamericano de&hellip;<\/p>\n","protected":false},"author":2,"featured_media":162648,"comment_status":"closed","ping_status":"open","sticky":false,"template":"","format":"standard","meta":{"footnotes":""},"categories":[47],"tags":[],"class_list":["post-162620","post","type-post","status-publish","format-standard","has-post-thumbnail","hentry","category-agenda"],"_links":{"self":[{"href":"https:\/\/enolife.com.ar\/es\/wp-json\/wp\/v2\/posts\/162620","targetHints":{"allow":["GET"]}}],"collection":[{"href":"https:\/\/enolife.com.ar\/es\/wp-json\/wp\/v2\/posts"}],"about":[{"href":"https:\/\/enolife.com.ar\/es\/wp-json\/wp\/v2\/types\/post"}],"author":[{"embeddable":true,"href":"https:\/\/enolife.com.ar\/es\/wp-json\/wp\/v2\/users\/2"}],"replies":[{"embeddable":true,"href":"https:\/\/enolife.com.ar\/es\/wp-json\/wp\/v2\/comments?post=162620"}],"version-history":[{"count":0,"href":"https:\/\/enolife.com.ar\/es\/wp-json\/wp\/v2\/posts\/162620\/revisions"}],"wp:featuredmedia":[{"embeddable":true,"href":"https:\/\/enolife.com.ar\/es\/wp-json\/wp\/v2\/media\/162648"}],"wp:attachment":[{"href":"https:\/\/enolife.com.ar\/es\/wp-json\/wp\/v2\/media?parent=162620"}],"wp:term":[{"taxonomy":"category","embeddable":true,"href":"https:\/\/enolife.com.ar\/es\/wp-json\/wp\/v2\/categories?post=162620"},{"taxonomy":"post_tag","embeddable":true,"href":"https:\/\/enolife.com.ar\/es\/wp-json\/wp\/v2\/tags?post=162620"}],"curies":[{"name":"wp","href":"https:\/\/api.w.org\/{rel}","templated":true}]}}