{"id":16262,"date":"2020-07-12T02:57:06","date_gmt":"2020-07-12T02:57:06","guid":{"rendered":"http:\/\/enolife.com.ar\/es\/?p=16262"},"modified":"2020-07-17T19:37:44","modified_gmt":"2020-07-17T19:37:44","slug":"el-inta-mendoza-identifico-un-nuevo-virus-desconocido-en-el-pais-asociado-a-la-mancha-roja-de-la-vid","status":"publish","type":"post","link":"https:\/\/enolife.com.ar\/es\/el-inta-mendoza-identifico-un-nuevo-virus-desconocido-en-el-pais-asociado-a-la-mancha-roja-de-la-vid\/","title":{"rendered":"El INTA Mendoza identific\u00f3 un nuevo virus desconocido en el pa\u00eds, asociado a la mancha roja de la vid"},"content":{"rendered":"\n<h4 class=\"wp-block-heading\"><em><strong>Gracias al uso de herramientas gen\u00f3micas y de secuenciaci\u00f3n masiva, un equipo de investigadores del Instituto Nacional de Tecnolog\u00eda Agropecuaria (INTA), integrado por especialistas de la Estaci\u00f3n Experimental Agropecuaria Mendoza, del Instituto de Patolog\u00eda Vegetal (Ipave) y del Instituto de Biotecnolog\u00eda- logr\u00f3 caracterizar un virus que afecta a la vitivinicultura de todo el mundo. Se trata del \u00abGrapevine red blotch virus\u00bb (Grbav, por sus siglas en ingl\u00e9s) y est\u00e1 asociado a la enfermedad de la mancha roja de la vid, una afecci\u00f3n que disminuye la rentabilidad de las plantaciones y la calidad de la fruta.<\/strong><\/em><\/h4>\n\n\n\n<div style=\"height:20px\" aria-hidden=\"true\" class=\"wp-block-spacer\"><\/div>\n\n\n\n<p>\u201cIdentificar y caracterizar un virus es una tarea compleja e implica el an\u00e1lisis de datos provenientes de todo el mundo\u201d, expres\u00f3 <strong>Sebasti\u00e1n G\u00f3mez Talquenca<\/strong>, especialista en virolog\u00eda de la vid del <strong>INTA Mendoza<\/strong>, quien advirti\u00f3 que los s\u00edntomas que presentan estos virus son muy similares a problemas nutricionales o fisiol\u00f3gicos: \u201cEs muy com\u00fan ver una planta roja y pensar que tiene deficiencia de potasio o f\u00f3sforo y, en realidad, puede tratarse de un problema patol\u00f3gico\u201d.<\/p>\n\n\n\n<p>Por esto, G\u00f3mez Talquenca trabaja en el desarrollo de herramientas que permitan la identificaci\u00f3n de los virus conocidos y la caracterizaci\u00f3n de aquellos cuya existencia se desconoce. \u201cGracias a este trabajo articulado en los \u00faltimos dos a\u00f1os, describimos una nueva especie viral en el pa\u00eds\u201d, indic\u00f3 el investigador del INTA, quien articula acciones con <strong>Humberto Debat<\/strong> del <strong>Ipave<\/strong> y <strong>Diego Zavallo<\/strong> y <strong>Sebasti\u00e1n Asurmendi<\/strong>, del <strong>Instituto de Biotecnolog\u00eda<\/strong> del INTA.<\/p>\n\n\n\n<p>Se trata del <em>Grapevine red blotch virus<\/em> (<em>Grbav<\/em>, por sus siglas en ingl\u00e9s), pertenece a la familia&nbsp;<em>Geminiviridae<\/em>&nbsp;y est\u00e1 asociado a <strong>la enfermedad de la mancha roja de la vid<\/strong>, una afecci\u00f3n que disminuye la rentabilidad de las plantaciones y la calidad de la fruta.<\/p>\n\n\n\n<div style=\"height:20px\" aria-hidden=\"true\" class=\"wp-block-spacer\"><\/div>\n\n\n\n<figure class=\"wp-block-video aligncenter\"><video controls src=\"https:\/\/enolife.com.ar\/es\/wp-content\/uploads\/2020\/07\/virus.mp4\"><\/video><\/figure>\n\n\n\n<div style=\"height:20px\" aria-hidden=\"true\" class=\"wp-block-spacer\"><\/div>\n\n\n\n<p>\u201cSi bien esta enfermedad fue informada por primera vez en 2008 en plantaciones de California, reci\u00e9n ahora pudimos describir y caracterizar el virus asociado a esta patolog\u00eda en vi\u00f1edos argentinos\u201d, se\u00f1al\u00f3 G\u00f3mez Talquenca.<\/p>\n\n\n\n<div style=\"height:20px\" aria-hidden=\"true\" class=\"wp-block-spacer\"><\/div>\n\n\n\n<blockquote class=\"wp-block-quote is-layout-flow wp-block-quote-is-layout-flow\"><p>Gracias a este trabajo articulado en los \u00faltimos dos a\u00f1os, descubrimos esta nueva especie viral en el pa\u00eds\u00bb.<\/p><cite>Sebasti\u00e1n G\u00f3mez Talquenca, especialista en virolog\u00eda de la vid del INTA<\/cite><\/blockquote>\n\n\n\n<div style=\"height:20px\" aria-hidden=\"true\" class=\"wp-block-spacer\"><\/div>\n\n\n\n<p>Seg\u00fan los primeros reportes, \u201cen los cultivares de uvas tintas, los s\u00edntomas de la enfermedad foliar consisten en manchas rojas a principios de la temporada que pueden expandirse y unirse en la mayor parte de la l\u00e1mina de la hoja; mientras que en los cultivares de vid blancas, los s\u00edntomas de la enfermedad foliar son menos visibles y, generalmente, involucran \u00e1reas clor\u00f3ticas irregulares que pueden volverse necr\u00f3ticas al final de la temporada\u201d.<\/p>\n\n\n\n<div style=\"height:20px\" aria-hidden=\"true\" class=\"wp-block-spacer\"><\/div>\n\n\n\n<p class=\"has-text-color has-background has-very-light-gray-color has-vivid-red-background-color\"><strong>Alerta para el Iscamen<\/strong><br><br>A trav\u00e9s de un proyecto de Declaraci\u00f3n aprobado por la C\u00e1mara de Diputados a principios de marzo pasado, el legislador <strong>Jos\u00e9 Mar\u00eda Videla S\u00e1enz<\/strong> (FR-Cambia Mendoza) pidi\u00f3 al Poder Ejecutivo que agregue el virus de la mancha roja de la vid (Grapevine Red Blotch Disease o GRBD) a la lista de control del <strong>Sistema Integral de Barreras Sanitarias<\/strong> instrumentado por el Iscamen para el cuidado del patrimonio fitosanitario en el territorio provincial.<br>Asimismo, el diputado inst\u00f3 al Ejecutivo Provincial a gestionar ante la Naci\u00f3n medidas similares a trav\u00e9s <strong>Senasa<\/strong>, <strong>Inase<\/strong> y de los organismos que respondan al <strong>Ministerio de Agricultura, Ganader\u00eda y Pesca de la Naci\u00f3n<\/strong>, a cargo de estos controles para el territorio nacional.<\/p>\n\n\n\n<div style=\"height:20px\" aria-hidden=\"true\" class=\"wp-block-spacer\"><\/div>\n\n\n\n<p>\u201cQueremos dar a conocer este virus que est\u00e1 presente en las plantaciones de la Argentina para que los productores entiendan cu\u00e1l es el da\u00f1o que provoca\u201d, indic\u00f3 el especialista del INTA, quien asegur\u00f3 que \u201cel gran problema que tienen las enfermedades virales en vid es que son cr\u00f3nicas y, si bien no matan a la planta, la enferman para toda su vida \u00fatil\u201d.<\/p>\n\n\n\n<p>En este sentido, G\u00f3mez Talquenca puntualiz\u00f3 en el impacto econ\u00f3mico que provoca el desconocimiento. \u201cLa vid es una planta que puede durar 25, 50 o hasta 100 a\u00f1os. Esta longevidad, cuando las plantas tienen infecciones cr\u00f3nicas, deriva en una p\u00e9rdida constante, a\u00f1o tras a\u00f1o, provocada por un virus y el da\u00f1o econ\u00f3mico es muy severo\u201d, se\u00f1al\u00f3.<\/p>\n\n\n\n<div style=\"height:20px\" aria-hidden=\"true\" class=\"wp-block-spacer\"><\/div>\n\n\n\n<figure class=\"wp-block-image\"><img decoding=\"async\" src=\"https:\/\/intainforma.inta.gob.ar\/wp-content\/uploads\/2020\/07\/Photo-courtesy-Sudarsana-Poojari-Brock-University.jpg\" alt=\"\"\/><figcaption><strong>La mancha roja se convierte en una enfermedad cr\u00f3nica y acorta la vida \u00fatil de los vi\u00f1edos<\/strong>.<\/figcaption><\/figure>\n\n\n\n<div style=\"height:20px\" aria-hidden=\"true\" class=\"wp-block-spacer\"><\/div>\n\n\n\n<p class=\"has-medium-font-size\"><strong>La bioinform\u00e1tica, clave para descifrar la gen\u00f3mica <\/strong><\/p>\n\n\n\n<p>Sin dudas, la secuenciaci\u00f3n del genoma humano (2003) fue un hito que revolucion\u00f3 la manera de abordar el estudio del ADN. Su ordenamiento fue posible gracias a los avances en m\u00e9todos usados para analizar \u00e1cidos nucleicos y al desarrollo de tecnolog\u00edas cada vez m\u00e1s sofisticadas de secuenciaci\u00f3n.<\/p>\n\n\n\n<p>El acceso a las tecnolog\u00edas de secuenciaci\u00f3n de generaci\u00f3n avanzada (NGS, por sus siglas en ingl\u00e9s), desde 2007 en adelante, no s\u00f3lo permiti\u00f3 obtener de manera r\u00e1pida y con gran profundidad el detalle de la secuencia nucleot\u00eddica completa de un organismo y comprender su organizaci\u00f3n, sino que modific\u00f3 la manera de abordar la gen\u00f3mica.<\/p>\n\n\n\n<div style=\"height:20px\" aria-hidden=\"true\" class=\"wp-block-spacer\"><\/div>\n\n\n\n<blockquote class=\"wp-block-quote is-layout-flow wp-block-quote-is-layout-flow\"><p>En los \u00faltimos cinco a\u00f1os, gracias a las tecnolog\u00edas de generaci\u00f3n avanzada, como la bioinform\u00e1tica, se describieron muchas especies nuevas. Hoy, tenemos 88 especies virales descriptas que infectan a la vid<\/p><cite>Sebasti\u00e1n G\u00f3mez Talquenca, investigador del INTA<\/cite><\/blockquote>\n\n\n\n<div style=\"height:20px\" aria-hidden=\"true\" class=\"wp-block-spacer\"><\/div>\n\n\n\n<p>\u201cEl avance de la tecnolog\u00eda y de herramientas, como la bioinform\u00e1tica, facilit\u00f3 el an\u00e1lisis masivo de datos. De hecho, en los \u00faltimos cinco a\u00f1os se describieron much\u00edsimas especies nuevas y, al d\u00eda de hoy, tenemos 88 especies virales descriptas que infectan a la vid\u201d, asegur\u00f3 el especialista del INTA, quien puntualiz\u00f3: \u201cEsto convierte a la vid en la planta que es hu\u00e9sped del mayor n\u00famero de virus en forma natural. Lo que no es malo para la planta, sino para el mercado\u201d.<\/p>\n\n\n\n<p>El conocimiento y entendimiento de estos pat\u00f3genos permite generar materiales sanos. Por esto, \u201cnuestro trabajo est\u00e1 dirigido a estudiar los virus que est\u00e1n presentes en las plantas argentinas para caracterizarlos y determinar cu\u00e1les afectan a la productividad y cu\u00e1les no\u201d, expres\u00f3 G\u00f3mez Talquenca.<\/p>\n\n\n\n<div style=\"height:20px\" aria-hidden=\"true\" class=\"wp-block-spacer\"><\/div>\n\n\n\n<p class=\"has-medium-font-size\"><strong>La articulaci\u00f3n INTA-Catena Institute of Wine<\/strong><\/p>\n\n\n\n<p>Conocer cu\u00e1les son los virus que est\u00e1n presentes en los vi\u00f1edos argentinos no es una tarea sencilla. Para avanzar en esta l\u00ednea de investigaci\u00f3n, los especialistas del INTA trabajan junto con el <strong>Catena Institute of Wine<\/strong>.<\/p>\n\n\n\n<p>\u201cEl objetivo de la articulaci\u00f3n no es s\u00f3lo identificar las especies virales que circulan y causan da\u00f1o a la producci\u00f3n, sino que, adem\u00e1s, apostamos a producir plantas libres de virus\u201d, afirm\u00f3 G\u00f3mez Talquenca.<\/p>\n\n\n\n<p>Adem\u00e1s, junto con la empresa <strong>Qualab<\/strong> desarrollaron la tecnolog\u00eda necesaria para el an\u00e1lisis y diagn\u00f3stico de los virus. \u201cQualab es una empresa incubada dentro del INTA con la visi\u00f3n de salvar a la vitivinicultura\u201d, asegur\u00f3 el investigador del INTA. Y agreg\u00f3: \u201cMediante un convenio de vinculaci\u00f3n tecnol\u00f3gica, Qualab ayuda a los productores a identificar los pat\u00f3genos responsables de enfermedades virales que afectan su sostenibilidad en la industria\u201d.<\/p>\n\n\n\n<div style=\"height:20px\" aria-hidden=\"true\" class=\"wp-block-spacer\"><\/div>\n\n\n\n<p class=\"has-small-font-size\"><em><strong>Fuente: Instituto Nacional de Tecnolog\u00eda Agropecuaria y memo.com.ar<\/strong><\/em><\/p>\n\n\n\n<div style=\"height:39px\" aria-hidden=\"true\" class=\"wp-block-spacer\"><\/div>\n","protected":false},"excerpt":{"rendered":"<p>Gracias al uso de herramientas gen\u00f3micas y de secuenciaci\u00f3n masiva, un equipo de investigadores del&hellip;<\/p>\n","protected":false},"author":3,"featured_media":16274,"comment_status":"open","ping_status":"open","sticky":false,"template":"","format":"standard","meta":{"footnotes":""},"categories":[5],"tags":[],"class_list":["post-16262","post","type-post","status-publish","format-standard","has-post-thumbnail","hentry","category-fincas"],"_links":{"self":[{"href":"https:\/\/enolife.com.ar\/es\/wp-json\/wp\/v2\/posts\/16262","targetHints":{"allow":["GET"]}}],"collection":[{"href":"https:\/\/enolife.com.ar\/es\/wp-json\/wp\/v2\/posts"}],"about":[{"href":"https:\/\/enolife.com.ar\/es\/wp-json\/wp\/v2\/types\/post"}],"author":[{"embeddable":true,"href":"https:\/\/enolife.com.ar\/es\/wp-json\/wp\/v2\/users\/3"}],"replies":[{"embeddable":true,"href":"https:\/\/enolife.com.ar\/es\/wp-json\/wp\/v2\/comments?post=16262"}],"version-history":[{"count":0,"href":"https:\/\/enolife.com.ar\/es\/wp-json\/wp\/v2\/posts\/16262\/revisions"}],"wp:featuredmedia":[{"embeddable":true,"href":"https:\/\/enolife.com.ar\/es\/wp-json\/wp\/v2\/media\/16274"}],"wp:attachment":[{"href":"https:\/\/enolife.com.ar\/es\/wp-json\/wp\/v2\/media?parent=16262"}],"wp:term":[{"taxonomy":"category","embeddable":true,"href":"https:\/\/enolife.com.ar\/es\/wp-json\/wp\/v2\/categories?post=16262"},{"taxonomy":"post_tag","embeddable":true,"href":"https:\/\/enolife.com.ar\/es\/wp-json\/wp\/v2\/tags?post=16262"}],"curies":[{"name":"wp","href":"https:\/\/api.w.org\/{rel}","templated":true}]}}