{"id":162585,"date":"2025-08-30T15:38:38","date_gmt":"2025-08-30T15:38:38","guid":{"rendered":"https:\/\/enolife.com.ar\/es\/?p=162585"},"modified":"2025-09-01T16:49:52","modified_gmt":"2025-09-01T16:49:52","slug":"un-tribunal-de-eeuu-declaro-ilegales-los-aranceles-a-las-importaciones-de-trump","status":"publish","type":"post","link":"https:\/\/enolife.com.ar\/es\/un-tribunal-de-eeuu-declaro-ilegales-los-aranceles-a-las-importaciones-de-trump\/","title":{"rendered":"Un tribunal de EEUU declar\u00f3 ilegales los aranceles a las importaciones de Trump"},"content":{"rendered":"\n<h4 class=\"wp-block-heading\"><em><strong>Un tribunal de apelaciones en Estados Unidos concluy\u00f3 que Donald Trump se excedi\u00f3 en sus atribuciones al invocar poderes de emergencia para aplicar aranceles de alcance global. La mayor\u00eda de esos grav\u00e1menes al ingreso de productos extranjeros -entre ellos el vino y subproductos vitivin\u00edcolas- a EEUU fueron declarados ilegales, aunque los jueces permitieron que sigan vigentes hasta mediados de octubre. El mandatario, por su parte, adelant\u00f3 que llevar\u00e1 el caso ante la Corte Suprema.<\/strong><\/em><\/h4>\n\n\n\n<div style=\"height:41px\" aria-hidden=\"true\" class=\"wp-block-spacer\"><\/div>\n\n\n\n\n\n<div style=\"height:32px\" aria-hidden=\"true\" class=\"wp-block-spacer\"><\/div>\n\n\n\n<p>Este viernes 29\/8\/25, el <strong>Tribunal de Apelaciones del Circuito Federal<\/strong> de <strong>Estados Unidos (EEUU) <\/strong> fall\u00f3, por <strong>7 votos contra 4, que muchos de los aranceles internacionales de Trump eran ilegales,<\/strong> aunque autoriz\u00f3 que permanezcan en vigor por ahora, hasta octubre, dando tiempo al presidente para llevar la disputa a la Corte Suprema, el m\u00e1ximo tribunal del pa\u00eds.<\/p>\n\n\n\n<p>La decisi\u00f3n<strong> confirma lo dictaminado por un tribunal inferior,<\/strong> que hab\u00eda se\u00f1alado que Trump se excedi\u00f3 en su autoridad al invocar poderes econ\u00f3micos de emergencia para imponer amplios grav\u00e1menes.<\/p>\n\n\n\n<p>No obstante, <strong>los jueces permitieron que los aranceles contin\u00faen hasta mediados de octubre.<\/strong><\/p>\n\n\n\n<p>Trump, en su plataforma <strong>Truth Social<\/strong>, critic\u00f3 duramente la decisi\u00f3n.&nbsp;El presidente asegur\u00f3 que la decisi\u00f3n es <em>\u201cerr\u00f3nea\u201d<\/em> y advirti\u00f3 que, de eliminarse los grav\u00e1menes, Estados Unidos quedar\u00eda <em>\u201cfinancieramente d\u00e9bil\u201d<\/em>, lo que calific\u00f3 como un posible <em>\u201cdesastre total\u201d<\/em> para el pa\u00eds. Adem\u00e1s, defendi\u00f3 los aranceles como la <em>\u201cmejor herramienta\u201d <\/em>para proteger a los trabajadores y respaldar a las empresas que producen en territorio estadounidense. Acus\u00f3 a anteriores l\u00edderes pol\u00edticos de haber permitido que se usaran en contra de EEUU y confi\u00f3 en que la Corte Suprema respalde su pol\u00edtica comercial. Seg\u00fan el republicano, su objetivo es <em>\u201chacer a Estados Unidos rico, fuerte y poderoso nuevamente\u201d.<\/em><\/p>\n\n\n\n<p>La decisi\u00f3n supone un rev\u00e9s para el presidente, que ha utilizado los aranceles como herramienta de pol\u00edtica econ\u00f3mica de gran alcance, alterando el comercio mundial. Tambi\u00e9n podr\u00eda poner en duda acuerdos que Trump ha firmado con socios comerciales como la <strong>Uni\u00f3n Europea (UE),<\/strong> adem\u00e1s de plantear qu\u00e9 ocurrir\u00eda con los miles de millones de d\u00f3lares recaudados desde que los aranceles entraron en vigor si la Corte Suprema, de mayor\u00eda conservadora, no lo respalda.<\/p>\n\n\n\n<p>El caso del viernes, sin embargo, no se refiere a los aranceles sectoriales que la administraci\u00f3n Trump tambi\u00e9n impuso al acero, aluminio, autom\u00f3viles y otras importaciones.<\/p>\n\n\n\n<div style=\"height:25px\" aria-hidden=\"true\" class=\"wp-block-spacer\"><\/div>\n\n\n\n<p class=\"has-medium-font-size\"><strong>En manos de la Corte Suprema<\/strong><\/p>\n\n\n\n<p>Desde que regres\u00f3 a la presidencia en enero, Trump ha invocado la <strong>Ley de Poderes Econ\u00f3micos de Emergencia Internacional (Ieepa)<\/strong> para imponer aranceles a casi todos los socios comerciales de Estados Unidos, con un nivel base del 10 % y tasas m\u00e1s altas para decenas de econom\u00edas. Ha recurrido a autoridades similares para imponer aranceles separados a <strong>M\u00e9xico, Canad\u00e1 y China<\/strong>, amparado en detener el flujo de drogas mortales hacia Estados Unidos.<\/p>\n\n\n\n<p>En mayo pasado, <strong>el Tribunal de Comercio Internacional <\/strong>dictamin\u00f3 que Trump se excedi\u00f3 en su autoridad con los aranceles globales generalizados, bloqueando la entrada en vigor de la mayor\u00eda de ellos, aunque el tribunal de apelaciones suspendi\u00f3 esa decisi\u00f3n para analizar el caso.<\/p>\n\n\n\n<p>El fallo del viernes se\u00f1al\u00f3 que <em>\u201cla ley otorga una autoridad significativa al Presidente para emprender varias acciones en respuesta a una emergencia nacional declarada, pero ninguna de esas acciones incluye expl\u00edcitamente el poder de imponer aranceles, grav\u00e1menes o similares, ni el poder de establecer impuestos\u201d.<\/em> Agreg\u00f3 que no se estaba pronunciando sobre si las acciones de Trump deber\u00edan haberse tomado como cuesti\u00f3n de pol\u00edtica, ni sobre si la Ieepa autoriza en absoluto alg\u00fan tipo de arancel. En cambio, busc\u00f3 resolver la cuesti\u00f3n de si los aranceles \u00abrec\u00edprocos\u00bb de Trump y aquellos impuestos por el tr\u00e1fico de drogas estaban autorizados. El fallo concluy\u00f3: <em>\u201cDeterminamos que no lo est\u00e1n\u201d.<\/em><\/p>\n\n\n\n<div style=\"height:27px\" aria-hidden=\"true\" class=\"wp-block-spacer\"><\/div>\n\n\n<div class=\"wp-block-image\">\n<figure class=\"aligncenter size-large is-resized\"><a href=\"https:\/\/enolife.com.ar\/es\/wp-content\/uploads\/2025\/08\/Exportaciones-EEUU.jpg\" data-rel=\"penci-gallery-image-content\" ><img loading=\"lazy\" decoding=\"async\" width=\"1024\" height=\"620\" src=\"https:\/\/enolife.com.ar\/es\/wp-content\/uploads\/2025\/08\/Exportaciones-EEUU-1024x620.jpg\" alt=\"\" class=\"wp-image-162594\" style=\"width:700px;height:auto\" srcset=\"https:\/\/enolife.com.ar\/es\/wp-content\/uploads\/2025\/08\/Exportaciones-EEUU-1024x620.jpg 1024w, https:\/\/enolife.com.ar\/es\/wp-content\/uploads\/2025\/08\/Exportaciones-EEUU-300x182.jpg 300w, https:\/\/enolife.com.ar\/es\/wp-content\/uploads\/2025\/08\/Exportaciones-EEUU-768x465.jpg 768w, https:\/\/enolife.com.ar\/es\/wp-content\/uploads\/2025\/08\/Exportaciones-EEUU-1170x709.jpg 1170w, https:\/\/enolife.com.ar\/es\/wp-content\/uploads\/2025\/08\/Exportaciones-EEUU-585x354.jpg 585w, https:\/\/enolife.com.ar\/es\/wp-content\/uploads\/2025\/08\/Exportaciones-EEUU.jpg 1200w\" sizes=\"auto, (max-width: 1024px) 100vw, 1024px\" \/><\/a><\/figure><\/div>\n\n\n<div style=\"height:37px\" aria-hidden=\"true\" class=\"wp-block-spacer\"><\/div>\n\n\n\n<p>En una presentaci\u00f3n complementaria, apenas horas antes de conocerse la decisi\u00f3n, miembros del gabinete de Trump advirtieron que declarar ilegales los aranceles globales y bloquearlos perjudicar\u00eda la pol\u00edtica exterior y la seguridad nacional de Estados Unidos.<\/p>\n\n\n\n<p><em>\u201cUn fallo as\u00ed amenazar\u00eda los intereses estrat\u00e9gicos m\u00e1s amplios de EE. UU. en el pa\u00eds y en el extranjero, probablemente conducir\u00eda a represalias y a la ruptura de acuerdos alcanzados con socios comerciales extranjeros\u201d<\/em>, escribi\u00f3 el secretario de Comercio, <strong>Howard Lutnick<\/strong>. Por su parte, el secretario del Tesoro, <strong>Scott Bessent<\/strong>, advirti\u00f3 que suspender la aplicaci\u00f3n de los aranceles <em>\u201cconducir\u00eda a una peligrosa verg\u00fcenza diplom\u00e1tica\u201d.<\/em><\/p>\n\n\n\n<p>Se han presentado varias impugnaciones legales contra los aranceles invocados por Trump bajo el argumento de emergencia nacional. Si finalmente se consideran ilegales, las empresas podr\u00edan incluso solicitar reembolsos. Si la Corte Suprema acepta el caso, la decisi\u00f3n final probablemente llegar\u00eda entre primavera y verano de 2026, siguiendo el cronograma normal del tribunal.<\/p>\n\n\n\n<p>La clave ser\u00e1 si Trump logra convencer a la Corte Suprema de que acepte revisar el caso en primera instancia. Mientras tanto, el 14 de octubre marca la fecha l\u00edmite hasta la cual los aranceles permanecen vigentes temporalmente; despu\u00e9s de esa fecha, si no hay intervenci\u00f3n de la Corte Suprema, los aranceles se suspender\u00edan independientemente del estado de cualquier apelaci\u00f3n pendiente.<\/p>\n\n\n\n<div style=\"height:24px\" aria-hidden=\"true\" class=\"wp-block-spacer\"><\/div>\n\n\n\n<p class=\"has-small-font-size\"><em><strong>Fuentes: AFP y France 24<\/strong><\/em><\/p>\n\n\n\n<div style=\"height:32px\" aria-hidden=\"true\" class=\"wp-block-spacer\"><\/div>\n","protected":false},"excerpt":{"rendered":"<p>Un tribunal de apelaciones en Estados Unidos concluy\u00f3 que Donald Trump se excedi\u00f3 en sus&hellip;<\/p>\n","protected":false},"author":2,"featured_media":162586,"comment_status":"closed","ping_status":"open","sticky":false,"template":"","format":"standard","meta":{"footnotes":""},"categories":[9],"tags":[],"class_list":["post-162585","post","type-post","status-publish","format-standard","has-post-thumbnail","hentry","category-negocios"],"_links":{"self":[{"href":"https:\/\/enolife.com.ar\/es\/wp-json\/wp\/v2\/posts\/162585","targetHints":{"allow":["GET"]}}],"collection":[{"href":"https:\/\/enolife.com.ar\/es\/wp-json\/wp\/v2\/posts"}],"about":[{"href":"https:\/\/enolife.com.ar\/es\/wp-json\/wp\/v2\/types\/post"}],"author":[{"embeddable":true,"href":"https:\/\/enolife.com.ar\/es\/wp-json\/wp\/v2\/users\/2"}],"replies":[{"embeddable":true,"href":"https:\/\/enolife.com.ar\/es\/wp-json\/wp\/v2\/comments?post=162585"}],"version-history":[{"count":0,"href":"https:\/\/enolife.com.ar\/es\/wp-json\/wp\/v2\/posts\/162585\/revisions"}],"wp:featuredmedia":[{"embeddable":true,"href":"https:\/\/enolife.com.ar\/es\/wp-json\/wp\/v2\/media\/162586"}],"wp:attachment":[{"href":"https:\/\/enolife.com.ar\/es\/wp-json\/wp\/v2\/media?parent=162585"}],"wp:term":[{"taxonomy":"category","embeddable":true,"href":"https:\/\/enolife.com.ar\/es\/wp-json\/wp\/v2\/categories?post=162585"},{"taxonomy":"post_tag","embeddable":true,"href":"https:\/\/enolife.com.ar\/es\/wp-json\/wp\/v2\/tags?post=162585"}],"curies":[{"name":"wp","href":"https:\/\/api.w.org\/{rel}","templated":true}]}}