{"id":162468,"date":"2025-08-30T14:07:42","date_gmt":"2025-08-30T14:07:42","guid":{"rendered":"https:\/\/enolife.com.ar\/es\/?p=162468"},"modified":"2025-08-31T23:26:42","modified_gmt":"2025-08-31T23:26:42","slug":"vinos-gastronomia-ferias-y-moda-en-la-semana-francesa-en-mendoza-del-6-al-14-9","status":"publish","type":"post","link":"https:\/\/enolife.com.ar\/es\/vinos-gastronomia-ferias-y-moda-en-la-semana-francesa-en-mendoza-del-6-al-14-9\/","title":{"rendered":"Vinos, gastronom\u00eda, ferias y moda en la Semana Francesa en Mendoza, del 6 al 14\/9"},"content":{"rendered":"\n<h4 class=\"wp-block-heading\"><em><strong>La 13\u00aa edici\u00f3n de \u00abViv\u00ed Francia\u201d -una serie de eventos culturales, gastron\u00f3micos y de negocios que celebra la vinculaci\u00f3n hist\u00f3rica y presencia gala en Mendoza y Argentina- se realizar\u00e1 este a\u00f1o del 6 al 14 de setiembre. Posteriormente y hasta octubre ser\u00e1 en Buenos Aires, C\u00f3rdoba, Mar del Plata y Salta. Todos los encuentros, recitales y ferias son de libre participaci\u00f3n para el p\u00fablico mendocino y turistas. Conoc\u00e9 la programaci\u00f3n completa.<\/strong><\/em><\/h4>\n\n\n\n<div style=\"height:35px\" aria-hidden=\"true\" class=\"wp-block-spacer\"><\/div>\n\n\n<a href=\"https:\/\/laffort.com\/es\/\" aria-label=\"BANNER 1700X500 LAFFORT ZYMAFLORE\"><img loading=\"lazy\" decoding=\"async\" src=\"https:\/\/enolife.com.ar\/es\/wp-content\/uploads\/2021\/05\/BANNER-1700X500-LAFFORT-ZYMAFLORE.jpg\" alt=\"\"  srcset=\"https:\/\/enolife.com.ar\/es\/wp-content\/uploads\/2021\/05\/BANNER-1700X500-LAFFORT-ZYMAFLORE.jpg 1700w, https:\/\/enolife.com.ar\/es\/wp-content\/uploads\/2021\/05\/BANNER-1700X500-LAFFORT-ZYMAFLORE-300x88.jpg 300w, https:\/\/enolife.com.ar\/es\/wp-content\/uploads\/2021\/05\/BANNER-1700X500-LAFFORT-ZYMAFLORE-1024x301.jpg 1024w, https:\/\/enolife.com.ar\/es\/wp-content\/uploads\/2021\/05\/BANNER-1700X500-LAFFORT-ZYMAFLORE-768x226.jpg 768w, https:\/\/enolife.com.ar\/es\/wp-content\/uploads\/2021\/05\/BANNER-1700X500-LAFFORT-ZYMAFLORE-1536x452.jpg 1536w, https:\/\/enolife.com.ar\/es\/wp-content\/uploads\/2021\/05\/BANNER-1700X500-LAFFORT-ZYMAFLORE-1170x344.jpg 1170w, https:\/\/enolife.com.ar\/es\/wp-content\/uploads\/2021\/05\/BANNER-1700X500-LAFFORT-ZYMAFLORE-585x172.jpg 585w\" sizes=\"auto, (max-width: 1700px) 100vw, 1700px\" width=\"1700\" height=\"500\"   \/><\/a>\n\n\n<div style=\"height:45px\" aria-hidden=\"true\" class=\"wp-block-spacer\"><\/div>\n\n\n\n<p>En <strong>Mendoza<\/strong>, esta 13\u00aa edici\u00f3n de <strong>\u00abViv\u00ed Francia\u00bb<\/strong> es organizada por la <strong>C\u00e1mara de Comercio e Industria Franco Argentina<\/strong>, con el apoyo de la <strong>Alianza Francesa de Mendoza<\/strong>, la <strong>Municipalidad de Mendoza<\/strong>, la <strong>Embajada de Francia en Argentina<\/strong>, la <strong>Universidad Nacional de Cuyo (Uncuyo)<\/strong>, y numerosas instituciones y empresas.<\/p>\n\n\n\n<p>\u201cViv\u00ed Francia\u201d se realiza en Mendoza desde 2013, y ya se ha convertido en un verdadero cl\u00e1sico al llegar la primavera. Durante dos semanas, por medio de este megaevento, <strong>Francia<\/strong> y su cultura se ponen en escena en todo el pa\u00eds.<\/p>\n\n\n\n<p>La cultura gala se exhibe as\u00ed en todas sus expresiones: <strong>negocios, moda, belleza, gastronom\u00eda, vinos, arquitectura, m\u00fasica <\/strong>y<strong> cine<\/strong>, entre otros \u00e1mbitos. Cuenta con una amplia programaci\u00f3n de actividades para disfrutar: visitas guiadas por sitios con estilo franc\u00e9s, clases de idioma, <strong>circuito gourmet en bodegas y restaurantes<\/strong>, muestras art\u00edsticas, cine de autor, <strong>catas de\u00a0vino<\/strong> y el conocido <strong>Mercado Franc\u00e9s<\/strong> en la <strong>plazoleta Francia de la capital mendocina<\/strong>, que recrea la famosa <strong>Place su Tertre, en Montmartre.<\/strong><\/p>\n\n\n\n<p>La cita est\u00e1 abierta a la\u00a0comunidad en general. Adem\u00e1s suma a los sectores empresariales con v\u00ednculos con Francia, creando as\u00ed un entorno de colaboraci\u00f3n entre los \u00e1mbitos p\u00fablico y privado.<\/p>\n\n\n\n<div style=\"height:23px\" aria-hidden=\"true\" class=\"wp-block-spacer\"><\/div>\n\n\n\n<p class=\"has-background\" style=\"background-color:#abb7c252\"><strong>El programa completo de puede consultar en&nbsp;<a href=\"http:\/\/www.vivifrancia.com.ar\/\" target=\"_blank\" rel=\"noreferrer noopener\">www.vivifrancia.com.ar<\/a>.&nbsp;<\/strong><\/p>\n\n\n\n<div style=\"height:35px\" aria-hidden=\"true\" class=\"wp-block-spacer\"><\/div>\n\n\n\n<p class=\"has-medium-font-size\"><strong>Instituci\u00f3n organizadora<\/strong><\/p>\n\n\n\n<p>La <strong>C\u00e1mara de Comercio e Industria Franco Argentina (Ccifa)<\/strong>, asociaci\u00f3n civil sin fines de lucro, fue creada en Argentina en 1884 con el objeto de alentar y fortalecer los v\u00ednculos comerciales entre Argentina y Francia. Es una de las c\u00e1maras m\u00e1s antiguas del mundo. En Mendoza, su Delegaci\u00f3n Oeste se constituy\u00f3 en 1995, lo que permite celebrar hoy su 30\u00ba aniversario aportando vinculaciones binacionales a la comunidad de todo Cuyo.<\/p>\n\n\n\n<div style=\"height:35px\" aria-hidden=\"true\" class=\"wp-block-spacer\"><\/div>\n\n\n\n<p class=\"has-medium-font-size\"><strong>El Mercado Franc\u00e9s&nbsp;<\/strong><\/p>\n\n\n\n<p>En cuanto al Mercado Franc\u00e9s en particular, gracias al aporte y la organizaci\u00f3n de la\u00a0Municipalidad de la Ciudad de Mendoza, se abrir\u00e1 al p\u00fablico el s\u00e1bado 6 de setiembre de 12 a 19 en la plazoleta Francia, del barrio Bombal. Contar\u00e1 con gastronom\u00eda francesa y podr\u00e1 disfrutarse mientras se escucha m\u00fasica en vivo y se disfruta de los ballets de la Municipalidad, degustaciones de vinos, arte, libros, artesan\u00edas,\u00a0bijouterie<em>\u00a0<\/em>y clases de idiomas.<\/p>\n\n\n\n<div style=\"height:35px\" aria-hidden=\"true\" class=\"wp-block-spacer\"><\/div>\n","protected":false},"excerpt":{"rendered":"<p>La 13\u00aa edici\u00f3n de \u00abViv\u00ed Francia\u201d -una serie de eventos culturales, gastron\u00f3micos y de negocios&hellip;<\/p>\n","protected":false},"author":2,"featured_media":162472,"comment_status":"closed","ping_status":"open","sticky":false,"template":"","format":"standard","meta":{"footnotes":""},"categories":[47],"tags":[],"class_list":["post-162468","post","type-post","status-publish","format-standard","has-post-thumbnail","hentry","category-agenda"],"_links":{"self":[{"href":"https:\/\/enolife.com.ar\/es\/wp-json\/wp\/v2\/posts\/162468","targetHints":{"allow":["GET"]}}],"collection":[{"href":"https:\/\/enolife.com.ar\/es\/wp-json\/wp\/v2\/posts"}],"about":[{"href":"https:\/\/enolife.com.ar\/es\/wp-json\/wp\/v2\/types\/post"}],"author":[{"embeddable":true,"href":"https:\/\/enolife.com.ar\/es\/wp-json\/wp\/v2\/users\/2"}],"replies":[{"embeddable":true,"href":"https:\/\/enolife.com.ar\/es\/wp-json\/wp\/v2\/comments?post=162468"}],"version-history":[{"count":0,"href":"https:\/\/enolife.com.ar\/es\/wp-json\/wp\/v2\/posts\/162468\/revisions"}],"wp:featuredmedia":[{"embeddable":true,"href":"https:\/\/enolife.com.ar\/es\/wp-json\/wp\/v2\/media\/162472"}],"wp:attachment":[{"href":"https:\/\/enolife.com.ar\/es\/wp-json\/wp\/v2\/media?parent=162468"}],"wp:term":[{"taxonomy":"category","embeddable":true,"href":"https:\/\/enolife.com.ar\/es\/wp-json\/wp\/v2\/categories?post=162468"},{"taxonomy":"post_tag","embeddable":true,"href":"https:\/\/enolife.com.ar\/es\/wp-json\/wp\/v2\/tags?post=162468"}],"curies":[{"name":"wp","href":"https:\/\/api.w.org\/{rel}","templated":true}]}}