{"id":162297,"date":"2025-08-29T13:42:07","date_gmt":"2025-08-29T13:42:07","guid":{"rendered":"https:\/\/enolife.com.ar\/es\/?p=162297"},"modified":"2025-08-31T18:55:57","modified_gmt":"2025-08-31T18:55:57","slug":"san-rafael-prepara-su-feria-de-comidas-tipicas-a-beneficio-de-chicos-down-el-9-y-10-9","status":"publish","type":"post","link":"https:\/\/enolife.com.ar\/es\/san-rafael-prepara-su-feria-de-comidas-tipicas-a-beneficio-de-chicos-down-el-9-y-10-9\/","title":{"rendered":"San Rafael prepara su feria de comidas t\u00edpicas a beneficio de chicos Down, el 9 y 10\/9"},"content":{"rendered":"\n<h4 class=\"wp-block-heading\"><em><strong>El Foro de Origen e Identidad Gastron\u00f3mica, en su 6\u00b0 edici\u00f3n, este a\u00f1o se realizar\u00e1 en el Centro de Congresos y Exposiciones de la segunda ciudad de la provincia de Mendoza, los pr\u00f3ximos d\u00edas martes 9 y mi\u00e9rcoles 10 de setiembre. El evento cuenta con el fuerte apoyo de los sectores privados gastron\u00f3micos, hoteleros y tur\u00edsticos, as\u00ed como del Ente Mendoza Turismo (Emetur) del gobierno local. Lo recaudado se destinar\u00e1 a la Asociaci\u00f3n para la Rehabilitaci\u00f3n Infantil Down (Aprid).<\/strong><\/em><\/h4>\n\n\n\n<div style=\"height:35px\" aria-hidden=\"true\" class=\"wp-block-spacer\"><\/div>\n\n\n\n\n\n<div style=\"height:45px\" aria-hidden=\"true\" class=\"wp-block-spacer\"><\/div>\n\n\n\n<p>Por primera vez en la ciudad de <strong>San Rafael <\/strong>se realiza este encuentro para disfrutar de los sabores tradicionales de la regi\u00f3n, los d\u00edas 9 y el 10 de setiembre en el Centro de Congresos y Exposiciones Alfredo Bufano. All\u00ed se podr\u00e1n degustar platos de la cocina identitaria mendocina, con el complemento de espect\u00e1culos art\u00edsticos y muestras de art\u00edculos regionales.<\/p>\n\n\n\n<p>Esta 6\u00aa edici\u00f3n del <strong>Foro de Origen e Identidad Gastron\u00f3mica<\/strong> fue presentado en San Rafael por la vicepresidenta del Ente Mendoza Turismo (Emetur), <strong>Cynthia Maggioni<\/strong> y miembros de la <strong>Asociaci\u00f3n para la Rehabilitaci\u00f3n Infantil Down (Aprid)<\/strong>, instituci\u00f3n a la que se le donar\u00e1 lo recaudado por la venta de platos t\u00edpicos. Tambi\u00e9n estuvieron en el lanzamiento del encuentro representantes de las c\u00e1maras relacionadas al turismo y la gastronom\u00eda del Sur provincial.<\/p>\n\n\n\n<p>Al respecto, Maggioni coment\u00f3: <em>\u201cEstamos muy contentos de estar haciendo el lanzamiento oficial de lo que va a ser el 6\u00b0 Foro de Origen e Identidad Gastron\u00f3mica de la provincia<\/em>. <em>El 9 de setiembre, durante La Pe\u00f1a del Foro, se va a hacer una clase en vivo, a cargo de Santiago Giorgini, y se va a poner a la venta esa comida elaborada con productos regionales t\u00edpicos, a beneficio de la Aprid. Buscamos que se conozcan nuestros productos y nuestros platos, y que tambi\u00e9n haya un fin solidario\u201d<\/em>.&nbsp;<\/p>\n\n\n\n<div style=\"height:35px\" aria-hidden=\"true\" class=\"wp-block-spacer\"><\/div>\n\n\n<div class=\"wp-block-image\">\n<figure class=\"aligncenter size-full is-resized\"><a href=\"https:\/\/enolife.com.ar\/es\/wp-content\/uploads\/2025\/08\/MGR_0495.jpg\" data-rel=\"penci-gallery-image-content\" ><img loading=\"lazy\" decoding=\"async\" width=\"894\" height=\"500\" src=\"https:\/\/enolife.com.ar\/es\/wp-content\/uploads\/2025\/08\/MGR_0495.jpg\" alt=\"\" class=\"wp-image-162305\" style=\"width:660px;height:auto\" srcset=\"https:\/\/enolife.com.ar\/es\/wp-content\/uploads\/2025\/08\/MGR_0495.jpg 894w, https:\/\/enolife.com.ar\/es\/wp-content\/uploads\/2025\/08\/MGR_0495-300x168.jpg 300w, https:\/\/enolife.com.ar\/es\/wp-content\/uploads\/2025\/08\/MGR_0495-768x430.jpg 768w, https:\/\/enolife.com.ar\/es\/wp-content\/uploads\/2025\/08\/MGR_0495-585x327.jpg 585w\" sizes=\"auto, (max-width: 894px) 100vw, 894px\" \/><\/a><\/figure><\/div>\n\n\n<div style=\"height:35px\" aria-hidden=\"true\" class=\"wp-block-spacer\"><\/div>\n\n\n\n<p>Maggioni resalt\u00f3 que tambi\u00e9n van a participar las escuelas t\u00e9cnicas agrarias y enol\u00f3gicas de San Rafael, <strong>General Alvear<\/strong> y <strong>Malarg\u00fce<\/strong>, que van a exponer y vender los productos que ellos mismas elaboran. Y aprovech\u00f3 la ocasi\u00f3n para agradecerles el sector privado de San Rafael y a las diversas instituciones que se sumaron al foro.<\/p>\n\n\n\n<p>Por su parte, <strong>Jos\u00e9 V\u00e1zquez, <\/strong>vicepresidente por la zona Sur de la Asociaci\u00f3n Empresaria Hotelero Gastron\u00f3mica y Afines de Mendoza (Aehga), manifest\u00f3: <em>\u201cMe pone muy feliz, siendo sanrafaelino, que en esta ocasi\u00f3n la sexta edici\u00f3n se haga aqu\u00ed, buscando la federalizaci\u00f3n de este proyecto que tiene una potencia nacional. Nos pone muy orgullosos que estemos llegando a un momento donde la gastronom\u00eda se pone en valor y es un producto tur\u00edstico, que es lo que buscamos. Esto es una gran oportunidad para toda Mendoza\u201d<\/em>.<\/p>\n\n\n\n<p>Finalmente, <strong>Mart\u00edn Batista, <\/strong>docente de la orientaci\u00f3n Hoteler\u00eda de la Escuela Aprid, agradeci\u00f3 a la organizaci\u00f3n del foro: <em>\u201cGracias por convocarnos para recibir la donaci\u00f3n de todo lo recaudado por la venta de porciones. A nosotros nos sirve much\u00edsimo porque no solamente nos ayuda en lo econ\u00f3mico de nuestra instituci\u00f3n, sino que adem\u00e1s podemos visualizar lo que hacen nuestros alumnos de la escuela especial. Ellos mismos van a ser los que van a despachar a los que compren las tarjetas. Para nosotros es un efecto multiplicador, porque como instituci\u00f3n nuestra misi\u00f3n no solamente es formar a los alumnos, sino tambi\u00e9n insertarlos laboralmente\u201d.<\/em><\/p>\n\n\n\n<div style=\"height:35px\" aria-hidden=\"true\" class=\"wp-block-spacer\"><\/div>\n\n\n<div class=\"wp-block-image\">\n<figure class=\"aligncenter size-full is-resized\"><a href=\"https:\/\/enolife.com.ar\/es\/wp-content\/uploads\/2025\/08\/IMG_8100-1.jpg\" data-rel=\"penci-gallery-image-content\" ><img loading=\"lazy\" decoding=\"async\" width=\"750\" height=\"500\" src=\"https:\/\/enolife.com.ar\/es\/wp-content\/uploads\/2025\/08\/IMG_8100-1.jpg\" alt=\"\" class=\"wp-image-162309\" style=\"width:614px;height:auto\" srcset=\"https:\/\/enolife.com.ar\/es\/wp-content\/uploads\/2025\/08\/IMG_8100-1.jpg 750w, https:\/\/enolife.com.ar\/es\/wp-content\/uploads\/2025\/08\/IMG_8100-1-300x200.jpg 300w, https:\/\/enolife.com.ar\/es\/wp-content\/uploads\/2025\/08\/IMG_8100-1-585x390.jpg 585w\" sizes=\"auto, (max-width: 750px) 100vw, 750px\" \/><\/a><\/figure><\/div>\n\n\n<div style=\"height:35px\" aria-hidden=\"true\" class=\"wp-block-spacer\"><\/div>\n\n\n\n<p class=\"has-background\" style=\"background-color:#abb7c23d\">Las <strong>tarjetas para canjear el 9 de setiembre<\/strong>, cuando se desarrollar\u00e1 la Pe\u00f1a del Foro, por un men\u00fa a beneficio de la Aprid, se pueden adquirir en <strong>9 de julio 194, San Rafael, y tienen un valor de $10.000.<\/strong><\/p>\n\n\n\n<div style=\"height:35px\" aria-hidden=\"true\" class=\"wp-block-spacer\"><\/div>\n\n\n\n<p class=\"has-medium-font-size\"><strong>Espacio para hacer crecer la gastronom\u00eda local<\/strong><\/p>\n\n\n\n<p>El Foro de Origen e Identidad Gastron\u00f3mica de Mendoza es organizado por el Emetur y la Aehga, instituciones que se han unido buscando la consolidaci\u00f3n de la identidad culinaria local y su proyecci\u00f3n a nivel mundial a trav\u00e9s de este encuentro anual.<\/p>\n\n\n\n<p>Cada a\u00f1o, desde 2019, Mendoza se convierte en el epicentro de un encuentro caracter\u00edstico, con la visita de reconocidas figuras de la gastronom\u00eda local, nacional e internacional, en el que se brindan charlas abiertas al p\u00fablico, conversatorios con referentes del turismo, la olivicultura y la vitivinicultura, y mesas de trabajo con profesionales de distintos rubros, como empresarios, periodistas,&nbsp;<em>sommeliers<\/em>, productores y cocineros.<\/p>\n\n\n\n<div style=\"height:35px\" aria-hidden=\"true\" class=\"wp-block-spacer\"><\/div>\n\n\n<div class=\"wp-block-image\">\n<figure class=\"aligncenter size-full is-resized\"><a href=\"https:\/\/enolife.com.ar\/es\/wp-content\/uploads\/2025\/08\/MGR_0629.jpg\" data-rel=\"penci-gallery-image-content\" ><img loading=\"lazy\" decoding=\"async\" width=\"859\" height=\"500\" src=\"https:\/\/enolife.com.ar\/es\/wp-content\/uploads\/2025\/08\/MGR_0629.jpg\" alt=\"\" class=\"wp-image-162307\" style=\"width:621px;height:auto\" srcset=\"https:\/\/enolife.com.ar\/es\/wp-content\/uploads\/2025\/08\/MGR_0629.jpg 859w, https:\/\/enolife.com.ar\/es\/wp-content\/uploads\/2025\/08\/MGR_0629-300x175.jpg 300w, https:\/\/enolife.com.ar\/es\/wp-content\/uploads\/2025\/08\/MGR_0629-768x447.jpg 768w, https:\/\/enolife.com.ar\/es\/wp-content\/uploads\/2025\/08\/MGR_0629-585x341.jpg 585w\" sizes=\"auto, (max-width: 859px) 100vw, 859px\" \/><\/a><\/figure><\/div>\n\n\n<div style=\"height:35px\" aria-hidden=\"true\" class=\"wp-block-spacer\"><\/div>\n\n\n\n<p>El objetivo que se persigue es el trabajo mancomunado vinculado con la calidad, los productos identitarios y la cocina local, entre otros ejes.<\/p>\n\n\n\n<p>En las charlas y conferencias se analizan temas relacionados con los productos y las recetas t\u00edpicas de Mendoza; sus or\u00edgenes, su diversidad y su historia, gobernanza, producciones sostenibles, y comunicaci\u00f3n y promoci\u00f3n como estrategia para posicionar la gastronom\u00eda local en el mundo. Adem\u00e1s se abordan la investigaci\u00f3n y el desarrollo como valores agregados dentro de la gastronom\u00eda y la producci\u00f3n agropecuaria.<\/p>\n\n\n\n<div style=\"height:45px\" aria-hidden=\"true\" class=\"wp-block-spacer\"><\/div>\n\n\n\n<p class=\"has-medium-font-size\"><strong>Sexta edici\u00f3n<\/strong><\/p>\n\n\n\n<p>Este a\u00f1o, el Foro de Origen e Identidad Gastron\u00f3mica llegar\u00e1 por primera vez a San Rafael y contar\u00e1 con la presencia de <strong>Santiago Giorgini<\/strong><em>&nbsp;<\/em>(del programa \u00abLa Pe\u00f1a del Morfi\u00bb)<em>,&nbsp;<\/em>referentes locales de la gastronom\u00eda, exposici\u00f3n y venta de productos de emprendedores mendocinos, espect\u00e1culos art\u00edsticos y venta de porciones de ricos platos, a beneficio de la Aprid.<\/p>\n\n\n\n<p class=\"has-background\" style=\"background-color:#abb7c23d\"><strong>Martes 9 de setiembre: La Pe\u00f1a del Foro<\/strong><\/p>\n\n\n\n<ul class=\"wp-block-list\">\n<li>17.30 hs: Apertura y bienvenida (ballet)<\/li>\n\n\n\n<li>18 hs: Cocina en vivo con Santiago Giorgini&nbsp;(La Pe\u00f1a de Morfi, Telef\u00e9)<em>.<\/em><\/li>\n\n\n\n<li>18.40 hs: Entrega de reconocimientos a cocineros que han obtenido premios por su actuaci\u00f3n en concursos de gastronom\u00eda.<\/li>\n\n\n\n<li>19: Masterclass a cargo de Santiago Giorgini<\/li>\n\n\n\n<li>19.45: M\u00fasica en vivo<\/li>\n\n\n\n<li>20.20: Cena de la pe\u00f1a<\/li>\n<\/ul>\n\n\n\n<div style=\"height:20px\" aria-hidden=\"true\" class=\"wp-block-spacer\"><\/div>\n\n\n\n<p class=\"has-background\" style=\"background-color:#abb7c23d\"><strong>Mi\u00e9rcoles 10 de setiembre: Jornada Central<\/strong><\/p>\n\n\n\n<ul class=\"wp-block-list\">\n<li>9: Apertura y palabras de bienvenida a cargo de autoridades de la AEHGA y el Emetur, junto a autoridades locales invitadas.<\/li>\n\n\n\n<li>10: Conversatorio con Santiago Giorgini<em>&nbsp;<\/em>y Patricia Courtois (chef ejecutiva de 5 Suelos Cocina de Finca, Durigutti Family Winemakers).<\/li>\n\n\n\n<li>10.45: Presentaci\u00f3n del Plan Desarrollo de la Identidad Gastron\u00f3mica de Mendoza (Digam) 2024-2030, con Marcelo Reynoso, director de Desarrollo Tur\u00edstico e Innovaci\u00f3n del Emetur y director del Plan DIGAM y un representante de Aehga.<\/li>\n\n\n\n<li>11.35: Panel \u201cCarnes mendocinas\u201d, moderado por Ana Paula Guti\u00e9rrez, directora del Instituto de Gastronom\u00eda Argentina (IGA) San Rafael.\n<ul class=\"wp-block-list\">\n<li>Gabriel Jofr\u00e9 (Kume Matr\u00fc): producci\u00f3n caprina, de Malarg\u00fce.<\/li>\n\n\n\n<li>Osvaldo Fern\u00e1ndez: producci\u00f3n vacuna, de General Alvear.<\/li>\n\n\n\n<li>Gianina Bianchi: carnes ex\u00f3ticas, de San Rafael.<\/li>\n<\/ul>\n<\/li>\n\n\n\n<li>12.15: Panel \u201cPaisajes con sabor a Mendoza\u201d, moderado por Mar\u00eda Sance, presidenta del Instituto de Investigaci\u00f3n y Desarrollo Gastron\u00f3mico de Mendoza.\n<ul class=\"wp-block-list\">\n<li>Marcos Amor\u00f3s: productor de miel, de General Alvear.<\/li>\n\n\n\n<li>Alfredo Baroni: Asociaci\u00f3n Oliv\u00edcola de Mendoza (Asolm\u00e9n).<\/li>\n\n\n\n<li>Gonzalo Appiolaza: productor de or\u00e9gano de San Carlos.<\/li>\n\n\n\n<li>Juan Diego Jurich: Cl\u00faster de Ciruela de Mendoza.<\/li>\n\n\n\n<li>Fernando Umar: Umar &amp; Humo, de San Rafael.<\/li>\n<\/ul>\n<\/li>\n<\/ul>\n\n\n\n<ul class=\"wp-block-list\">\n<li>14.30: conformaci\u00f3n de las mesas de trabajo DIGAM, coordinada por Laura Zavattieri.<\/li>\n\n\n\n<li>16.30: cierre de las mesas de trabajo y clausura del foro.<\/li>\n<\/ul>\n\n\n\n<p class=\"has-background\" style=\"background-color:#abb7c23d\"><strong>Actividades paralelas en simult\u00e1neo<\/strong><\/p>\n\n\n\n<ul class=\"wp-block-list\">\n<li>14 a 16: catas guiadas (actividad gratuita y con cupos limitados).\n<ul class=\"wp-block-list\">\n<li>Aceite de Oliva Virgen Extra (AOVE)<\/li>\n\n\n\n<li>Miel<\/li>\n\n\n\n<li>Or\u00e9gano IG San Carlos<\/li>\n<\/ul>\n<\/li>\n<\/ul>\n\n\n\n<div style=\"height:45px\" aria-hidden=\"true\" class=\"wp-block-spacer\"><\/div>\n\n\n\n<p class=\"has-medium-font-size\"><strong>Invitado especial<\/strong><\/p>\n\n\n\n<p>El invitado <strong>Santiago Giorgini<\/strong> es un reconocido cocinero y conductor que a trav\u00e9s de la televisi\u00f3n lleg\u00f3 a toda Latinoam\u00e9rica gracias a sus programas culinarios en los programas&nbsp;<strong>Util\u00edsima<\/strong>&nbsp;y por su participaci\u00f3n en&nbsp;<strong>Morfi: todos a la mesa<\/strong><em>,<\/em>&nbsp;emitido por&nbsp;Telef\u00e9<em>.<\/em><\/p>\n\n\n\n<div style=\"height:35px\" aria-hidden=\"true\" class=\"wp-block-spacer\"><\/div>\n\n\n<div class=\"wp-block-image\">\n<figure class=\"aligncenter size-full\"><a href=\"https:\/\/enolife.com.ar\/es\/wp-content\/uploads\/2025\/08\/Imagen3-14.jpg\" data-rel=\"penci-gallery-image-content\" ><img loading=\"lazy\" decoding=\"async\" width=\"624\" height=\"349\" src=\"https:\/\/enolife.com.ar\/es\/wp-content\/uploads\/2025\/08\/Imagen3-14.jpg\" alt=\"\" class=\"wp-image-162310\" srcset=\"https:\/\/enolife.com.ar\/es\/wp-content\/uploads\/2025\/08\/Imagen3-14.jpg 624w, https:\/\/enolife.com.ar\/es\/wp-content\/uploads\/2025\/08\/Imagen3-14-300x168.jpg 300w, https:\/\/enolife.com.ar\/es\/wp-content\/uploads\/2025\/08\/Imagen3-14-585x327.jpg 585w\" sizes=\"auto, (max-width: 624px) 100vw, 624px\" \/><\/a><\/figure><\/div>\n\n\n<div style=\"height:35px\" aria-hidden=\"true\" class=\"wp-block-spacer\"><\/div>\n\n\n\n<p>Ingres\u00f3 al IAG, donde realiz\u00f3 sus estudios durante los a\u00f1os 90. En 1997 trabaj\u00f3 en el restaurante Lo de Tere, en Punta del Este, Uruguay, hasta 1998. Luego volvi\u00f3 a Buenos Aires para trabajar en Cholila, en Puerto Madero, y en Boreal. Viaj\u00f3 al Pa\u00eds Vasco, donde trabaj\u00f3 con Mart\u00edn Berasategui en 2000. Desde 2001 hasta 2005 fue docente en el IAG. Trabaj\u00f3 en diversos programas del canal&nbsp;<em>Util\u00edsima,&nbsp;<\/em>como&nbsp;<em>Al\u00e9 al\u00e9, Escuela de cocina&nbsp;<\/em>y&nbsp;<em>3 minutos,&nbsp;<\/em>entre otros. Tambi\u00e9n particip\u00f3 en publicidades, de Casancrem y Philips, entre otras.<\/p>\n\n\n\n<p>De 2010 a 2013 particip\u00f3 en el programa&nbsp;Al pie del carb\u00f3n<em>,&nbsp;<\/em>de&nbsp;Radio del Plata<em>&nbsp;<\/em>(AM 1030). En 2013 regres\u00f3 a la televisi\u00f3n participando en&nbsp;<em>Cocineros argentinos,&nbsp;<\/em>por la&nbsp;TV P\u00fablica<em>,&nbsp;<\/em>y en 2014 estuvo en&nbsp;Cuesti\u00f3n de peso<em>,&nbsp;<\/em>por&nbsp;El Trece.<em>&nbsp;<\/em>Desde 2015 forma parte del equipo de cocineros de&nbsp;Morfi: todos a la mesa&nbsp;y&nbsp;La Pe\u00f1a de Morfi,&nbsp;por&nbsp;Telef\u00e9.<\/p>\n\n\n\n<div style=\"height:45px\" aria-hidden=\"true\" class=\"wp-block-spacer\"><\/div>\n\n\n\n<p class=\"has-medium-font-size\"><strong>Feria de emprendedores<\/strong><\/p>\n\n\n\n<p>Adem\u00e1s de las charlas y las presentaciones, durante el foro se podr\u00e1 recorrer una feria a cargo de emprendedores inscriptos en la <strong>Direcci\u00f3n de Econom\u00eda Social y Asociatividad<\/strong>. Ellos ofrecer\u00e1n alimentos y bebidas, artesan\u00edas folcl\u00f3ricas, productos de decoraci\u00f3n, hogar y jard\u00edn, indumentaria, instrumentos musicales, juegos y juguetes, insumos para hoteler\u00eda y gastronom\u00eda, art\u00edculos de librer\u00eda y para mascotas, perfumer\u00eda, cosm\u00e9tica, y limpieza y servicios. Adem\u00e1s se podr\u00e1 disfrutar del talento del <strong>Ballet Bairoletto,<\/strong> de General Alvear, y del cantautor <strong>Fernando Garro.<\/strong><\/p>\n\n\n\n<div style=\"height:35px\" aria-hidden=\"true\" class=\"wp-block-spacer\"><\/div>\n","protected":false},"excerpt":{"rendered":"<p>El Foro de Origen e Identidad Gastron\u00f3mica, en su 6\u00b0 edici\u00f3n, este a\u00f1o se realizar\u00e1&hellip;<\/p>\n","protected":false},"author":2,"featured_media":162304,"comment_status":"closed","ping_status":"open","sticky":false,"template":"","format":"standard","meta":{"footnotes":""},"categories":[47],"tags":[],"class_list":["post-162297","post","type-post","status-publish","format-standard","has-post-thumbnail","hentry","category-agenda"],"_links":{"self":[{"href":"https:\/\/enolife.com.ar\/es\/wp-json\/wp\/v2\/posts\/162297","targetHints":{"allow":["GET"]}}],"collection":[{"href":"https:\/\/enolife.com.ar\/es\/wp-json\/wp\/v2\/posts"}],"about":[{"href":"https:\/\/enolife.com.ar\/es\/wp-json\/wp\/v2\/types\/post"}],"author":[{"embeddable":true,"href":"https:\/\/enolife.com.ar\/es\/wp-json\/wp\/v2\/users\/2"}],"replies":[{"embeddable":true,"href":"https:\/\/enolife.com.ar\/es\/wp-json\/wp\/v2\/comments?post=162297"}],"version-history":[{"count":0,"href":"https:\/\/enolife.com.ar\/es\/wp-json\/wp\/v2\/posts\/162297\/revisions"}],"wp:featuredmedia":[{"embeddable":true,"href":"https:\/\/enolife.com.ar\/es\/wp-json\/wp\/v2\/media\/162304"}],"wp:attachment":[{"href":"https:\/\/enolife.com.ar\/es\/wp-json\/wp\/v2\/media?parent=162297"}],"wp:term":[{"taxonomy":"category","embeddable":true,"href":"https:\/\/enolife.com.ar\/es\/wp-json\/wp\/v2\/categories?post=162297"},{"taxonomy":"post_tag","embeddable":true,"href":"https:\/\/enolife.com.ar\/es\/wp-json\/wp\/v2\/tags?post=162297"}],"curies":[{"name":"wp","href":"https:\/\/api.w.org\/{rel}","templated":true}]}}