{"id":162281,"date":"2025-08-27T13:20:13","date_gmt":"2025-08-27T13:20:13","guid":{"rendered":"https:\/\/enolife.com.ar\/es\/?p=162281"},"modified":"2025-08-28T15:43:27","modified_gmt":"2025-08-28T15:43:27","slug":"el-foro-industrial-de-mendoza-debate-del-2-al-4-9-el-futuro-de-la-agroindustria-y-mineria-sostenibles","status":"publish","type":"post","link":"https:\/\/enolife.com.ar\/es\/el-foro-industrial-de-mendoza-debate-del-2-al-4-9-el-futuro-de-la-agroindustria-y-mineria-sostenibles\/","title":{"rendered":"El Foro Industrial de Mendoza debate del 2 al 4\/9 el futuro de la agroindustria y miner\u00eda sostenibles"},"content":{"rendered":"\n<h4 class=\"wp-block-heading\"><em><strong>Los d\u00edas&nbsp;2, 3 y 4 de setiembre se realizar\u00e1 en el Espacio Cultural Julio Le Parc de Mendoza la&nbsp;Expo y el Foro Industrial Mendoza 2025 Producci\u00f3n Sostenible, un encuentro que promociona todas las actividades productivas de Mendoza. Hay tiempo de sumarse hasta el d\u00eda anterior al encuentro en el link abajo destacado<\/strong><\/em><strong><em>.<\/em><\/strong><\/h4>\n\n\n\n<div style=\"height:35px\" aria-hidden=\"true\" class=\"wp-block-spacer\"><\/div>\n\n\n<a href=\"https:\/\/sudafilt.com\/\" aria-label=\"SUDAFILT 1700X500 NOV25\"><img loading=\"lazy\" decoding=\"async\" src=\"https:\/\/enolife.com.ar\/es\/wp-content\/uploads\/2020\/07\/SUDAFILT-1700X500-NOV25.gif\" alt=\"\"  width=\"1700\" height=\"500\"   \/><\/a>\n\n\n<div style=\"height:45px\" aria-hidden=\"true\" class=\"wp-block-spacer\"><\/div>\n\n\n<div class=\"wp-block-image\">\n<figure class=\"alignleft size-full is-resized\"><a href=\"https:\/\/enolife.com.ar\/es\/wp-content\/uploads\/2025\/08\/Imagen1-26.jpg\" data-rel=\"penci-gallery-image-content\" ><img loading=\"lazy\" decoding=\"async\" width=\"488\" height=\"469\" src=\"https:\/\/enolife.com.ar\/es\/wp-content\/uploads\/2025\/08\/Imagen1-26.jpg\" alt=\"\" class=\"wp-image-162294\" style=\"width:391px;height:auto\" srcset=\"https:\/\/enolife.com.ar\/es\/wp-content\/uploads\/2025\/08\/Imagen1-26.jpg 488w, https:\/\/enolife.com.ar\/es\/wp-content\/uploads\/2025\/08\/Imagen1-26-300x288.jpg 300w\" sizes=\"auto, (max-width: 488px) 100vw, 488px\" \/><\/a><\/figure><\/div>\n\n\n<p>La actividad est\u00e1 organizada de manera conjunta por la Asociaci\u00f3n de Industriales Metal\u00fargicos de Mendoza (<strong>Asinmet<\/strong>), la Federaci\u00f3n Econ\u00f3mica de Mendoza (<strong>FEM<\/strong>), el Gobierno de Mendoza, la Municipalidad de Guaymall\u00e9n, la Uni\u00f3n Industrial de Mendoza (<strong>UIM<\/strong>), la C\u00e1mara de la Fruta Industrializada de Mendoza (<strong>Cafim<\/strong>), la C\u00e1mara de Empresarios Mineros de Mendoza (<strong>Camem<\/strong>) y la Universidad Nacional de Cuyo (<strong>Uncuyo<\/strong>). Adem\u00e1s cuenta con el auspicio otras entidades asociativas del sector en Mendoza, como <strong>CAEM<\/strong>, <strong>Adimra<\/strong>, <strong>INTI <\/strong>y <strong>Capmin<\/strong>.<\/p>\n\n\n\n<p>En este marco, el Foro Industrial busca colaborar con el desarrollo de la cadena de valor integral de proveedores locales y nacionales que puedan abastecer la demanda de proyectos actuales y futuros en la regi\u00f3n. Esto, en el contexto de que Mendoza posee una matriz productiva diversificada en donde hay cultivos, recursos minerales, energ\u00edas renovables y una gran calidad de profesionales, claves para el desarrollo econ\u00f3mico.<\/p>\n\n\n\n<p>Adem\u00e1s de la <strong>agroindustria<\/strong> y el <strong>petr\u00f3leo<\/strong>, se destacan la <strong>metalmec\u00e1nica<\/strong>, las <strong>TIC<\/strong> y una amplia variedad de <strong>servicios<\/strong> en una provincia donde tambi\u00e9n la miner\u00eda comienza a ser realidad. Por este motivo, el&nbsp;<strong>Foro Industrial&nbsp;<\/strong>tambi\u00e9n pretende generar un punto de encuentro permanente, din\u00e1mico y propicio para el&nbsp;<em>networking<\/em>, la capacitaci\u00f3n y los negocios que ayuden al crecimiento de la econom\u00eda de Mendoza.<\/p>\n\n\n\n<p>Con un amplio temario de actividades en torno a la industria y a la producci\u00f3n, las empresas a\u00fan est\u00e1n a tiempo de sumarse bajo diversas modalidades de participaci\u00f3n. El evento que se realizar\u00e1 en setiembre posee, entre otros antecedentes, los foros y exposiciones organizados por Asinmet en torno a la metalmec\u00e1nica y la miner\u00eda con m\u00e1s de 15.000 participantes en total.<\/p>\n\n\n\n<div style=\"height:45px\" aria-hidden=\"true\" class=\"wp-block-spacer\"><\/div>\n\n\n\n<p class=\"has-medium-font-size\"><strong>Agenda<\/strong><\/p>\n\n\n\n<p class=\"has-background\" style=\"background-color:#abb7c261\"><strong>Martes 2\/9<\/strong><\/p>\n\n\n\n<ul class=\"wp-block-list\">\n<li><strong>9:30 a 11:45 hs &#8211; Pol\u00edticas P\u00fablicas para el Desarrollo:<\/strong> Sala Vilma R\u00fapolo &#8211; Exponen: Ministerio de Energ\u00eda de Mendoza y Ministerio de Producci\u00f3n; L\u00edneas de Financiamiento Productivo<\/li>\n\n\n\n<li><strong>9:30 a 11:45 hs &#8211; La oferta educativa y su adecuaci\u00f3n a los nuevos modelos productivos: <\/strong>Sala Armando Tejada G\u00f3mez &#8211; Apertura de autoridades; Presentaci\u00f3n Direcci\u00f3n General de Escuelas; Conversatorio Universidades<\/li>\n\n\n\n<li><strong>10:30 a&nbsp;12:00 hs &#8211; Premios J\u00f3ven Empresario Mendocino<\/strong> <strong>&#8211; FEM:<\/strong> Sala Chalo Tuli\u00e1n &#8211; Entrega de los premios a J\u00f3ven Empresario por la Federaci\u00f3n Econ\u00f3mica de Mendoza &#8211; FEM<\/li>\n\n\n\n<li><strong>12:00 a&nbsp;12:30 hs &#8211; Coffee Break<\/strong><\/li>\n\n\n\n<li><strong>12:30 a 13:30 hs &#8211; Apertura de la ExpoForo 2025: <\/strong>Sala Vilma R\u00fapolo &#8211; Apertura de autoridades y Celebraci\u00f3n \u00abD\u00eda de la Industria\u00bb<\/li>\n\n\n\n<li><strong>13:00 a 21:00 hs &#8211; X EXPO METALMEC\u00c1NICA: <\/strong>Corte de Cinta X Expo Metalmec\u00e1nica Asinmet<\/li>\n\n\n\n<li><strong>15:00 a&nbsp;17:30 hs &#8211; Foro Metalmec\u00e1nica, Miner\u00eda+Energ\u00eda: <\/strong>Sala Vilma R\u00fapolo &#8211; El Sector Petrolero de Mendoza; La importancia del Sector Nuclear.<\/li>\n<\/ul>\n\n\n\n<div style=\"height:35px\" aria-hidden=\"true\" class=\"wp-block-spacer\"><\/div>\n\n\n\n<p class=\"has-background\" style=\"background-color:#abb7c261\"><strong>Mi\u00e9rcoles 3\/9<\/strong><\/p>\n\n\n\n<ul class=\"wp-block-list\">\n<li><strong>8:30 a&nbsp;13:30 hs &#8211; II Foro Agroindustrial Regional: <\/strong>Sala Vilma R\u00fapolo &#8211; Cadena de Valor del Sector Agroindustrial; Situaci\u00f3n Actual del Sector Agroindustrial y Expectativas al Futuro; An\u00e1lisis Econ\u00f3mico: Desaf\u00edos Locales e Internacionales para la Agroindustria.<\/li>\n\n\n\n<li><strong>13:00 a&nbsp;21:00 hs &#8211; X EXPO METALMEC\u00c1NICA<\/strong>.<\/li>\n<\/ul>\n\n\n\n<div style=\"height:35px\" aria-hidden=\"true\" class=\"wp-block-spacer\"><\/div>\n\n\n\n<p class=\"has-background\" style=\"background-color:#abb7c261\"><strong>Jueves 4\/9<\/strong><\/p>\n\n\n\n<ul class=\"wp-block-list\">\n<li><strong>11:00 a&nbsp;12:00 hs &#8211; Proveedores de Clase Mundial:<\/strong> Experiencias Regionales: Sala Vilma R\u00fapolo &#8211; Lecciones y oportunidades frente a un nuevo ciclo de inversiones mineras<\/li>\n\n\n\n<li><strong>11:00 a&nbsp;12:15 hs &#8211; La seguridad ante todo: <\/strong>Sala Armando Tejada G\u00f3mez &#8211; Superintendencia de Riesgos de Trabajo &#8211; Subsecretar\u00eda de Trabajo &#8211; Seguridad Electr\u00f3nica (Infoantina) &#8211; Seguridad Ambiental (GT Ingenier\u00eda) &#8211; Medicina en la Miner\u00eda &#8211; (Emergenicas) &#8211; Departamento HYS (Asinmet).<\/li>\n\n\n\n<li><strong>12:30 a&nbsp;13:30 hs &#8211; Desarrollo de Proveedores Mineros: <\/strong>Sala Vilma R\u00fapolo &#8211; Exponen: CAEM; INTI; Subsecretar\u00eda de Pol\u00edtica Industrial de la Naci\u00f3n; Comisi\u00f3n de Miner\u00eda Asinmet<\/li>\n\n\n\n<li><strong>13:00 a&nbsp;21:00 hs: X EXPO METALMEC\u00c1NICA<\/strong><\/li>\n\n\n\n<li><strong>14:45 a 18:20 hs &#8211; Foro de C\u00e1maras Industriales UIM:<\/strong> Actualidad y perspectiva de Mendoza en el escenario nacional y mundial \/ Panel Sectorial Mendoza; &#8211; El Costo Argentino &#8211; UIA \/Presi\u00f3n Impositiva Mendoza; &#8211; Panel Argentina: UIA, UIM, Adimra, CAEM, Gobierno de Mendoza, Gobierno Nacional; Brindis<br><\/li>\n<\/ul>\n\n\n\n<p>Asinmet y todas las organizaciones convocantes invitan al sector p\u00fablico y privado a ser parte de la promoci\u00f3n y facilitaci\u00f3n de tecnolog\u00eda y capacitaci\u00f3n de las empresas locales. Entre otros desaf\u00edos se busca alcanzar la productividad y competitividad necesarias para dichos desaf\u00edos. Tambi\u00e9n ser\u00e1 clave la concientizaci\u00f3n sobre la aplicaci\u00f3n de t\u00e9cnicas, m\u00e9todos y procesos que apunten a la sostenibilidad tanto en el plano econ\u00f3mico, social y ambiental de la industria local.<\/p>\n\n\n\n<p class=\"has-background\" style=\"background-color:#abb7c240\"><strong>Inscripci\u00f3n: <a href=\"https:\/\/www.eventbrite.com.ar\/e\/expoforo-2025-mendoza-industrial-produccion-sostenible-tickets-1616297422099?aff=oddtdtcreator\">AQU\u00cd<\/a><\/strong><\/p>\n\n\n\n<div style=\"height:41px\" aria-hidden=\"true\" class=\"wp-block-spacer\"><\/div>\n","protected":false},"excerpt":{"rendered":"<p>Los d\u00edas&nbsp;2, 3 y 4 de setiembre se realizar\u00e1 en el Espacio Cultural Julio Le&hellip;<\/p>\n","protected":false},"author":2,"featured_media":162296,"comment_status":"closed","ping_status":"open","sticky":false,"template":"","format":"standard","meta":{"footnotes":""},"categories":[47],"tags":[],"class_list":["post-162281","post","type-post","status-publish","format-standard","has-post-thumbnail","hentry","category-agenda"],"_links":{"self":[{"href":"https:\/\/enolife.com.ar\/es\/wp-json\/wp\/v2\/posts\/162281","targetHints":{"allow":["GET"]}}],"collection":[{"href":"https:\/\/enolife.com.ar\/es\/wp-json\/wp\/v2\/posts"}],"about":[{"href":"https:\/\/enolife.com.ar\/es\/wp-json\/wp\/v2\/types\/post"}],"author":[{"embeddable":true,"href":"https:\/\/enolife.com.ar\/es\/wp-json\/wp\/v2\/users\/2"}],"replies":[{"embeddable":true,"href":"https:\/\/enolife.com.ar\/es\/wp-json\/wp\/v2\/comments?post=162281"}],"version-history":[{"count":0,"href":"https:\/\/enolife.com.ar\/es\/wp-json\/wp\/v2\/posts\/162281\/revisions"}],"wp:featuredmedia":[{"embeddable":true,"href":"https:\/\/enolife.com.ar\/es\/wp-json\/wp\/v2\/media\/162296"}],"wp:attachment":[{"href":"https:\/\/enolife.com.ar\/es\/wp-json\/wp\/v2\/media?parent=162281"}],"wp:term":[{"taxonomy":"category","embeddable":true,"href":"https:\/\/enolife.com.ar\/es\/wp-json\/wp\/v2\/categories?post=162281"},{"taxonomy":"post_tag","embeddable":true,"href":"https:\/\/enolife.com.ar\/es\/wp-json\/wp\/v2\/tags?post=162281"}],"curies":[{"name":"wp","href":"https:\/\/api.w.org\/{rel}","templated":true}]}}