{"id":162161,"date":"2025-08-25T16:20:59","date_gmt":"2025-08-25T16:20:59","guid":{"rendered":"https:\/\/enolife.com.ar\/es\/?p=162161"},"modified":"2025-08-27T13:20:03","modified_gmt":"2025-08-27T13:20:03","slug":"llega-con-san-martin-a-los-caminos-del-vino-la-historiadora-y-novelista-florencia-canale-el-29-8","status":"publish","type":"post","link":"https:\/\/enolife.com.ar\/es\/llega-con-san-martin-a-los-caminos-del-vino-la-historiadora-y-novelista-florencia-canale-el-29-8\/","title":{"rendered":"Llega con San Mart\u00edn a los Caminos del Vino la historiadora y novelista Florencia Canale, el 29\/8"},"content":{"rendered":"\n<h4 class=\"wp-block-heading\"><em><strong>El ciclo de charlas y conferencias Autores por los Caminos del Vino -por el que ya pasaron este a\u00f1o la astr\u00f3loga Ludovica Squirru, el fil\u00f3sofo Dar\u00edo Sztajnszrajber y la nutricionista y escritora Soledad Barruti- suma una nueva fecha con la participaci\u00f3n de la escritora Florencia Canale, referente en el campo de la novela hist\u00f3rica en Argentina e Iberoam\u00e9rica. La autora ofrecer\u00e1 su charla tem\u00e1tica \u00abSan Mart\u00edn, el camino del h\u00e9roe\u00bb y presentar\u00e1 su \u00faltima libro, \u00abLa cruzada\u00bb. El encuentro ser\u00e1 el viernes 29 de agosto a las 19 horas, con entrada libre y gratuita, en el Templo del Vino Bonarda, de San Mart\u00edn, Mendoza.<\/strong><\/em><\/h4>\n\n\n\n<div style=\"height:40px\" aria-hidden=\"true\" class=\"wp-block-spacer\"><\/div>\n\n\n<a href=\"https:\/\/www.dellatoffola.com.ar\/es\/home\" aria-label=\"Banner Sm@rtBlock_1700x500\"><img loading=\"lazy\" decoding=\"async\" src=\"https:\/\/enolife.com.ar\/es\/wp-content\/uploads\/2024\/06\/Banner-Sm@rtBlock_1700x500.png\" alt=\"\"  srcset=\"https:\/\/enolife.com.ar\/es\/wp-content\/uploads\/2024\/06\/Banner-Sm@rtBlock_1700x500.png 1700w, https:\/\/enolife.com.ar\/es\/wp-content\/uploads\/2024\/06\/Banner-Sm@rtBlock_1700x500-300x88.png 300w, https:\/\/enolife.com.ar\/es\/wp-content\/uploads\/2024\/06\/Banner-Sm@rtBlock_1700x500-1024x301.png 1024w, https:\/\/enolife.com.ar\/es\/wp-content\/uploads\/2024\/06\/Banner-Sm@rtBlock_1700x500-768x226.png 768w, https:\/\/enolife.com.ar\/es\/wp-content\/uploads\/2024\/06\/Banner-Sm@rtBlock_1700x500-1536x452.png 1536w, https:\/\/enolife.com.ar\/es\/wp-content\/uploads\/2024\/06\/Banner-Sm@rtBlock_1700x500-1170x344.png 1170w, https:\/\/enolife.com.ar\/es\/wp-content\/uploads\/2024\/06\/Banner-Sm@rtBlock_1700x500-585x172.png 585w\" sizes=\"auto, (max-width: 1700px) 100vw, 1700px\" width=\"1700\" height=\"500\"   \/><\/a>\n\n\n<div style=\"height:44px\" aria-hidden=\"true\" class=\"wp-block-spacer\"><\/div>\n\n\n\n<p>Con un estilo que combina rigurosidad hist\u00f3rica y narrativa atrapante, la historiadora, periodista y escritora Florencia Canale brindar\u00e1 la conferencia <strong>\u201cSan Mart\u00edn, el camino del h\u00e9roe\u201d<\/strong>, presentar\u00e1 su \u00faltimo libro, <strong>\u201cLa Cruzada\u201d<\/strong>, y dialogar\u00e1 con el p\u00fablico y con el periodista, presentador y panelista Andr\u00e9s Gabrielli. Ser\u00e1 en un encuentro donde literatura y vino se dar\u00e1n la mano en un espacio patrimonial cargado de sentido. Al finalizar la presentaci\u00f3n, los asistentes podr\u00e1n disfrutar de una <strong>degustaci\u00f3n de vinos Bonarda y opciones gastron\u00f3mica<\/strong>s, en el marco del <strong>mes del Bonarda<\/strong> que promueve la Municipalidad de San Mart\u00edn, Mendoza.<\/p>\n\n\n\n<div style=\"height:35px\" aria-hidden=\"true\" class=\"wp-block-spacer\"><\/div>\n\n\n\n<p class=\"has-medium-font-size\"><strong>Florencia Canale, referente de la novela hist\u00f3rica<\/strong><\/p>\n\n\n\n<p><strong>Florencia Canale<\/strong> naci\u00f3 en Mar del Plata y estudi\u00f3 Letras en la <strong>Universidad de Buenos Aires<\/strong>. Es periodista y trabaj\u00f3 en medios como <strong>Noticias, Living, Gente, Siete D\u00edas, Veintitr\u00e9s <\/strong>e<strong> Infobae.<\/strong><\/p>\n\n\n\n<div style=\"height:40px\" aria-hidden=\"true\" class=\"wp-block-spacer\"><\/div>\n\n\n<div class=\"wp-block-image\">\n<figure class=\"aligncenter size-large is-resized\"><a href=\"https:\/\/enolife.com.ar\/es\/wp-content\/uploads\/2025\/08\/Florencia-Canale-3.jpg\" data-rel=\"penci-gallery-image-content\" ><img loading=\"lazy\" decoding=\"async\" width=\"819\" height=\"1024\" src=\"https:\/\/enolife.com.ar\/es\/wp-content\/uploads\/2025\/08\/Florencia-Canale-3-819x1024.jpg\" alt=\"\" class=\"wp-image-162175\" style=\"width:695px;height:auto\" srcset=\"https:\/\/enolife.com.ar\/es\/wp-content\/uploads\/2025\/08\/Florencia-Canale-3-819x1024.jpg 819w, https:\/\/enolife.com.ar\/es\/wp-content\/uploads\/2025\/08\/Florencia-Canale-3-240x300.jpg 240w, https:\/\/enolife.com.ar\/es\/wp-content\/uploads\/2025\/08\/Florencia-Canale-3-768x960.jpg 768w, https:\/\/enolife.com.ar\/es\/wp-content\/uploads\/2025\/08\/Florencia-Canale-3-585x731.jpg 585w, https:\/\/enolife.com.ar\/es\/wp-content\/uploads\/2025\/08\/Florencia-Canale-3.jpg 848w\" sizes=\"auto, (max-width: 819px) 100vw, 819px\" \/><\/a><\/figure><\/div>\n\n\n<div style=\"height:38px\" aria-hidden=\"true\" class=\"wp-block-spacer\"><\/div>\n\n\n\n<p>Su primera novela, <strong>\u201cPasi\u00f3n y Traici\u00f3n\u201d<\/strong> (Editorial Planeta, 2011), fue un verdadero fen\u00f3meno editorial: un best seller que lleva m\u00e1s de 10 ediciones publicadas. Desde entonces public\u00f3 otros 11 t\u00edtulos, con los que logr\u00f3 que la cr\u00edtica especializada la considere <em>\u00abuna voz fundamental de la novela hist\u00f3rica, tanto en Argentina como en Iberoam\u00e9rica\u00bb.<\/em><\/p>\n\n\n\n<p>En reconocimiento a su trayectoria, la Legislatura de la Ciudad de Buenos Aires la distingui\u00f3 como <strong>Personalidad Destacada de la Cultura<\/strong>.<\/p>\n\n\n\n<div style=\"height:39px\" aria-hidden=\"true\" class=\"wp-block-spacer\"><\/div>\n\n\n\n<p class=\"has-medium-font-size\"><strong>Un cruce de cultura y vino<\/strong><\/p>\n\n\n\n<p>El ciclo <strong>Autores por los Caminos del Vino<\/strong> est\u00e1 organizado por <strong>Gustavo Flores Baz\u00e1n<\/strong> -productor cultural con amplia trayectoria en proyectos de vino y cultura- y <strong>Jimena Silvestri<\/strong> -productora de medios y gestora cultural. Las presentaciones son moderadas por el periodista <strong>Andr\u00e9s Gabrielli<\/strong>, en un formato \u00edntimo que privilegia la palabra y la escucha, en escenarios ic\u00f3nicos del vino mendocino.<\/p>\n\n\n\n<p>La propuesta cuenta con el apoyo de <strong>Caminos del Vino de Bodegas de Argentina, <\/strong>el<strong> Ente Mendoza Turismo (Emetur) <\/strong>del<strong> Gobierno de Mendoza <\/strong>y la<strong> Universidad Juan Agust\u00edn Maza<\/strong>. En esta edici\u00f3n, acompa\u00f1an la <strong>Municipalidad de San Mart\u00edn, Bonarda Argentina, Ant\u00fc Espacio de Lectura, Volf <\/strong>y<strong> Kyros Aj\u00edes<\/strong>. <\/p>\n\n\n\n<p>Tras esta cita en San Mart\u00edn, los organizadores anticiparon que el ciclo continuar\u00e1 en <strong>octubre<\/strong> con la participaci\u00f3n del prestigioso periodista <strong>Hugo Alconada Mon<\/strong>, quien presentar\u00e1 su \u00faltimo libro, <em>\u00abTopos\u00bb.<\/em><\/p>\n\n\n\n<div style=\"height:27px\" aria-hidden=\"true\" class=\"wp-block-spacer\"><\/div>\n\n\n\n<p><strong>Para agendar<\/strong><br><br><strong>Fecha y hora<\/strong>: viernes 29 de agosto, 19 horas<br><strong>Lugar<\/strong>: Templo del Vino Bonarda, Parque Agnesi, San Mart\u00edn, Mendoza<br><strong>Entrada<\/strong>: Libre y gratuita<br><strong>Incluye: <\/strong>Degustaci\u00f3n de vinos Bonarda y opci\u00f3n gastron\u00f3mica al finalizar la presentaci\u00f3n<br><strong>Contactos:<\/strong> Mail:&nbsp; <a href=\"mailto:autoresporloscaminosdelvino@gmail.com\">autoresporloscaminosdelvino@gmail.com<\/a>; Instagram:&nbsp; <a href=\"https:\/\/www.instagram.com\/autores_xloscaminosdelvino\/\">@autores_xloscaminosdelvino<\/a><\/p>\n\n\n\n<div style=\"height:41px\" aria-hidden=\"true\" class=\"wp-block-spacer\"><\/div>\n","protected":false},"excerpt":{"rendered":"<p>El ciclo de charlas y conferencias Autores por los Caminos del Vino -por el que&hellip;<\/p>\n","protected":false},"author":2,"featured_media":162240,"comment_status":"closed","ping_status":"open","sticky":false,"template":"","format":"standard","meta":{"footnotes":""},"categories":[47],"tags":[],"class_list":["post-162161","post","type-post","status-publish","format-standard","has-post-thumbnail","hentry","category-agenda"],"_links":{"self":[{"href":"https:\/\/enolife.com.ar\/es\/wp-json\/wp\/v2\/posts\/162161","targetHints":{"allow":["GET"]}}],"collection":[{"href":"https:\/\/enolife.com.ar\/es\/wp-json\/wp\/v2\/posts"}],"about":[{"href":"https:\/\/enolife.com.ar\/es\/wp-json\/wp\/v2\/types\/post"}],"author":[{"embeddable":true,"href":"https:\/\/enolife.com.ar\/es\/wp-json\/wp\/v2\/users\/2"}],"replies":[{"embeddable":true,"href":"https:\/\/enolife.com.ar\/es\/wp-json\/wp\/v2\/comments?post=162161"}],"version-history":[{"count":0,"href":"https:\/\/enolife.com.ar\/es\/wp-json\/wp\/v2\/posts\/162161\/revisions"}],"wp:featuredmedia":[{"embeddable":true,"href":"https:\/\/enolife.com.ar\/es\/wp-json\/wp\/v2\/media\/162240"}],"wp:attachment":[{"href":"https:\/\/enolife.com.ar\/es\/wp-json\/wp\/v2\/media?parent=162161"}],"wp:term":[{"taxonomy":"category","embeddable":true,"href":"https:\/\/enolife.com.ar\/es\/wp-json\/wp\/v2\/categories?post=162161"},{"taxonomy":"post_tag","embeddable":true,"href":"https:\/\/enolife.com.ar\/es\/wp-json\/wp\/v2\/tags?post=162161"}],"curies":[{"name":"wp","href":"https:\/\/api.w.org\/{rel}","templated":true}]}}