{"id":162103,"date":"2025-08-22T21:49:11","date_gmt":"2025-08-22T21:49:11","guid":{"rendered":"https:\/\/enolife.com.ar\/es\/?p=162103"},"modified":"2025-08-25T22:28:47","modified_gmt":"2025-08-25T22:28:47","slug":"el-gobierno-paso-a-disposicion-a-50-empleados-del-inv-pese-al-rechazo-del-decreto-en-el-senado","status":"publish","type":"post","link":"https:\/\/enolife.com.ar\/es\/el-gobierno-paso-a-disposicion-a-50-empleados-del-inv-pese-al-rechazo-del-decreto-en-el-senado\/","title":{"rendered":"El Gobierno pas\u00f3 a disposici\u00f3n a 50 empleados del INV, pese al rechazo del decreto en el Senado"},"content":{"rendered":"\n<h4 class=\"wp-block-heading\"><em><strong>La medida del Ministerio de Econom\u00eda argentino, firmada por el titular de esa cartera, Luis Caputo, dispone un total de 367 suspensiones por entre 6 y 12 meses de trabajadores del Instituto Nacional de Vitivinicultura (INV), el Instituto Nacional de Tecnolog\u00eda Agropecuaria (INTA) y el Instituto Nacional de las Semillas (Inase). Fue adoptada y difundida por el gobierno minutos despu\u00e9s de que el Senado vetara el decreto del presidente Milei que dispon\u00eda la reestructuraci\u00f3n y centralizaci\u00f3n en la \u00f3rbita del Ministerio de Agricultura de esos organismos, por lo que la situaci\u00f3n se encuentra en un limbo legal y ha generado fuerte rechazo y pol\u00e9micas. El \u00abpase a disponibilidad\u00bb constituye una instancia previa al despido y posterior indemnizaci\u00f3n, tal como ya ocurri\u00f3 en otras \u00e1reas del Estado. Durante el tiempo de \u00abdisponibilidad\u00bb, los empleados s\u00f3lo cobraran el sueldo b\u00e1sico, sin adicionales ni vacaciones<\/strong><\/em><strong><em>.<\/em><\/strong><\/h4>\n\n\n\n<div style=\"height:35px\" aria-hidden=\"true\" class=\"wp-block-spacer\"><\/div>\n\n\n\n\n\n<div style=\"height:45px\" aria-hidden=\"true\" class=\"wp-block-spacer\"><\/div>\n\n\n\n<p>Tras la desaprobaci\u00f3n por amplia mayor\u00eda en el <strong>Senado argentino<\/strong> del<a href=\"https:\/\/www.boletinoficial.gob.ar\/detalleAviso\/primera\/328017\/20250708\" title=\"\"> <strong>Decreto 462\/2025<\/strong><\/a> del presidente <strong>Javier Milei<\/strong> -que supon\u00eda facultades delegadas y dispon\u00eda la disoluci\u00f3n de esos organismos-, el <strong>Ministerio de Econom\u00eda<\/strong> firm\u00f3 el documento, lo que genera controversias respecto a la vigencia y la legalidad de la medida.<\/p>\n\n\n\n<p>En la sesi\u00f3n en el Senado del jueves 21\/8\/25, en la que el gobierno nacional sufri\u00f3 una fuerte derrota, los parlamentarios rechazaron, entre otros asuntos, el Decreto 462\/2025, publicado en el Bolet\u00edn Oficial a principios de julio, el cual establec\u00eda&nbsp;una reforma en el&nbsp;<strong>Instituto Nacional de Vitivinicultura (INV)<\/strong>, el <strong>Instituto Nacional de Tecnolog\u00eda Agropecuaria (INTA)<\/strong> y el <strong>Instituto Nacional de las Semillas (Inase)<\/strong>,&nbsp;y disoluciones y reorganizaciones de otros organismos.<\/p>\n\n\n\n<div style=\"height:24px\" aria-hidden=\"true\" class=\"wp-block-spacer\"><\/div>\n\n\n\n<p class=\"has-cyan-bluish-gray-background-color has-background\"><strong>Qu\u00e9 es el \u00abpase a disponibilidad\u00bb<br><\/strong><br>El <strong>pase a disponibilidad<\/strong> representa una <strong>\u00abtransici\u00f3n\u00bb<\/strong> para los empleados: quedar\u00e1n con esa situaci\u00f3n por un tiempo determinado cobrando el salario b\u00e1sico, sin vacaciones ni adicionales, inferior al que cobraban habitualmente, y luego podr\u00edan ser despedidos o reasignados en otra \u00e1rea. La disponibilidad es una instancia <strong>previa al despido y posterior indemnizaci\u00f3n<\/strong>, tal como ya ocurri\u00f3 en otras \u00e1reas del Estado.<\/p>\n\n\n\n<div style=\"height:25px\" aria-hidden=\"true\" class=\"wp-block-spacer\"><\/div>\n\n\n\n<p>Pese al rechazo al mencionado decreto presidencial, el Poder Ejecutivo&nbsp;pas\u00f3 a disponibilidad a 367 trabajadores de planta permanente de los institutos referidos en uso de las facultades de la normativa.<\/p>\n\n\n\n<div style=\"height:19px\" aria-hidden=\"true\" class=\"wp-block-spacer\"><\/div>\n\n\n\n<blockquote class=\"wp-block-quote is-layout-flow wp-block-quote-is-layout-flow\">\n<p>En la ventanita entre que este Congreso le informa al Poder Ejecutivo, el Gobierno despidi\u00f3 a 367 trabajadores de estos organismos. Y en su gran mayor\u00eda son profesionales\u00bb.<br><strong>GUADALUPE TAGLIAFERRI, senadora del PRO, quien inform\u00f3 al senado sobre la medida<\/strong><\/p>\n<\/blockquote>\n\n\n\n<div style=\"height:17px\" aria-hidden=\"true\" class=\"wp-block-spacer\"><\/div>\n\n\n\n<p>La novedad fue informada al conjunto del Senado por la legisladora <strong>Guadalupe Tagliaferri <\/strong>(del partido Propuesta Republicana, PRO, aliado del gobierno), quien fue una de las \u00faltimas oradoras de la sesi\u00f3n del jueves 21\/8\/25, ya entrada la madrugada, y alert\u00f3 sobre la situaci\u00f3n. <em>\u00abSalgo un segundito del tema (del Garrahan). A las 18.05 este Senado le rechaz\u00f3 (al Gobierno) el Decreto 462\/25 de facultades delegadas respecto a lo que pod\u00eda hacer en el INTA, el INTI, el INV y el Inase. A las 19.28, en esta ventanita entre que este Congreso le informa al Poder Ejecutivo, el Gobierno despidi\u00f3 a 367 trabajadores de estos organismos. Y en su gran mayor\u00eda son profesionales\u00bb<\/em>, advirti\u00f3.<\/p>\n\n\n\n<div style=\"height:25px\" aria-hidden=\"true\" class=\"wp-block-spacer\"><\/div>\n\n\n\n<p class=\"has-medium-font-size\"><strong>El texto de la medida<\/strong><\/p>\n\n\n\n<p><em>\u201cEstabl\u00e9cese que el personal de planta permanente con estabilidad adquirida, que se detalla en los anexos que integran esta medida, queda en situaci\u00f3n de disponibilidad a partir del dictado de la presente, por el plazo que en cada caso se indica como consecuencia de la transformaci\u00f3n del Instituto Nacional de Tecnolog\u00eda Agropecuaria (INTA), organismo descentralizado actuante en la \u00f3rbita del Ministerio de Econom\u00eda, en un organismo desconcentrado de la Secretar\u00eda de Agricultura, Ganader\u00eda y Pesca del Ministerio de Econom\u00eda; de la disoluci\u00f3n del Instituto Nacional de Semillas (INASE); y de la transformaci\u00f3n del Instituto Nacional de Vitivinicultura (INV) en una unidad organizativa en el \u00e1mbito de la citada Secretar\u00eda de Agricultura, Ganader\u00eda y Pesca de este ministerio\u201d,<\/em> expresa la <strong>Resoluci\u00f3n 1240\/2025<\/strong>, que fue publicada este viernes 22\/8\/25 en el Bolet\u00edn Oficial y lleva la firma de Luis Caputo.<\/p>\n\n\n\n<div style=\"height:30px\" aria-hidden=\"true\" class=\"wp-block-spacer\"><\/div>\n\n\n\n<p class=\"has-background\" style=\"background-color:#abb7c247\"><strong>Ver Resoluci\u00f3n 1240\/2025: <a href=\"https:\/\/www.boletinoficial.gob.ar\/detalleAviso\/primera\/330227\/20250822\" title=\"\">AQU\u00cd<\/a><\/strong><\/p>\n\n\n\n<div style=\"height:31px\" aria-hidden=\"true\" class=\"wp-block-spacer\"><\/div>\n","protected":false},"excerpt":{"rendered":"<p>La medida del Ministerio de Econom\u00eda argentino, firmada por el titular de esa cartera, Luis&hellip;<\/p>\n","protected":false},"author":2,"featured_media":162106,"comment_status":"closed","ping_status":"open","sticky":false,"template":"","format":"standard","meta":{"footnotes":""},"categories":[14],"tags":[],"class_list":["post-162103","post","type-post","status-publish","format-standard","has-post-thumbnail","hentry","category-news"],"_links":{"self":[{"href":"https:\/\/enolife.com.ar\/es\/wp-json\/wp\/v2\/posts\/162103","targetHints":{"allow":["GET"]}}],"collection":[{"href":"https:\/\/enolife.com.ar\/es\/wp-json\/wp\/v2\/posts"}],"about":[{"href":"https:\/\/enolife.com.ar\/es\/wp-json\/wp\/v2\/types\/post"}],"author":[{"embeddable":true,"href":"https:\/\/enolife.com.ar\/es\/wp-json\/wp\/v2\/users\/2"}],"replies":[{"embeddable":true,"href":"https:\/\/enolife.com.ar\/es\/wp-json\/wp\/v2\/comments?post=162103"}],"version-history":[{"count":0,"href":"https:\/\/enolife.com.ar\/es\/wp-json\/wp\/v2\/posts\/162103\/revisions"}],"wp:featuredmedia":[{"embeddable":true,"href":"https:\/\/enolife.com.ar\/es\/wp-json\/wp\/v2\/media\/162106"}],"wp:attachment":[{"href":"https:\/\/enolife.com.ar\/es\/wp-json\/wp\/v2\/media?parent=162103"}],"wp:term":[{"taxonomy":"category","embeddable":true,"href":"https:\/\/enolife.com.ar\/es\/wp-json\/wp\/v2\/categories?post=162103"},{"taxonomy":"post_tag","embeddable":true,"href":"https:\/\/enolife.com.ar\/es\/wp-json\/wp\/v2\/tags?post=162103"}],"curies":[{"name":"wp","href":"https:\/\/api.w.org\/{rel}","templated":true}]}}