{"id":162048,"date":"2025-08-22T16:31:45","date_gmt":"2025-08-22T16:31:45","guid":{"rendered":"https:\/\/enolife.com.ar\/es\/?p=162048"},"modified":"2025-08-26T19:39:01","modified_gmt":"2025-08-26T19:39:01","slug":"fecovita-apunta-fuerte-al-mercado-porteno-con-nuevas-oficinas-y-el-relanzamiento-de-marcas-clasicas","status":"publish","type":"post","link":"https:\/\/enolife.com.ar\/es\/fecovita-apunta-fuerte-al-mercado-porteno-con-nuevas-oficinas-y-el-relanzamiento-de-marcas-clasicas\/","title":{"rendered":"Fecovita apunta fuerte al mercado porte\u00f1o con nuevas oficinas y el relanzamiento de marcas cl\u00e1sicas"},"content":{"rendered":"\n<h4 class=\"wp-block-heading\"><em><strong>El 21\/8 el Grupo Fecovita anunci\u00f3 un plan de acci\u00f3n para fortalecer su presencia en Capital Federal y el Gran Buenos Aires, donde s\u00f3lo se comercializa el 10% de los 18 millones de litros de vino que vende por mes. El plan contempla la apertura de las nuevas oficinas comerciales en La Boca, dirigida por su nuevo gerente Eugenio Mangioni, y el relanzamiento de marcas cl\u00e1sicas como Resero, Estancia Mendoza y Canciller.<\/strong><\/em><\/h4>\n\n\n\n<div style=\"height:35px\" aria-hidden=\"true\" class=\"wp-block-spacer\"><\/div>\n\n\n<a href=\"https:\/\/estanciamendoza.com.ar\/es\/\" aria-label=\"Copia de BEM &#8211; Banner adaptaciones diario digital_BEM &#8211; Banner Enolife &#8211; 1700&#215;500\"><img loading=\"lazy\" decoding=\"async\" src=\"https:\/\/enolife.com.ar\/es\/wp-content\/uploads\/2019\/07\/Copia-de-BEM-Banner-adaptaciones-diario-digital_BEM-Banner-Enolife-1700x500-1.jpg\" alt=\"\"  srcset=\"https:\/\/enolife.com.ar\/es\/wp-content\/uploads\/2019\/07\/Copia-de-BEM-Banner-adaptaciones-diario-digital_BEM-Banner-Enolife-1700x500-1.jpg 1700w, https:\/\/enolife.com.ar\/es\/wp-content\/uploads\/2019\/07\/Copia-de-BEM-Banner-adaptaciones-diario-digital_BEM-Banner-Enolife-1700x500-1-300x88.jpg 300w, https:\/\/enolife.com.ar\/es\/wp-content\/uploads\/2019\/07\/Copia-de-BEM-Banner-adaptaciones-diario-digital_BEM-Banner-Enolife-1700x500-1-1024x301.jpg 1024w, https:\/\/enolife.com.ar\/es\/wp-content\/uploads\/2019\/07\/Copia-de-BEM-Banner-adaptaciones-diario-digital_BEM-Banner-Enolife-1700x500-1-768x226.jpg 768w, https:\/\/enolife.com.ar\/es\/wp-content\/uploads\/2019\/07\/Copia-de-BEM-Banner-adaptaciones-diario-digital_BEM-Banner-Enolife-1700x500-1-1536x452.jpg 1536w, https:\/\/enolife.com.ar\/es\/wp-content\/uploads\/2019\/07\/Copia-de-BEM-Banner-adaptaciones-diario-digital_BEM-Banner-Enolife-1700x500-1-1170x344.jpg 1170w, https:\/\/enolife.com.ar\/es\/wp-content\/uploads\/2019\/07\/Copia-de-BEM-Banner-adaptaciones-diario-digital_BEM-Banner-Enolife-1700x500-1-585x172.jpg 585w\" sizes=\"auto, (max-width: 1700px) 100vw, 1700px\" width=\"1700\" height=\"500\"   \/><\/a>\n\n\n<div style=\"height:45px\" aria-hidden=\"true\" class=\"wp-block-spacer\"><\/div>\n\n\n\n<p>El grupo cooperativo Fecovita, con sede en Mendoza, realiz\u00f3 en la tarde del 21 de agosto una reuni\u00f3n en las oficinas de Coninagro en Capital Federal, para anunciar su nuevo plan de acci\u00f3n para fortalecer su presencia en AMBA. Al encuentro asistieron directivos del \u00e1mbito cooperativo, clientes, proveedores, entidades financieras y prensa especializada del agro. Por parte del Grupo Fecovita estuvieron Rub\u00e9n Panella presidente del grupo, el secretario y vicepresidente de Coninagro Marcelo Federici, su gerente general Juan \u00c1ngel Rodr\u00edguez y el equipo comercial.<\/p>\n\n\n\n<p>Panella puntualiz\u00f3 que, <em>\u201cen el resto del pa\u00eds tenemos una muy buena performance de ventas, pero Buenos Aires siempre ha sido nuestra cuenta pendiente.\u201d <\/em>El Grupo vende <strong>18 millones de litros mensuales<\/strong>, liderando la venta de vinos de pa\u00eds, pero <strong>s\u00f3lo el 10% se comercializa en CABA y provincia de Buenos Aires<\/strong>.<em> \u201cVemos en Buenos Aires una gran oportunidad para crecer con el relanzamiento de marcas cl\u00e1sicas como Resero, Estancia Mendoza y Canciller.\u201d<\/em><\/p>\n\n\n\n<div style=\"height:35px\" aria-hidden=\"true\" class=\"wp-block-spacer\"><\/div>\n\n\n<div class=\"wp-block-image\">\n<figure class=\"aligncenter size-full is-resized\"><a href=\"https:\/\/enolife.com.ar\/es\/wp-content\/uploads\/2025\/08\/WhatsApp-Image-2025-08-22-at-12.52.43.jpeg\" data-rel=\"penci-gallery-image-content\" ><img loading=\"lazy\" decoding=\"async\" width=\"929\" height=\"500\" src=\"https:\/\/enolife.com.ar\/es\/wp-content\/uploads\/2025\/08\/WhatsApp-Image-2025-08-22-at-12.52.43.jpeg\" alt=\"\" class=\"wp-image-162053\" style=\"width:618px;height:auto\" srcset=\"https:\/\/enolife.com.ar\/es\/wp-content\/uploads\/2025\/08\/WhatsApp-Image-2025-08-22-at-12.52.43.jpeg 929w, https:\/\/enolife.com.ar\/es\/wp-content\/uploads\/2025\/08\/WhatsApp-Image-2025-08-22-at-12.52.43-300x161.jpeg 300w, https:\/\/enolife.com.ar\/es\/wp-content\/uploads\/2025\/08\/WhatsApp-Image-2025-08-22-at-12.52.43-768x413.jpeg 768w, https:\/\/enolife.com.ar\/es\/wp-content\/uploads\/2025\/08\/WhatsApp-Image-2025-08-22-at-12.52.43-585x315.jpeg 585w\" sizes=\"auto, (max-width: 929px) 100vw, 929px\" \/><\/a><figcaption class=\"wp-element-caption\"><em><strong>Marcelo Federici, vicepresidente de Coninagro; Rub\u00e9n Panella, presidente del grupo Fecovita; y Lucas Magnano, presidente de Coninagro.<\/strong><\/em><\/figcaption><\/figure><\/div>\n\n\n<div style=\"height:35px\" aria-hidden=\"true\" class=\"wp-block-spacer\"><\/div>\n\n\n\n<p>Las <strong>nuevas oficinas<\/strong> estar\u00e1n ubicadas en <strong>Avenida Regimiento Patricios al 1.000, en el complejo Molina Ciudad del barrio de la Boca<\/strong>. Para<strong> Juan \u00c1ngel Rodr\u00edguez, gerente general del grupo<\/strong>, las nuevas oficias ofrecer\u00e1n <em>\u201cuna mayor versatilidad por la cercan\u00eda de nuestros equipos comerciales con los distribuidores que est\u00e1n ubicados en su mayor\u00eda en zona sur\u201d<\/em> y agreg\u00f3 que <em>\u201cNuestra Casa Matriz est\u00e1 a mil kil\u00f3metros de distancia y vemos fundamental tener un espacio que nos permita mantener un networking m\u00e1s fluido con nuestros socios estrat\u00e9gicos de la plaza.\u201d<\/em> La sucursal estar\u00e1 a cargo de <strong>Eugenio Mangioni,<\/strong> que cuenta con una larga trayectoria en comercializaci\u00f3n de vinos y productos masivos en esta plaza.<\/p>\n\n\n\n<div style=\"height:35px\" aria-hidden=\"true\" class=\"wp-block-spacer\"><\/div>\n\n\n<div class=\"wp-block-image\">\n<figure class=\"aligncenter size-full is-resized\"><a href=\"https:\/\/enolife.com.ar\/es\/wp-content\/uploads\/2025\/08\/WhatsApp-Image-2025-08-22-at-12.52.44.jpeg\" data-rel=\"penci-gallery-image-content\" ><img loading=\"lazy\" decoding=\"async\" width=\"973\" height=\"500\" src=\"https:\/\/enolife.com.ar\/es\/wp-content\/uploads\/2025\/08\/WhatsApp-Image-2025-08-22-at-12.52.44.jpeg\" alt=\"\" class=\"wp-image-162054\" style=\"width:727px;height:auto\" srcset=\"https:\/\/enolife.com.ar\/es\/wp-content\/uploads\/2025\/08\/WhatsApp-Image-2025-08-22-at-12.52.44.jpeg 973w, https:\/\/enolife.com.ar\/es\/wp-content\/uploads\/2025\/08\/WhatsApp-Image-2025-08-22-at-12.52.44-300x154.jpeg 300w, https:\/\/enolife.com.ar\/es\/wp-content\/uploads\/2025\/08\/WhatsApp-Image-2025-08-22-at-12.52.44-768x395.jpeg 768w, https:\/\/enolife.com.ar\/es\/wp-content\/uploads\/2025\/08\/WhatsApp-Image-2025-08-22-at-12.52.44-585x301.jpeg 585w\" sizes=\"auto, (max-width: 973px) 100vw, 973px\" \/><\/a><figcaption class=\"wp-element-caption\"><em><strong>Claudio Medici y Juan \u00c1ngel Rodr\u00edguez, gerente general del Grupo Fecovita<\/strong><\/em><\/figcaption><\/figure><\/div>\n\n\n<div style=\"height:35px\" aria-hidden=\"true\" class=\"wp-block-spacer\"><\/div>\n\n\n\n<p>Sobre la situaci\u00f3n vitivin\u00edcola actual, el presidente de Fecovita manifest\u00f3 que <em>\u201ctuvimos una cosecha r\u00e9cord, nuestros productores integrados han entregado m\u00e1s de 3 millones de quintales de uva al sistema,\u201d<\/em> y se mostr\u00f3 optimista en lo que viene, <em>\u201cvemos que poco a poco el consumo se est\u00e1 reactivando y esperamos que el vino no sea la excepci\u00f3n.\u201d<\/em><\/p>\n\n\n\n<div style=\"height:35px\" aria-hidden=\"true\" class=\"wp-block-spacer\"><\/div>\n\n\n<div class=\"wp-block-image\">\n<figure class=\"aligncenter size-full is-resized\"><a href=\"https:\/\/enolife.com.ar\/es\/wp-content\/uploads\/2025\/08\/WhatsApp-Image-2025-08-22-at-12.52.44-1.jpeg\" data-rel=\"penci-gallery-image-content\" ><img loading=\"lazy\" decoding=\"async\" width=\"884\" height=\"500\" src=\"https:\/\/enolife.com.ar\/es\/wp-content\/uploads\/2025\/08\/WhatsApp-Image-2025-08-22-at-12.52.44-1.jpeg\" alt=\"\" class=\"wp-image-162055\" style=\"width:680px;height:auto\" srcset=\"https:\/\/enolife.com.ar\/es\/wp-content\/uploads\/2025\/08\/WhatsApp-Image-2025-08-22-at-12.52.44-1.jpeg 884w, https:\/\/enolife.com.ar\/es\/wp-content\/uploads\/2025\/08\/WhatsApp-Image-2025-08-22-at-12.52.44-1-300x170.jpeg 300w, https:\/\/enolife.com.ar\/es\/wp-content\/uploads\/2025\/08\/WhatsApp-Image-2025-08-22-at-12.52.44-1-768x434.jpeg 768w, https:\/\/enolife.com.ar\/es\/wp-content\/uploads\/2025\/08\/WhatsApp-Image-2025-08-22-at-12.52.44-1-585x331.jpeg 585w\" sizes=\"auto, (max-width: 884px) 100vw, 884px\" \/><\/a><figcaption class=\"wp-element-caption\"><em><strong>Eugenio Mangoni, gerente de la sucursal Buenos Aires y Daniel Tobares, gerente comercial del grupo.<\/strong><\/em><\/figcaption><\/figure><\/div>\n\n\n<div style=\"height:45px\" aria-hidden=\"true\" class=\"wp-block-spacer\"><\/div>\n\n\n\n<p class=\"has-medium-font-size\"><strong>Sobre Grupo Fecovita<\/strong><\/p>\n\n\n\n<p>Grupo Fecovita es uno de los principales grupos vitivin\u00edcolas a nivel mundial. Nuclea a m\u00e1s de <strong>5.000 productores integrados en 29 cooperativas,<\/strong> que trabajan unas <strong>25.000 hect\u00e1reas de vi\u00f1edos <\/strong>en las zonas vitivin\u00edcolas m\u00e1s apreciadas de Mendoza, generando un futuro sustentable a miles de familias, mediante la inversi\u00f3n genuina, el aporte de la tecnolog\u00eda, la mejora continua de la calidad y la proyecci\u00f3n internacional de sus productos, de la mano de marcas emblem\u00e1ticas.<\/p>\n\n\n\n<p>Da <strong>empleo <\/strong>a m\u00e1s de <strong>1.000 personas en forma directa<\/strong> y <strong>comercializa alrededor del 30% del mercado argentino<\/strong> gracias a su estructura comercial conformada por <strong>11 unidades comerciales<\/strong>, sus m\u00e1s de <strong>1.200 socios estrat\u00e9gicos<\/strong> y una red de distribuci\u00f3n que abastece a todo el pa\u00eds. Adem\u00e1s, cuenta con 2 oficinas en el exterior y <strong>exporta sus productos a m\u00e1s de 40 pa\u00edses.<\/strong><\/p>\n","protected":false},"excerpt":{"rendered":"<p>El 21\/8 el Grupo Fecovita anunci\u00f3 un plan de acci\u00f3n para fortalecer su presencia en&hellip;<\/p>\n","protected":false},"author":2,"featured_media":162052,"comment_status":"closed","ping_status":"open","sticky":false,"template":"","format":"standard","meta":{"footnotes":""},"categories":[57],"tags":[],"class_list":["post-162048","post","type-post","status-publish","format-standard","has-post-thumbnail","hentry","category-empresas"],"_links":{"self":[{"href":"https:\/\/enolife.com.ar\/es\/wp-json\/wp\/v2\/posts\/162048","targetHints":{"allow":["GET"]}}],"collection":[{"href":"https:\/\/enolife.com.ar\/es\/wp-json\/wp\/v2\/posts"}],"about":[{"href":"https:\/\/enolife.com.ar\/es\/wp-json\/wp\/v2\/types\/post"}],"author":[{"embeddable":true,"href":"https:\/\/enolife.com.ar\/es\/wp-json\/wp\/v2\/users\/2"}],"replies":[{"embeddable":true,"href":"https:\/\/enolife.com.ar\/es\/wp-json\/wp\/v2\/comments?post=162048"}],"version-history":[{"count":0,"href":"https:\/\/enolife.com.ar\/es\/wp-json\/wp\/v2\/posts\/162048\/revisions"}],"wp:featuredmedia":[{"embeddable":true,"href":"https:\/\/enolife.com.ar\/es\/wp-json\/wp\/v2\/media\/162052"}],"wp:attachment":[{"href":"https:\/\/enolife.com.ar\/es\/wp-json\/wp\/v2\/media?parent=162048"}],"wp:term":[{"taxonomy":"category","embeddable":true,"href":"https:\/\/enolife.com.ar\/es\/wp-json\/wp\/v2\/categories?post=162048"},{"taxonomy":"post_tag","embeddable":true,"href":"https:\/\/enolife.com.ar\/es\/wp-json\/wp\/v2\/tags?post=162048"}],"curies":[{"name":"wp","href":"https:\/\/api.w.org\/{rel}","templated":true}]}}