{"id":161881,"date":"2025-08-21T19:18:07","date_gmt":"2025-08-21T19:18:07","guid":{"rendered":"https:\/\/enolife.com.ar\/es\/?p=161881"},"modified":"2025-08-22T17:59:16","modified_gmt":"2025-08-22T17:59:16","slug":"salen-a-escena-vinos-de-25-bodegas-de-cuyo-salta-y-cordoba-en-la-feria-carlos-paz-descorcha","status":"publish","type":"post","link":"https:\/\/enolife.com.ar\/es\/salen-a-escena-vinos-de-25-bodegas-de-cuyo-salta-y-cordoba-en-la-feria-carlos-paz-descorcha\/","title":{"rendered":"Salen a escena vinos de 25 bodegas de Cuyo, Salta y C\u00f3rdoba en la feria Carlos Paz Descorcha"},"content":{"rendered":"\n<h4 class=\"wp-block-heading\"><em><strong>Este s\u00e1bado 23 de agosto se realizar\u00e1 la 5\u00aa edici\u00f3n del encuentro Carlos Paz Descorcha en el Hotel El Cid de la ciudad hom\u00f3nima de la provincia de C\u00f3rdoba. Ya confirmaron su participaci\u00f3n 25 bodegas de Mendoza, San Juan, Salta y C\u00f3rdoba, y adem\u00e1s habr\u00e1 un sector de destilados, gastronom\u00eda regional y un sunset al aire libre<\/strong><\/em><strong><em>.<\/em><\/strong><\/h4>\n\n\n\n<div style=\"height:35px\" aria-hidden=\"true\" class=\"wp-block-spacer\"><\/div>\n\n\n\n\n\n<div style=\"height:45px\" aria-hidden=\"true\" class=\"wp-block-spacer\"><\/div>\n\n\n\n<blockquote class=\"wp-block-quote is-layout-flow wp-block-quote-is-layout-flow\">\n<p>La tur\u00edstica ciudad de <strong>Carlos Paz<\/strong>, en la provincia argentina de <strong>C\u00f3rdoba<\/strong>, recibir\u00e1 nuevamente al p\u00fablico amante del vino en una nueva edici\u00f3n de la feria <strong>Carlos Paz Descorcha<\/strong>, encuentro que se ha consolidado como un cl\u00e1sico en este tipo de presentaciones en el Valle de Punilla. La cita ser\u00e1 este <strong>s\u00e1bado 23 de agosto de 2025 desde las 18.30 horas en el Hotel El Cid<\/strong>, con degustaciones de vinos y espumantes, propuestas de cocteler\u00eda, gastronom\u00eda regional y m\u00fasica en vivo.<\/p>\n<\/blockquote>\n\n\n\n<p>En esta 5\u00aa edici\u00f3n, la feria reunir\u00e1 <strong>25 bodegas de distintas regiones del pa\u00eds<\/strong>. Desde Mendoza llegar\u00e1n nombres ic\u00f3nicos como <strong>Trapiche, Piattelli, Alturria Wines, La Celia, Renacer, Antigal, Goyenechea, Cumehue Wines, Don Lalo Wine, Uva Negra Wines, Sin Fin, Ricardo Santos, Familia Morcos, Morcos Wines, Go Bar \/ La Azul, Zingaretti Wines, Famiglia Banno, Bianchi e Ind\u00f3mito Wines<\/strong>.<\/p>\n\n\n\n<p>Tambi\u00e9n estar\u00e1 presente el espacio <strong>Bonarda Argentina<\/strong>, con vinos de <strong>Durigutti Family Winemakers, Montlaiz, Casa Roza y Sangre Italiana<\/strong>, junto a la propuesta institucional de <strong>Caminos del Vino de Bodegas de Argentina<\/strong>, que impulsa el enoturismo y el consumo responsable de vino argentino.<\/p>\n\n\n\n<div style=\"height:35px\" aria-hidden=\"true\" class=\"wp-block-spacer\"><\/div>\n\n\n<div class=\"wp-block-image\">\n<figure class=\"aligncenter is-resized\"><a href=\"https:\/\/eldescorchediario.com\/carlos-paz-descorcha-despidio-el-ano-junto-a-25-bodegas-y-ya-tiene-fecha-para-2023\/carlos-paz-descorcha-19-11-50\/\"><img decoding=\"async\" src=\"https:\/\/eldescorchediario.com\/wp-content\/uploads\/2022\/11\/Carlos-Paz-Descorcha-19-11-50.jpg\" alt=\"\" class=\"wp-image-20269\" style=\"width:578px;height:auto\"\/><\/a><figcaption class=\"wp-element-caption\"><em><strong>Los destilados y la cocteler\u00eda tendr\u00e1n este a\u00f1o un destacado lugar en la feria<\/strong><\/em><strong><em>.<\/em><\/strong><\/figcaption><\/figure><\/div>\n\n\n<div style=\"height:35px\" aria-hidden=\"true\" class=\"wp-block-spacer\"><\/div>\n\n\n\n<p>La feria suma adem\u00e1s un <strong>sector de destilados y cocteler\u00eda<\/strong>, con la participaci\u00f3n de <strong>La Isabelina Gin, Capic\u00faa Gin <\/strong>y<strong> Forajido Gin<\/strong>, que presentar\u00e1n cocteler\u00eda de autor en un ambiente joven y din\u00e1mico. A esto se suma un espacio sunset al aire libre en los jardines del Hotel El Cid, ideal para disfrutar m\u00fasica, barras y relax en pleno invierno serrano.<\/p>\n\n\n\n<div style=\"height:35px\" aria-hidden=\"true\" class=\"wp-block-spacer\"><\/div>\n\n\n\n<p><strong>Gastronom\u00eda incluida<\/strong><\/p>\n\n\n\n<p>La entrada incluye una <strong>propuesta gastron\u00f3mica en dos pasos<\/strong>, con opci\u00f3n cl\u00e1sica -d\u00fao de empanadas cordobesas de carne y s\u00e1ndwich de ternera braseada con topping a elecci\u00f3n- o vegetariana -tart\u00edn de choclo y queso m\u00e1s empanadas de verdura.<\/p>\n\n\n\n<p>Organizada por el periodista de vinos <strong>Gustavo Flores Baz\u00e1n<\/strong> junto al anfitri\u00f3n local <strong>Rodrigo Serna<\/strong>, y con el apoyo del Hotel El Cid, Carlos Paz Descorcha no s\u00f3lo busca promover el vino argentino, sino tambi\u00e9n impulsar el desarrollo comercial y tur\u00edstico de la regi\u00f3n, conectando a productores, distribuidores, sommeliers, gastron\u00f3micos, turistas y consumidores.<\/p>\n\n\n\n<p>En l\u00ednea con su compromiso, el evento cuenta con el auspicio del programa internacional <strong>Wine in Moderation<\/strong>, promovido por <strong>Bodegas de Argentina,<\/strong> reafirmando la importancia del consumo responsable.<\/p>\n\n\n\n<div style=\"height:25px\" aria-hidden=\"true\" class=\"wp-block-spacer\"><\/div>\n\n\n\n<p class=\"has-background\" style=\"background-color:#abb7c254\">Las entradas ya est\u00e1n disponibles en el <strong>Hotel El Cid (Hip\u00f3lito Yrigoyen 250, Villa Carlos Paz)<\/strong> y tambi\u00e9n en <strong>Entradaweb<\/strong> en el siguiente enlace:&nbsp;<strong><a href=\"https:\/\/www.entradaweb.com.ar\/evento\/729324fa\/step\/1\" target=\"_blank\" rel=\"noreferrer noopener\">Carlos Paz Descorcha &#8211; 5ta edici\u00f3n.<\/a><\/strong><\/p>\n\n\n\n<div style=\"height:32px\" aria-hidden=\"true\" class=\"wp-block-spacer\"><\/div>\n\n\n\n<p><\/p>\n","protected":false},"excerpt":{"rendered":"<p>Este s\u00e1bado 23 de agosto se realizar\u00e1 la 5\u00aa edici\u00f3n del encuentro Carlos Paz Descorcha&hellip;<\/p>\n","protected":false},"author":2,"featured_media":161917,"comment_status":"closed","ping_status":"open","sticky":false,"template":"","format":"standard","meta":{"footnotes":""},"categories":[47],"tags":[],"class_list":["post-161881","post","type-post","status-publish","format-standard","has-post-thumbnail","hentry","category-agenda"],"_links":{"self":[{"href":"https:\/\/enolife.com.ar\/es\/wp-json\/wp\/v2\/posts\/161881","targetHints":{"allow":["GET"]}}],"collection":[{"href":"https:\/\/enolife.com.ar\/es\/wp-json\/wp\/v2\/posts"}],"about":[{"href":"https:\/\/enolife.com.ar\/es\/wp-json\/wp\/v2\/types\/post"}],"author":[{"embeddable":true,"href":"https:\/\/enolife.com.ar\/es\/wp-json\/wp\/v2\/users\/2"}],"replies":[{"embeddable":true,"href":"https:\/\/enolife.com.ar\/es\/wp-json\/wp\/v2\/comments?post=161881"}],"version-history":[{"count":0,"href":"https:\/\/enolife.com.ar\/es\/wp-json\/wp\/v2\/posts\/161881\/revisions"}],"wp:featuredmedia":[{"embeddable":true,"href":"https:\/\/enolife.com.ar\/es\/wp-json\/wp\/v2\/media\/161917"}],"wp:attachment":[{"href":"https:\/\/enolife.com.ar\/es\/wp-json\/wp\/v2\/media?parent=161881"}],"wp:term":[{"taxonomy":"category","embeddable":true,"href":"https:\/\/enolife.com.ar\/es\/wp-json\/wp\/v2\/categories?post=161881"},{"taxonomy":"post_tag","embeddable":true,"href":"https:\/\/enolife.com.ar\/es\/wp-json\/wp\/v2\/tags?post=161881"}],"curies":[{"name":"wp","href":"https:\/\/api.w.org\/{rel}","templated":true}]}}