{"id":16183,"date":"2020-07-10T20:10:33","date_gmt":"2020-07-10T20:10:33","guid":{"rendered":"http:\/\/enolife.com.ar\/es\/?p=16183"},"modified":"2020-07-15T20:21:59","modified_gmt":"2020-07-15T20:21:59","slug":"el-banco-para-depositar-vino-a-cambio-de-un-interes-y-regular-el-stock-cerca-de-concretarse","status":"publish","type":"post","link":"https:\/\/enolife.com.ar\/es\/el-banco-para-depositar-vino-a-cambio-de-un-interes-y-regular-el-stock-cerca-de-concretarse\/","title":{"rendered":"El Banco para \u00abdepositar\u00bb vino a cambio de un inter\u00e9s y regular el stock, cerca de concretarse"},"content":{"rendered":"\n<h4 class=\"wp-block-heading\"><em><strong>El gobernador Rodolfo Su\u00e1rez anunci\u00f3 hoy 10\/7 el env\u00edo a la Legislatura mendocina del proyecto de Ley para la creaci\u00f3n de un Banco de Vinos. La idea es constituir un fondo -en principio en Mendoza y luego con el aporte de las provincias productoras y la Naci\u00f3n- que permita pagar r\u00e9ditos a quienes, en forma voluntaria, vuelquen sus excedentes de vino al Banco. Seg\u00fan explica  el gobierno, se trata de \u00abun instrumento de pol\u00edtica p\u00fablica que permitir\u00e1 mayor estabilidad, sostenibilidad y previsibilidad a la industria vitivin\u00edcola y a toda su cadena de valor\u00bb. La Corporaci\u00f3n Vitivin\u00edcola Argentina (Coviar) ya manifest\u00f3 su apoyo al proyecto.<\/strong><\/em><\/h4>\n\n\n\n<div style=\"height:20px\" aria-hidden=\"true\" class=\"wp-block-spacer\"><\/div>\n\n\n\n<p>Los primeros detalles del proyecto se conocieron a principios de este a\u00f1o. Luego, el ministro de Econom\u00eda y Energ\u00eda de Mendoza, <strong>Enrique Vaqui\u00e9<\/strong>, se reuni\u00f3 con su par sanjuanino, <strong>Andr\u00e9s D\u00edaz Cano<\/strong>, para avanzar en la incorporaci\u00f3n de San Juan en la estabilizaci\u00f3n de stock en temporadas de baja cosecha. <\/p>\n\n\n\n<p>La idea tom\u00f3 cuerpo cuando el gobernador <strong>Rodolfo Su\u00e1rez<\/strong> lo anunciara el pasado 1\u00ba de Mayo en su discurso para la apertura de las sesiones ordinarias legislativas. En ese marco, la m\u00e1xima autoridad mendocina resaltaba: \u201c<em>Buscaremos estabilizar los stocks, ser\u00e1 una herramienta financiera que termine con las recurrentes crisis vitivin\u00edcolas que llevan a nuestra industria a sufrir problemas, no s\u00f3lo por la macroeconom\u00eda, sino por la estructura propia de la cadena<\/em>\u201d.<\/p>\n\n\n\n<div style=\"height:20px\" aria-hidden=\"true\" class=\"wp-block-spacer\"><\/div>\n\n\n\n<blockquote class=\"wp-block-quote is-layout-flow wp-block-quote-is-layout-flow\"><p>Ser\u00e1 una herramienta financiera que termine con las recurrentes crisis vitivin\u00edcolas\u00bb<\/p><cite>Rodolfo \u00abRody\u00bb Su\u00e1rez, gobernador de Mendoza<\/cite><\/blockquote>\n\n\n\n<div style=\"height:20px\" aria-hidden=\"true\" class=\"wp-block-spacer\"><\/div>\n\n\n\n<p>Finalmente, esta semana, en el marco del lanzamiento del programa \u201cMendoza Activa\u201d, realizado por el mandatario provincial, junto al vicegobernador <strong>Mario Abed<\/strong>, Enrique Vaqui\u00e9 y <strong>Mariana Juri<\/strong>, ministra de Turismo y Cultura, se remiti\u00f3 el escrito a la Casa de las Leyes para su evaluaci\u00f3n.<\/p>\n\n\n\n<p>La idea es que, frente a las oscilaciones a\u00f1o a a\u00f1o en los vol\u00famenes de cosecha, y al consiguiente vaiv\u00e9n de los precios seg\u00fan si hay mucho o poco vino en el mercado, los productores tengan la opci\u00f3n de vender el vino -si el precio es rentable- o depositarlo en el banco en lugar de malvenderlo -si el precio es bajo. <\/p>\n\n\n\n<div style=\"height:20px\" aria-hidden=\"true\" class=\"wp-block-spacer\"><\/div>\n\n\n\n<p class=\"has-medium-font-size\"><strong>\u00abServir\u00e1 para inyectar vino cuando falte y sacar cuando sobre\u00bb<\/strong><\/p>\n\n\n\n<div style=\"height:20px\" aria-hidden=\"true\" class=\"wp-block-spacer\"><\/div>\n\n\n\n<div class=\"wp-block-image\"><figure class=\"alignleft is-resized\"><img loading=\"lazy\" decoding=\"async\" src=\"https:\/\/i1.sndcdn.com\/artworks-000530589558-1bsof8-t500x500.jpg\" alt=\"Sin Verso - Sergio Moralejo (06\/05\/2019) by Radio Andina on ...\" width=\"235\" height=\"235\"\/><figcaption><strong>Sergio Moralejo<\/strong><\/figcaption><\/figure><\/div>\n\n\n\n<p>El subsecretario de&nbsp;Agricultura&nbsp;y Ganader\u00eda de Mendoza, <strong>Sergio Moralejo<\/strong>, as\u00ed explic\u00f3 la propuesta de ley del Ejecutivo:&nbsp;\u201c<em>El proyecto tiene por objetivo implementar un sistema de estabilizaci\u00f3n que permita la acumulaci\u00f3n de vino que est\u00e9 por sobre el stock t\u00e9cnico en los a\u00f1os de buena producci\u00f3n. Este vino podr\u00e1 ser utilizado en las temporadas de baja cosecha. Adem\u00e1s, la iniciativa prev\u00e9 fijar una tasa de inter\u00e9s por autobloqueo atado al precio; es decir, cae si el valor aumenta<\/em>\u201d.<\/p>\n\n\n\n<blockquote class=\"wp-block-quote is-layout-flow wp-block-quote-is-layout-flow\"><p>La iniciativa prev\u00e9 fijar una tasa de inter\u00e9s por autobloqueo, atada al precio; es decir, esa tas cae si el valor aumenta\u00bb.<\/p><cite>Sergio Moralejo, subsecretario de Agricultura y Ganader\u00eda de Mendoza<\/cite><\/blockquote>\n\n\n\n<p>\u201c<em>Contar un stock t\u00e9cnico de entre 4 y 5 meses de despacho, funcionar\u00e1 tanto para el productor como para la industria. Todo aquello que est\u00e9 por sobre esa cantidad de meses de despacho, servir\u00e1 para inyectar vino cuando falte y sacar cuando sobre. Hasta ahora nunca se ha puesto en pr\u00e1ctica, todo lo dem\u00e1s ha fracasado<\/em>\u201d, a\u00f1adi\u00f3 el funcionario.<\/p>\n\n\n\n<p>Por \u00faltimo, Moralejo coment\u00f3 que si la provincia no contara con un stock v\u00ednico para atender los propios compromisos ya firmados, eso le significar\u00eda salir a importar vinos para atender el mercado interno y exportar el producto propio. De esta manera se aplasta el precio del productor primario. \u201c<em>Hay sectores que entienden que es una muy buena opci\u00f3n para eliminar esas asimetr\u00edas<\/em>\u201d, cerr\u00f3.<\/p>\n\n\n\n<div style=\"height:20px\" aria-hidden=\"true\" class=\"wp-block-spacer\"><\/div>\n\n\n\n<p class=\"has-medium-font-size\"><strong>\u00abEs necesaria una pol\u00edtica de financiamiento de los stocks\u00bb<\/strong><\/p>\n\n\n\n<div style=\"height:20px\" aria-hidden=\"true\" class=\"wp-block-spacer\"><\/div>\n\n\n\n<div class=\"wp-block-image\"><figure class=\"alignleft is-resized\"><img loading=\"lazy\" decoding=\"async\" src=\"https:\/\/lh3.googleusercontent.com\/proxy\/vOfyPrWkcKsTFDeKMbO4bxhGfYofAmhd9VOBP4vu64zwo5Q1Fi2HOblhPD8VMrWW0kjzE1xkYdegzVtRRo-DaMktskL316kTi87EC6oS7eTysdbS6bnWGJiZJqhdX2YK_A\" alt=\"Jos\u00e9 Zuccardi: \u00abCon los vinos, Argentina es un jugador a nivel ...\" width=\"200\" height=\"210\"\/><figcaption><strong>Jos\u00e9 Zuccardi<\/strong><\/figcaption><\/figure><\/div>\n\n\n\n<p>Ya en marzo pasado, en ocasi\u00f3n del Desayuno de la Corporaci\u00f3n Vitivin\u00edcola Argentina (Coviar) en el Hotel Hyatt de Mendoza, el reci\u00e9n asumido titular de la entidad, <strong>Jos\u00e9 Zuccardi<\/strong>, mostraba su aprobaci\u00f3n al proyecto impulsado por el Gobierno de Mendoza: <em>\u201cPara no pasar nuevamente, y sin escalas, de la importaci\u00f3n de vinos a la crisis de excedente es necesaria una pol\u00edtica de financiamiento de los stocks\u201d.<\/em><\/p>\n\n\n\n<blockquote class=\"wp-block-quote is-layout-flow wp-block-quote-is-layout-flow\"><p>Esperar para vender cuando los precios son bajos supone pedir pr\u00e9stamos bancarios muy por encima de la tasa de referencia\u00bb.<\/p><cite>Jos\u00e9 \u00abPepe\u00bb Zuccardi, presidente de la Coviar<\/cite><\/blockquote>\n\n\n\n<p>Zuccardi, tambi\u00e9n bodeguero titular de la Bodega Familia Zuccardi, fundamentaba su apoyo en el hecho de que, como la cosecha es anual,&nbsp;la venta de la producci\u00f3n es la \u00fanica v\u00eda con la que cuentan los productores para hacerse de la liquidez necesaria, pagar sus cuentas y solventar la siguiente cosecha.&nbsp;\u00ab<em>Esperar para vender cuando los precios son bajos supone pedir pr\u00e9stamos bancarios muy por encima de la tasa de referencia, con lo cual, los productores a veces se ven obligados a vender o vender con tal de hacerse de liquidez<\/em>\u00ab. <\/p>\n\n\n\n<div style=\"height:20px\" aria-hidden=\"true\" class=\"wp-block-spacer\"><\/div>\n\n\n\n<p class=\"has-medium-font-size\"><strong>El proyecto de ley<\/strong><\/p>\n\n\n\n<p>\u201c<em>Cr\u00e9ase el Banco de Vinos de la Provincia de Mendoza en el \u00e1mbito del Ministerio de Econom\u00eda y Energ\u00eda de la Provincia, con el objetivo de estabilizar los ciclos de precios del mercado de traslado de los productos vitivin\u00edcolas y lograr una justa distribuci\u00f3n de la renta vitivin\u00edcola entre todos los eslabones de la cadena productiva<\/em>\u201d, se\u00f1ala el art\u00edculo 1\u00ba del proyecto compuesto de 11 puntos m\u00e1s.<\/p>\n\n\n\n<p>El documento resalta que los fondos y los bienes ser\u00e1n propiedad del Fideicomiso de Administraci\u00f3n y Asistencia Financiera Vitivin\u00edcola cuyo administrador ser\u00e1 Mendoza Fiduciaria mientras que el Gobierno Nacional, los municipios, entidades privadas o mixtas que representan el sector podr\u00e1n realizar aportes que ser\u00e1n destinados a cumplir con el objetivo principal del Banco de Vinos.<\/p>\n\n\n\n<p>Sobre quienes conformar\u00e1n dicho espacio, el documento aclara en su art\u00edculo 4\u00ba que el Banco de Vinos estar\u00e1 administrado por un director ejecutivo, designado por el Ministro de Econom\u00eda y Energ\u00eda de Mendoza, quien no deber\u00e1 ejercer actividades privadas relacionadas con el vino y dem\u00e1s productos vitivin\u00edcolas, sean estas productivas, industriales o comerciales.<\/p>\n\n\n\n<div style=\"height:20px\" aria-hidden=\"true\" class=\"wp-block-spacer\"><\/div>\n\n\n\n<p class=\"has-background has-very-light-gray-background-color\">Quien sea designado al frente de la instituci\u00f3n, deber\u00e1 hacer cumplir la ley, sus normas reglamentarias y todas las resoluciones que emanen de autoridad competente. Adem\u00e1s, deber\u00e1 informar al Consejo Asesor, en forma trimestral, el Programa de Control de Stocks V\u00ednicos con la meta de que el acumulado (incluyendo los vinos de guarda) se mantenga entre los 4 y los 5 meses de comercializaci\u00f3n (despachos al consumo interno m\u00e1s exportaciones), estimado a la fecha de la pr\u00f3xima liberaci\u00f3n de vinos nuevos.<\/p>\n\n\n\n<div style=\"height:20px\" aria-hidden=\"true\" class=\"wp-block-spacer\"><\/div>\n\n\n\n<p>Por otro lado, ser\u00e1 deber del director, entre otros puntos de inter\u00e9s, representar al gobierno provincial ante el Fondo Vitivin\u00edcola Mendoza, coordinar con la Direcci\u00f3n de Fiscalizaci\u00f3n y Control el seguimiento de la industria vitivin\u00edcola, coordinar con el Instituto Nacional de Vitivinicultura, pol\u00edticas y acciones de control volum\u00e9trico y de calidad de la industria y proponer la tasa de inter\u00e9s que funcionar\u00e1 como est\u00edmulo para el auto bloqueo u otros sistemas, de acuerdo a la realidad financiera de la provincia.<\/p>\n\n\n\n<p>Esta nueva entidad contar\u00e1 con la representaci\u00f3n de 3 referentes de la producci\u00f3n primaria, 1 por parte de bodegas trasladistas, 1 representante de la industria fraccionadora, y 1 por las cooperativas vitivin\u00edcolas, quienes deber\u00e1n dictar su propio reglamento interno y asesorar al director ejecutivo sobre el Programa de Control de Stocks V\u00ednicos y todas las materias previstas en la ley.<\/p>\n\n\n\n<div style=\"height:20px\" aria-hidden=\"true\" class=\"wp-block-spacer\"><\/div>\n\n\n\n<p class=\"has-small-font-size\"><em><strong>Fuentes: Gobierno de Mendoza e Infobae Econ\u00f3mico<\/strong><\/em><\/p>\n","protected":false},"excerpt":{"rendered":"<p>El gobernador Rodolfo Su\u00e1rez anunci\u00f3 hoy 10\/7 el env\u00edo a la Legislatura mendocina del proyecto&hellip;<\/p>\n","protected":false},"author":3,"featured_media":16221,"comment_status":"open","ping_status":"open","sticky":false,"template":"","format":"standard","meta":{"footnotes":""},"categories":[14],"tags":[],"class_list":["post-16183","post","type-post","status-publish","format-standard","has-post-thumbnail","hentry","category-news"],"_links":{"self":[{"href":"https:\/\/enolife.com.ar\/es\/wp-json\/wp\/v2\/posts\/16183","targetHints":{"allow":["GET"]}}],"collection":[{"href":"https:\/\/enolife.com.ar\/es\/wp-json\/wp\/v2\/posts"}],"about":[{"href":"https:\/\/enolife.com.ar\/es\/wp-json\/wp\/v2\/types\/post"}],"author":[{"embeddable":true,"href":"https:\/\/enolife.com.ar\/es\/wp-json\/wp\/v2\/users\/3"}],"replies":[{"embeddable":true,"href":"https:\/\/enolife.com.ar\/es\/wp-json\/wp\/v2\/comments?post=16183"}],"version-history":[{"count":0,"href":"https:\/\/enolife.com.ar\/es\/wp-json\/wp\/v2\/posts\/16183\/revisions"}],"wp:featuredmedia":[{"embeddable":true,"href":"https:\/\/enolife.com.ar\/es\/wp-json\/wp\/v2\/media\/16221"}],"wp:attachment":[{"href":"https:\/\/enolife.com.ar\/es\/wp-json\/wp\/v2\/media?parent=16183"}],"wp:term":[{"taxonomy":"category","embeddable":true,"href":"https:\/\/enolife.com.ar\/es\/wp-json\/wp\/v2\/categories?post=16183"},{"taxonomy":"post_tag","embeddable":true,"href":"https:\/\/enolife.com.ar\/es\/wp-json\/wp\/v2\/tags?post=16183"}],"curies":[{"name":"wp","href":"https:\/\/api.w.org\/{rel}","templated":true}]}}