{"id":161740,"date":"2025-08-20T18:38:11","date_gmt":"2025-08-20T18:38:11","guid":{"rendered":"https:\/\/enolife.com.ar\/es\/?p=161740"},"modified":"2025-08-22T11:14:44","modified_gmt":"2025-08-22T11:14:44","slug":"los-incendios-forestales-arrasan-115-000-hectareas-en-espana-y-devastan-vinedos-centenarios","status":"publish","type":"post","link":"https:\/\/enolife.com.ar\/es\/los-incendios-forestales-arrasan-115-000-hectareas-en-espana-y-devastan-vinedos-centenarios\/","title":{"rendered":"Los incendios forestales arrasan 115.000 hect\u00e1reas en Espa\u00f1a y devastan vi\u00f1edos centenarios"},"content":{"rendered":"\n<h4 class=\"wp-block-heading\"><em><strong>Temperaturas de m\u00e1s de 40\u00b0 C y una prolongada sequ\u00eda han contribuido a generar incendios en vastas zonas de cultivo de varias regiones de Espa\u00f1a. A pocos d\u00edas del inicio de la cosecha, los productores temen que las vi\u00f1as que no hayan sido consumidas por el fuego padezcan contaminaci\u00f3n por humo y da\u00f1os por el excesivo calor, lo que no s\u00f3lo disminuir\u00e1 la vendimia actual sino que mermar\u00e1 las uvas en la pr\u00f3xima temporada.<\/strong><\/em><\/h4>\n\n\n\n<div style=\"height:35px\" aria-hidden=\"true\" class=\"wp-block-spacer\"><\/div>\n\n\n\n\n\n<div style=\"height:45px\" aria-hidden=\"true\" class=\"wp-block-spacer\"><\/div>\n\n\n\n<p><strong>Espa\u00f1a<\/strong> vive una de las temporadas de incendios forestales m\u00e1s devastadoras desde que hay registros, con unas <strong>115.000 hect\u00e1reas calcinadas <\/strong>y un impacto sin precedentes en el <strong>sector vitivin\u00edcola nacional. <\/strong>Las olas de calor prolongadas, con temperaturas que han superado los <strong>40 \u00b0C<\/strong>, y la sequ\u00eda extrema han convertido amplias zonas del territorio en un polvor\u00edn que ha destruido el entorno natural de numerosas regiones, incluyendo cultivos y vi\u00f1as.<\/p>\n\n\n\n<p>Por estos d\u00edas, la regi\u00f3n de Galicia encabeza la lista de comunidades afectadas, con aproximadamente <strong>50.000 hect\u00e1reas quemadas<\/strong>, seguida de <strong>Castilla y Le\u00f3n<\/strong>, <strong>Extremadura<\/strong>, <strong>Catalu\u00f1a<\/strong> y <strong>Andaluc\u00eda.<\/strong> Los vi\u00f1edos, que tradicionalmente act\u00faan como cortafuegos naturales cuando se mantienen adecuadamente, han perdido en muchos casos esta capacidad protectora debido al abandono rural y la acumulaci\u00f3n de vegetaci\u00f3n seca entre las parcelas. En otros muchos casos, las vi\u00f1as s\u00ed han actuado como cortafuegos a costa de sufrir da\u00f1os por el fuego que pueden ser irreparables.<\/p>\n\n\n\n<div style=\"height:35px\" aria-hidden=\"true\" class=\"wp-block-spacer\"><\/div>\n\n\n\n<p class=\"has-medium-font-size\"><strong>Monterrei y Valdeorras, en el epicentro de la tragedia<\/strong><\/p>\n\n\n\n<p>En un primer an\u00e1lisis, las denominaciones de origen gallegas de <strong>Monterrei <\/strong>y <strong>Valdeorras<\/strong> han sufrido los da\u00f1os m\u00e1s severos. En Monterrei, que abarca municipios como <strong>O\u00edmbra, Laza y Ver\u00edn<\/strong>, aproximadamente <strong>25.000 hect\u00e1reas<\/strong> han sido pasto de las llamas, con cientos de hect\u00e1reas de vi\u00f1edos directamente afectadas. El fuego de <strong>Chandrexa<\/strong>, que ha arrasado<strong> m\u00e1s de 17.500 hect\u00e1reas<\/strong>, se considera uno de los mayores en la historia de Galicia.<\/p>\n\n\n\n<div style=\"height:35px\" aria-hidden=\"true\" class=\"wp-block-spacer\"><\/div>\n\n\n<div class=\"wp-block-image\">\n<figure class=\"aligncenter size-full is-resized\"><a href=\"https:\/\/enolife.com.ar\/es\/wp-content\/uploads\/2025\/08\/644256bfaa0cf.r_d.654-651-9569.jpeg\" data-rel=\"penci-gallery-image-content\" ><img loading=\"lazy\" decoding=\"async\" width=\"891\" height=\"500\" src=\"https:\/\/enolife.com.ar\/es\/wp-content\/uploads\/2025\/08\/644256bfaa0cf.r_d.654-651-9569.jpeg\" alt=\"\" class=\"wp-image-161752\" style=\"width:624px;height:auto\" srcset=\"https:\/\/enolife.com.ar\/es\/wp-content\/uploads\/2025\/08\/644256bfaa0cf.r_d.654-651-9569.jpeg 891w, https:\/\/enolife.com.ar\/es\/wp-content\/uploads\/2025\/08\/644256bfaa0cf.r_d.654-651-9569-300x168.jpeg 300w, https:\/\/enolife.com.ar\/es\/wp-content\/uploads\/2025\/08\/644256bfaa0cf.r_d.654-651-9569-768x431.jpeg 768w, https:\/\/enolife.com.ar\/es\/wp-content\/uploads\/2025\/08\/644256bfaa0cf.r_d.654-651-9569-585x328.jpeg 585w\" sizes=\"auto, (max-width: 891px) 100vw, 891px\" \/><\/a><\/figure><\/div>\n\n\n<div style=\"height:35px\" aria-hidden=\"true\" class=\"wp-block-spacer\"><\/div>\n\n\n\n<p>Tal y como recoge el diario El Pa\u00eds, <strong>Ernesto Rodr\u00edguez<\/strong>, propietario de las bodegas <strong>Father 1943 <\/strong>y <strong>Crego e Monaguillo<\/strong>, que compra uvas a 130 peque\u00f1os productores, describe la devastaci\u00f3n con crudeza:<em> \u201cHe visto vi\u00f1edos completamente arrasados. No es que arda en s\u00ed la cepa, pero el calor lo devora todo: quema las hojas, la vegetaci\u00f3n, y la uva se muere. Lo que m\u00e1s me duele son mis viticultores, ver a gente que apuesta por el rural\u2026 y verla llorar como ni\u00f1os, es duro de verdad\u201d<\/em>. <\/p>\n\n\n\n<p>Por su parte, <strong>Manuel V\u00e1zquez,<\/strong> presidente de la D. O. Monterrei, reconoce la impotencia ante la magnitud del desastre: <em>\u201cEs imposible atajarlo con estas condiciones\u201d.<\/em><\/p>\n\n\n\n<div style=\"height:35px\" aria-hidden=\"true\" class=\"wp-block-spacer\"><\/div>\n\n\n\n<p class=\"has-medium-font-size\"><strong>Castilla y Le\u00f3n pierde miles de hect\u00e1reas agr\u00edcolas<\/strong><\/p>\n\n\n\n<p>En Castilla y Le\u00f3n, con m\u00e1s de <strong>100.000 hect\u00e1reas quemadas y 26 incendios activos simult\u00e1neamente<\/strong>, las p\u00e9rdidas en el sector vitivin\u00edcola se concentran principalmente en la provincia de Le\u00f3n. Los municipios de Jim\u00e9nez de Jamuz, Quintanilla de Flores y zonas del Bierzo como Carucedo han visto arder sus paisajes agr\u00edcolas y vit\u00edcolas.<\/p>\n\n\n\n<p>Seg\u00fan recoge Euronews, <strong>Paula Alonso<\/strong>, de la bodega Fuentes del Silencio, en Herreros del Jamuz, eval\u00faa los da\u00f1os tras salvar por poco sus instalaciones: <em>\u201cTuvimos suerte y el edificio de la bodega no sufri\u00f3 ning\u00fan da\u00f1o\u2026 Lo que estamos todav\u00eda valorando son las parcelas afectadas\u2026 El martes iremos con la en\u00f3loga y cuantificaremos las p\u00e9rdidas\u201d.<\/em> Una primera evaluaci\u00f3n refleja que aproximadamente el 15 % de sus 25 hect\u00e1reas ha resultado da\u00f1ado.<\/p>\n\n\n\n<div style=\"height:35px\" aria-hidden=\"true\" class=\"wp-block-spacer\"><\/div>\n\n\n<div class=\"wp-block-image\">\n<figure class=\"aligncenter size-full is-resized\"><a href=\"https:\/\/enolife.com.ar\/es\/wp-content\/uploads\/2025\/08\/01755253826762.jpg\" data-rel=\"penci-gallery-image-content\" ><img loading=\"lazy\" decoding=\"async\" width=\"844\" height=\"500\" src=\"https:\/\/enolife.com.ar\/es\/wp-content\/uploads\/2025\/08\/01755253826762.jpg\" alt=\"\" class=\"wp-image-161755\" style=\"width:600px;height:auto\" srcset=\"https:\/\/enolife.com.ar\/es\/wp-content\/uploads\/2025\/08\/01755253826762.jpg 844w, https:\/\/enolife.com.ar\/es\/wp-content\/uploads\/2025\/08\/01755253826762-300x178.jpg 300w, https:\/\/enolife.com.ar\/es\/wp-content\/uploads\/2025\/08\/01755253826762-768x455.jpg 768w, https:\/\/enolife.com.ar\/es\/wp-content\/uploads\/2025\/08\/01755253826762-585x347.jpg 585w\" sizes=\"auto, (max-width: 844px) 100vw, 844px\" \/><\/a><\/figure><\/div>\n\n\n<div style=\"height:35px\" aria-hidden=\"true\" class=\"wp-block-spacer\"><\/div>\n\n\n\n<p>En El Bierzo no hay a\u00fan una evaluaci\u00f3n oficial de los da\u00f1os y la amenaza contin\u00faa activa, con un gran incendio que ha asolado ya parajes naturales tan ic\u00f3nicos como las M\u00e9dulas o el Valle del Silencio, y otros de menores dimensiones que amenazan zonas de gran concentraci\u00f3n vit\u00edcola como <strong>Valtuille de Arriba,<\/strong> <strong>Canedo, Quil\u00f3s o San Pedro de Olleros.<\/strong><\/p>\n\n\n\n<p>Por otra parte, el gran incendio de <strong>Orense <\/strong>se ha extendido por una parte significativa del \u00e1rea de plantaci\u00f3n del vi\u00f1edo de <strong>Valdeorras<\/strong> y ha llegado ya a la comarca de El Bierzo, amenazando a poblaciones de gran tradici\u00f3n vit\u00edcola como San Pedro de Trones o Puente de Domingo Fl\u00f3rez.<\/p>\n\n\n\n<div style=\"height:35px\" aria-hidden=\"true\" class=\"wp-block-spacer\"><\/div>\n\n\n\n<p class=\"has-medium-font-size\"><strong>Amenaza para la vendimia inminente<\/strong><\/p>\n\n\n\n<p><strong>Con la vendimia prevista en menos de 15 d\u00edas en algunas zonas<\/strong>, los productores se enfrentan a una doble amenaza. Adem\u00e1s de las p\u00e9rdidas directas por la quema de cepas y la p\u00e9rdida de uvas, los vi\u00f1edos supervivientes corren el riesgo de haber sufrido da\u00f1os directos y contaminaci\u00f3n por humo, una contaminaci\u00f3n que se traslada tambi\u00e9n a los suelos en los que las ra\u00edces de las cepas encuentran sus nutrientes.<\/p>\n\n\n\n<div style=\"height:35px\" aria-hidden=\"true\" class=\"wp-block-spacer\"><\/div>\n\n\n<div class=\"wp-block-image\">\n<figure class=\"aligncenter size-full\"><a href=\"https:\/\/enolife.com.ar\/es\/wp-content\/uploads\/2025\/08\/vinedos_incendio.jpg\" data-rel=\"penci-gallery-image-content\" ><img loading=\"lazy\" decoding=\"async\" width=\"592\" height=\"381\" src=\"https:\/\/enolife.com.ar\/es\/wp-content\/uploads\/2025\/08\/vinedos_incendio.jpg\" alt=\"\" class=\"wp-image-161751\" srcset=\"https:\/\/enolife.com.ar\/es\/wp-content\/uploads\/2025\/08\/vinedos_incendio.jpg 592w, https:\/\/enolife.com.ar\/es\/wp-content\/uploads\/2025\/08\/vinedos_incendio-300x193.jpg 300w, https:\/\/enolife.com.ar\/es\/wp-content\/uploads\/2025\/08\/vinedos_incendio-585x376.jpg 585w\" sizes=\"auto, (max-width: 592px) 100vw, 592px\" \/><\/a><\/figure><\/div>\n\n\n<div style=\"height:35px\" aria-hidden=\"true\" class=\"wp-block-spacer\"><\/div>\n\n\n\n<p>A nivel nacional, el sector del vino ha perdido alrededor de <strong>116.400 hect\u00e1reas de producci\u00f3n debido a da\u00f1os clim\u00e1ticos generales, incluyendo incendios, tormentas y olas de calor. <\/strong>Para los fr\u00edos informes de los analistas, esta reducci\u00f3n dr\u00e1stica de la oferta podr\u00eda elevar significativamente los precios y reducir la disponibilidad de vinos espa\u00f1oles en los mercados internacionales. Pero m\u00e1s all\u00e1 de eso, hay que recordar que los incendios afectan a los productores y se ceban especialmente con los peque\u00f1os viticultores y elaboradores, que ven c\u00f3mo el fuego hace que desaparezca de un plumazo su medio de vida, arrasando con vi\u00f1as que en muchos casos fueron plantadas por sus padres, abuelos o bisabuelos.<\/p>\n\n\n\n<div style=\"height:35px\" aria-hidden=\"true\" class=\"wp-block-spacer\"><\/div>\n\n\n\n<p class=\"has-medium-font-size\"><strong>El abandono rural, factor clave en la propagaci\u00f3n<\/strong><\/p>\n\n\n\n<p>Los expertos se\u00f1alan que la despoblaci\u00f3n rural ha convertido antiguas zonas de vi\u00f1edos en bosques densos y altamente inflamables. Seg\u00fan recoge El Pa\u00eds, <strong>Carlos Fern\u00e1ndez<\/strong>, afectado en Carucedo, describe c\u00f3mo los vecinos han tenido que actuar como bomberos improvisados: <em>\u201cLo apagamos entre un camarero y yo, a patadas y con mangueras. Nadie nos avis\u00f3, pero no \u00edbamos a irnos\u201d.<\/em><\/p>\n\n\n\n<p>En esta misma zona, desde la Asociaci\u00f3n Nim, encargada de recuperar vi\u00f1edo viejo en El Bierzo como manera de frenar la despoblaci\u00f3n rural, reconocen que el fuego ha afectado a alguna de sus vi\u00f1as en la localidad de Paradela, y que fueron los propios j\u00f3venes voluntarios de la vecina Priaranza los que la apagaron sin saber ni siquiera de qui\u00e9n era, lo que demuestra la solidaridad y concienciaci\u00f3n de los habitantes del medio rural en la lucha contra el fuego. De hecho, mientras esto ocurr\u00eda, los propios miembros de Nim empleaban sus sulfatadoras para refrescar las brasas del incendio de Carucedo e impedir que se reprodujera.<\/p>\n\n\n\n<div style=\"height:35px\" aria-hidden=\"true\" class=\"wp-block-spacer\"><\/div>\n\n\n<div class=\"wp-block-image\">\n<figure class=\"aligncenter size-full is-resized\"><a href=\"https:\/\/enolife.com.ar\/es\/wp-content\/uploads\/2025\/08\/Imagen1-20.jpg\" data-rel=\"penci-gallery-image-content\" ><img loading=\"lazy\" decoding=\"async\" width=\"924\" height=\"500\" src=\"https:\/\/enolife.com.ar\/es\/wp-content\/uploads\/2025\/08\/Imagen1-20.jpg\" alt=\"\" class=\"wp-image-161756\" style=\"width:630px;height:auto\" srcset=\"https:\/\/enolife.com.ar\/es\/wp-content\/uploads\/2025\/08\/Imagen1-20.jpg 924w, https:\/\/enolife.com.ar\/es\/wp-content\/uploads\/2025\/08\/Imagen1-20-300x162.jpg 300w, https:\/\/enolife.com.ar\/es\/wp-content\/uploads\/2025\/08\/Imagen1-20-768x416.jpg 768w, https:\/\/enolife.com.ar\/es\/wp-content\/uploads\/2025\/08\/Imagen1-20-585x317.jpg 585w\" sizes=\"auto, (max-width: 924px) 100vw, 924px\" \/><\/a><\/figure><\/div>\n\n\n<div style=\"height:35px\" aria-hidden=\"true\" class=\"wp-block-spacer\"><\/div>\n\n\n\n<p>Cabe recordar que los vi\u00f1edos en producci\u00f3n pueden actuar como barreras cortafuegos, pero el \u00e9xodo rural y los arranques de vi\u00f1as por motivos econ\u00f3micos han eliminado esta protecci\u00f3n natural en muchas zonas.<\/p>\n\n\n\n<div style=\"height:35px\" aria-hidden=\"true\" class=\"wp-block-spacer\"><\/div>\n\n\n\n<p class=\"has-medium-font-size\"><strong>Otras regiones en alerta<\/strong><\/p>\n\n\n\n<p>Otras regiones como <strong>Catalu\u00f1a<\/strong> o la <strong>provincia de \u00c1vila<\/strong> han registrado incendios significativos, como el de Pa\u00fcls, que quem\u00f3 3.300 hect\u00e1reas, principalmente bosques pero con riesgo para antiguas zonas de vi\u00f1edos abandonadas. Extremadura y Andaluc\u00eda mantienen focos activos con evacuaciones, aunque sin reportes espec\u00edficos de da\u00f1os en vi\u00f1edos en regiones como Jerez o Montilla-Moriles.<\/p>\n\n\n\n<p>Las p\u00e9rdidas econ\u00f3micas, a\u00fan en evaluaci\u00f3n, afectar\u00e1n no solo la cosecha inmediata sino tambi\u00e9n la capacidad productiva futura. La destrucci\u00f3n de vi\u00f1edos centenarios representa una p\u00e9rdida patrimonial irreparable, mientras que la erosi\u00f3n del suelo y los cambios en el microclima local podr\u00edan alterar permanentemente las condiciones de cultivo en las zonas afectadas.<\/p>\n\n\n\n<p>Los datos de WWF Espa\u00f1a confirman que, aunque el pa\u00eds ha reducido el n\u00famero total de siniestros forestales, los grandes incendios de m\u00e1s de 500 hect\u00e1reas representan una proporci\u00f3n creciente del total, con consecuencias cada vez m\u00e1s devastadoras para sectores como la viticultura.<\/p>\n\n\n\n<p>Con alrededor de <strong>38 focos a\u00fan activos en todo el territorio nacional,<\/strong> las autoridades y el sector vitivin\u00edcola mantienen la alerta m\u00e1xima mientras eval\u00faan un desastre cuyas dimensiones reales no se conocer\u00e1n hasta que se controlen completamente los incendios.<\/p>\n\n\n\n<div style=\"height:43px\" aria-hidden=\"true\" class=\"wp-block-spacer\"><\/div>\n\n\n\n<p><em><strong>Fuente: https:\/\/nosvamosdevinos.com. Por Josefa Latorre<\/strong><\/em><\/p>\n\n\n\n<div style=\"height:43px\" aria-hidden=\"true\" class=\"wp-block-spacer\"><\/div>\n","protected":false},"excerpt":{"rendered":"<p>Temperaturas de m\u00e1s de 40\u00b0 C y una prolongada sequ\u00eda han contribuido a generar incendios&hellip;<\/p>\n","protected":false},"author":2,"featured_media":161750,"comment_status":"closed","ping_status":"open","sticky":false,"template":"","format":"standard","meta":{"footnotes":""},"categories":[14],"tags":[],"class_list":["post-161740","post","type-post","status-publish","format-standard","has-post-thumbnail","hentry","category-news"],"_links":{"self":[{"href":"https:\/\/enolife.com.ar\/es\/wp-json\/wp\/v2\/posts\/161740","targetHints":{"allow":["GET"]}}],"collection":[{"href":"https:\/\/enolife.com.ar\/es\/wp-json\/wp\/v2\/posts"}],"about":[{"href":"https:\/\/enolife.com.ar\/es\/wp-json\/wp\/v2\/types\/post"}],"author":[{"embeddable":true,"href":"https:\/\/enolife.com.ar\/es\/wp-json\/wp\/v2\/users\/2"}],"replies":[{"embeddable":true,"href":"https:\/\/enolife.com.ar\/es\/wp-json\/wp\/v2\/comments?post=161740"}],"version-history":[{"count":0,"href":"https:\/\/enolife.com.ar\/es\/wp-json\/wp\/v2\/posts\/161740\/revisions"}],"wp:featuredmedia":[{"embeddable":true,"href":"https:\/\/enolife.com.ar\/es\/wp-json\/wp\/v2\/media\/161750"}],"wp:attachment":[{"href":"https:\/\/enolife.com.ar\/es\/wp-json\/wp\/v2\/media?parent=161740"}],"wp:term":[{"taxonomy":"category","embeddable":true,"href":"https:\/\/enolife.com.ar\/es\/wp-json\/wp\/v2\/categories?post=161740"},{"taxonomy":"post_tag","embeddable":true,"href":"https:\/\/enolife.com.ar\/es\/wp-json\/wp\/v2\/tags?post=161740"}],"curies":[{"name":"wp","href":"https:\/\/api.w.org\/{rel}","templated":true}]}}