{"id":161713,"date":"2025-08-19T22:51:36","date_gmt":"2025-08-19T22:51:36","guid":{"rendered":"https:\/\/enolife.com.ar\/es\/?p=161713"},"modified":"2025-08-20T21:19:50","modified_gmt":"2025-08-20T21:19:50","slug":"john-barker-elogio-al-inta-sus-proyectos-de-investigacion-son-importantes-para-el-futuro-del-vino","status":"publish","type":"post","link":"https:\/\/enolife.com.ar\/es\/john-barker-elogio-al-inta-sus-proyectos-de-investigacion-son-importantes-para-el-futuro-del-vino\/","title":{"rendered":"John Barker elogi\u00f3 al INTA: \u00abSus proyectos de investigaci\u00f3n son importantes para el futuro del vino\u00bb"},"content":{"rendered":"\n<h4 class=\"wp-block-heading\"><em><strong>En su reciente visita a la provincia de Mendoza, a comienzos de agosto de 2025, invitado por el Instituto Nacional de Vitivinicultura (INV), el director general de la Organizaci\u00f3n Internacional de la Vi\u00f1a, adem\u00e1s de ofrecer una conferencia en la Enoteca, asisti\u00f3 a la sede Luj\u00e1n del Instituto Nacional de Tecnolog\u00eda Agropecuaria, donde se mostr\u00f3 sorprendido por el alto nivel cient\u00edfico de sus profesionales y ponder\u00f3 la infraestructura de ese organismo.<\/strong><\/em><\/h4>\n\n\n\n<div style=\"height:36px\" aria-hidden=\"true\" class=\"wp-block-spacer\"><\/div>\n\n\n<a href=\"https:\/\/altieri.com.ar\/\" aria-label=\"ALTIERI-1700X500\"><img loading=\"lazy\" decoding=\"async\" src=\"https:\/\/enolife.com.ar\/es\/wp-content\/uploads\/2025\/02\/ALTIERI-1700X500.jpg\" alt=\"\"  srcset=\"https:\/\/enolife.com.ar\/es\/wp-content\/uploads\/2025\/02\/ALTIERI-1700X500.jpg 1700w, https:\/\/enolife.com.ar\/es\/wp-content\/uploads\/2025\/02\/ALTIERI-1700X500-300x88.jpg 300w, https:\/\/enolife.com.ar\/es\/wp-content\/uploads\/2025\/02\/ALTIERI-1700X500-1024x301.jpg 1024w, https:\/\/enolife.com.ar\/es\/wp-content\/uploads\/2025\/02\/ALTIERI-1700X500-768x226.jpg 768w, https:\/\/enolife.com.ar\/es\/wp-content\/uploads\/2025\/02\/ALTIERI-1700X500-1536x452.jpg 1536w, https:\/\/enolife.com.ar\/es\/wp-content\/uploads\/2025\/02\/ALTIERI-1700X500-1170x344.jpg 1170w, https:\/\/enolife.com.ar\/es\/wp-content\/uploads\/2025\/02\/ALTIERI-1700X500-585x172.jpg 585w\" sizes=\"auto, (max-width: 1700px) 100vw, 1700px\" width=\"1700\" height=\"500\"   \/><\/a>\n\n\n<div style=\"height:41px\" aria-hidden=\"true\" class=\"wp-block-spacer\"><\/div>\n\n\n\n<p>El m\u00e1ximo dirigente de la <strong>Organizaci\u00f3n Internacional de la Vid y el Vino (OIV)<\/strong>, con sede en <strong>Francia<\/strong>, el neozeland\u00e9s <strong>John Barker<\/strong>, visit\u00f3 recientemente <strong>Mendoza<\/strong> y otras ciudades de <strong>Argentina<\/strong> invitado por el <strong>Instituto Nacional de Vitivinicultura (INV)<\/strong>. Durante su estad\u00eda en esta provincia, brind\u00f3 una disertaci\u00f3n en la <strong>Enoteca<\/strong> de Mendoza y, entre otras actividades, asisti\u00f3 a la sede Luj\u00e1n de Cuyo del <strong>Instituto Nacional de Tecnolog\u00eda Agropecuaria<\/strong> (INTA), organismo cuyo perfil est\u00e1 ampliamente orientado a la vitivinicultura.<\/p>\n\n\n\n<p>Como parte de esa gira t\u00e9cnica por Argentina, el doctor Barker tuvo un encuentro con autoridades regionales del INTA y con el equipo de investigadores relacionados a temas vitivin\u00edcolas.<\/p>\n\n\n\n<div style=\"height:39px\" aria-hidden=\"true\" class=\"wp-block-spacer\"><\/div>\n\n\n<div class=\"wp-block-image\">\n<figure class=\"aligncenter is-resized\"><img decoding=\"async\" src=\"https:\/\/www.argentina.gob.ar\/sites\/default\/files\/20250812_103537.jpg\" alt=\"\" style=\"width:706px;height:auto\"\/><figcaption class=\"wp-element-caption\"><em><strong>El doctor John Barker (al centro), rodeado por directivos, investigadores y personal del Centro Regional Mendoza-San Juan del INTA<\/strong><\/em><strong><em>.<\/em><\/strong><\/figcaption><\/figure><\/div>\n\n\n<div style=\"height:28px\" aria-hidden=\"true\" class=\"wp-block-spacer\"><\/div>\n\n\n\n<p>Dentro de su itinerario, Barker visit\u00f3 los laboratorios del INV y mantuvo un encuentro con el gobernador de Mendoza, <strong>Alfredo Cornejo.<\/strong><\/p>\n\n\n\n<p>En el INTA, el director regional <strong>Claudio Galmarini <\/strong>hizo una exposici\u00f3n sobre las \u00e1reas de este organismo. Y el coordinador del proyecto regional vitivin\u00edcola, <strong>Jorge P\u00e9rez Pe\u00f1a,<\/strong> habl\u00f3 sobre las l\u00edneas de investigaci\u00f3n que se hacen en el pa\u00eds al respecto. En este sentido, Barker asegur\u00f3 que <em>\u201clas prioridades que ustedes tienen en Argentina, el modo en que ven la vitivinicultura, coinciden en gran parte con las prioridades que tenemos en la OIV\u201d.<\/em><\/p>\n\n\n\n<div style=\"height:31px\" aria-hidden=\"true\" class=\"wp-block-spacer\"><\/div>\n\n\n<div class=\"wp-block-image\">\n<figure class=\"aligncenter is-resized\"><img decoding=\"async\" src=\"https:\/\/www.argentina.gob.ar\/sites\/default\/files\/barker_y_espindola.jpg\" alt=\"\" style=\"width:688px;height:auto\"\/><figcaption class=\"wp-element-caption\"><em><strong>Barker prob\u00f3 los vinos que se hacen en la bodega experimental del INTA Luj\u00e1n de Cuyo<\/strong><\/em><strong><em>.<\/em><\/strong><\/figcaption><\/figure><\/div>\n\n\n<div style=\"height:36px\" aria-hidden=\"true\" class=\"wp-block-spacer\"><\/div>\n\n\n\n<p>Barker pudo conocer diversas tecnolog\u00edas en las instalaciones de INTA y tambi\u00e9n mantener una charla con <strong>Rodrigo Esp\u00edndola<\/strong>, extensionista del INTA que preside la <strong>subcomisi\u00f3n Uva de Mesa y Pasas<\/strong> de la OIV, que incluye pa\u00edses como<strong> Italia, Turqu\u00eda, Espa\u00f1a, Francia, China, Brasil,<\/strong> entre otros.<\/p>\n\n\n\n<p>El director general de la OIV dijo estar <em>\u201cimpresionado al ver la infraestructura con que cuenta Argentina, particularmente en el INTA, y conocer el alto nivel de sus investigaciones. Los proyectos basados en ciencia e investigaci\u00f3n son muy importantes para el futuro del sector del vino.\u201d<\/em><\/p>\n\n\n\n<div style=\"height:37px\" aria-hidden=\"true\" class=\"wp-block-spacer\"><\/div>\n","protected":false},"excerpt":{"rendered":"<p>En su reciente visita a la provincia de Mendoza, a comienzos de agosto de 2025,&hellip;<\/p>\n","protected":false},"author":2,"featured_media":161725,"comment_status":"closed","ping_status":"open","sticky":false,"template":"","format":"standard","meta":{"footnotes":""},"categories":[4],"tags":[],"class_list":["post-161713","post","type-post","status-publish","format-standard","has-post-thumbnail","hentry","category-protagonistas"],"_links":{"self":[{"href":"https:\/\/enolife.com.ar\/es\/wp-json\/wp\/v2\/posts\/161713","targetHints":{"allow":["GET"]}}],"collection":[{"href":"https:\/\/enolife.com.ar\/es\/wp-json\/wp\/v2\/posts"}],"about":[{"href":"https:\/\/enolife.com.ar\/es\/wp-json\/wp\/v2\/types\/post"}],"author":[{"embeddable":true,"href":"https:\/\/enolife.com.ar\/es\/wp-json\/wp\/v2\/users\/2"}],"replies":[{"embeddable":true,"href":"https:\/\/enolife.com.ar\/es\/wp-json\/wp\/v2\/comments?post=161713"}],"version-history":[{"count":0,"href":"https:\/\/enolife.com.ar\/es\/wp-json\/wp\/v2\/posts\/161713\/revisions"}],"wp:featuredmedia":[{"embeddable":true,"href":"https:\/\/enolife.com.ar\/es\/wp-json\/wp\/v2\/media\/161725"}],"wp:attachment":[{"href":"https:\/\/enolife.com.ar\/es\/wp-json\/wp\/v2\/media?parent=161713"}],"wp:term":[{"taxonomy":"category","embeddable":true,"href":"https:\/\/enolife.com.ar\/es\/wp-json\/wp\/v2\/categories?post=161713"},{"taxonomy":"post_tag","embeddable":true,"href":"https:\/\/enolife.com.ar\/es\/wp-json\/wp\/v2\/tags?post=161713"}],"curies":[{"name":"wp","href":"https:\/\/api.w.org\/{rel}","templated":true}]}}