{"id":161683,"date":"2025-08-19T23:10:23","date_gmt":"2025-08-19T23:10:23","guid":{"rendered":"https:\/\/enolife.com.ar\/es\/?p=161683"},"modified":"2025-08-21T13:40:37","modified_gmt":"2025-08-21T13:40:37","slug":"como-se-redujo-la-estructura-del-inv-luego-del-decreto-del-presidente-milei-el-14-8","status":"publish","type":"post","link":"https:\/\/enolife.com.ar\/es\/como-se-redujo-la-estructura-del-inv-luego-del-decreto-del-presidente-milei-el-14-8\/","title":{"rendered":"C\u00f3mo se redujo la estructura del INV luego del decreto del presidente Milei el 14\/8"},"content":{"rendered":"\n<h4 class=\"wp-block-heading\"><em><strong>A partir de la publicaci\u00f3n en el Bolet\u00edn Oficial del <a href=\"https:\/\/www.boletinoficial.gob.ar\/detalleAviso\/primera\/329915\/20250818\" title=\"\">decreto 585\/2025<\/a>, firmado por el ministro de Econom\u00eda&nbsp;Luis Caputo&nbsp;y el presidente&nbsp;Javier Milei, la estructura del Instituto Nacional de Vitivinicultura (INV) pasa de tener 12 direcciones a tener s\u00f3lo 2. La \u00abDirecci\u00f3n de registro y certificaci\u00f3n de vinos y alcoholes\u00bb que debe garantizar est\u00e1ndares internacionales de calidad y reforzar la competitividad de los vinos argentinos en el mercado global, y la \u00abDirecci\u00f3n de fiscalizaci\u00f3n anal\u00edtica, especiales y m\u00e9todos de control\u00bb, orientada a la supervisi\u00f3n de la calidad final de los vinos, alcoholes y subproductos.<\/strong><\/em><\/h4>\n\n\n\n<div style=\"height:35px\" aria-hidden=\"true\" class=\"wp-block-spacer\"><\/div>\n\n\n\n\n\n<div style=\"height:45px\" aria-hidden=\"true\" class=\"wp-block-spacer\"><\/div>\n\n\n\n<p>El <strong>7 de julio de 2025<\/strong>, el gobierno argentino de <strong>Javier Milei <\/strong>modific\u00f3 la <strong>Ley General de Vinos 14.878<\/strong> del a\u00f1o 1959, a trav\u00e9s del <strong>Decreto 462\/2025<\/strong>, dispuso la transformaci\u00f3n del Instituto Nacional de Vitivinicultura (INV) de organismo descentralizado a una unidad organizativa centralizada, dependiente de la <strong>Secretar\u00eda de Agricultura, Ganader\u00eda y Pesca (SagypAGyP)<\/strong> del <strong>Ministerio de Econom\u00eda (ME).<\/strong><\/p>\n\n\n\n<p>Ahora, a partir de la publicaci\u00f3n del <a href=\"https:\/\/www.boletinoficial.gob.ar\/detalleAviso\/primera\/329915\/20250818\" title=\"\"><strong>Decreto 585\/2025 del 14\/8\/2025<\/strong><\/a>, firmado por el presidente Milei y el Ministro de Econom\u00eda <strong>Luis Caputo<\/strong>, se definen los roles y la estructura de la entidad. El decreto suprime\u00a0estructuras de primer y segundo nivel operativo, desaparecen\u00a03 \u00e1reas\u00a0de la estructura actual -Administraci\u00f3n, Asuntos Jur\u00eddicos e Inform\u00e1tica- y pasa de tener 12 \u00e1reas a 2 direcciones.<\/p>\n\n\n\n<div style=\"height:35px\" aria-hidden=\"true\" class=\"wp-block-spacer\"><\/div>\n\n\n\n<p class=\"has-medium-font-size\"><strong>\u00c1reas y funciones<\/strong><\/p>\n\n\n\n<p><strong>Direcci\u00f3n de Registro y Certificaci\u00f3n de Vinos y Alcoholes<\/strong>: Su misi\u00f3n apunta a garantizar est\u00e1ndares internacionales de calidad y reforzar la competitividad de los vinos argentinos en el mercado global.<\/p>\n\n\n\n<p>Tendr\u00e1 a su cargo:<\/p>\n\n\n\n<ul class=\"wp-block-list\">\n<li>El padr\u00f3n de establecimientos<\/li>\n\n\n\n<li>La emisi\u00f3n de certificados oficiales<\/li>\n\n\n\n<li>La actualizaci\u00f3n normativa<\/li>\n\n\n\n<li>La protecci\u00f3n de denominaciones geogr\u00e1ficas argentinas como las Indicaciones de Procedencia (IP), las Indicaciones Geogr\u00e1ficas (IG) y las Denominaciones de Origen Control.<\/li>\n<\/ul>\n\n\n\n<p><strong>Direcci\u00f3n de Fiscalizaci\u00f3n Anal\u00edtica, Especiales y M\u00e9todos de Control<\/strong>: Orientada a la supervisi\u00f3n de la calidad final de los vinos, alcoholes y subproductos.<\/p>\n\n\n\n<ul class=\"wp-block-list\">\n<li>Administrar\u00e1 laboratorios acreditados bajo normas ISO 17025<\/li>\n\n\n\n<li>Validar\u00e1 m\u00e9todos de an\u00e1lisis<\/li>\n\n\n\n<li>Propondr\u00e1 l\u00edmites de composici\u00f3n de los productos<\/li>\n\n\n\n<li>Controlar\u00e1 el cumplimiento de las regulaciones vigentes<\/li>\n\n\n\n<li>Tendr\u00e1 facultades sancionatorias frente a irregularidades<\/li>\n<\/ul>\n\n\n\n<div style=\"height:35px\" aria-hidden=\"true\" class=\"wp-block-spacer\"><\/div>\n\n\n<div class=\"wp-block-image\">\n<figure class=\"aligncenter size-large is-resized\"><a href=\"https:\/\/enolife.com.ar\/es\/wp-content\/uploads\/2025\/08\/Imagen2-14.jpg\" data-rel=\"penci-gallery-image-content\" ><img loading=\"lazy\" decoding=\"async\" width=\"1024\" height=\"646\" src=\"https:\/\/enolife.com.ar\/es\/wp-content\/uploads\/2025\/08\/Imagen2-14-1024x646.jpg\" alt=\"\" class=\"wp-image-161684\" style=\"width:706px;height:auto\" srcset=\"https:\/\/enolife.com.ar\/es\/wp-content\/uploads\/2025\/08\/Imagen2-14-1024x646.jpg 1024w, https:\/\/enolife.com.ar\/es\/wp-content\/uploads\/2025\/08\/Imagen2-14-300x189.jpg 300w, https:\/\/enolife.com.ar\/es\/wp-content\/uploads\/2025\/08\/Imagen2-14-768x485.jpg 768w, https:\/\/enolife.com.ar\/es\/wp-content\/uploads\/2025\/08\/Imagen2-14-585x369.jpg 585w, https:\/\/enolife.com.ar\/es\/wp-content\/uploads\/2025\/08\/Imagen2-14.jpg 1035w\" sizes=\"auto, (max-width: 1024px) 100vw, 1024px\" \/><\/a><\/figure><\/div>\n\n\n<div style=\"height:45px\" aria-hidden=\"true\" class=\"wp-block-spacer\"><\/div>\n\n\n\n<p class=\"has-medium-font-size\"><strong>Reorganizaci\u00f3n interna<\/strong><\/p>\n\n\n\n<p>Se eliminan varias dependencias hist\u00f3ricas, entre ellas:<\/p>\n\n\n\n<ul class=\"wp-block-list\">\n<li>Direcci\u00f3n de estad\u00edsticas p\u00fablicas y relaciones institucionales<\/li>\n\n\n\n<li>Coordinaci\u00f3n de investigaci\u00f3n y desarrollo sustentable<\/li>\n\n\n\n<li>Direcci\u00f3n general t\u00e9cnica administrativa<\/li>\n\n\n\n<li>Direcci\u00f3n de estudios y desarrollo vitivin\u00edcola<\/li>\n<\/ul>\n\n\n\n<p>Asimismo, se disolvieron unidades vinculadas al control, como:<\/p>\n\n\n\n<ul class=\"wp-block-list\">\n<li>Direcci\u00f3n nacional de fiscalizaci\u00f3n<\/li>\n\n\n\n<li>Coordinaci\u00f3n vitivin\u00edcola y de alcoholes<\/li>\n<\/ul>\n\n\n\n<p>\u00c1reas de soporte administrativo como:<\/p>\n\n\n\n<ul class=\"wp-block-list\">\n<li>Coordinaci\u00f3n de recursos humanos<\/li>\n\n\n\n<li>Coordinaci\u00f3n de administraci\u00f3n<\/li>\n<\/ul>\n\n\n\n<p>Con esta reforma, el INV, que hist\u00f3ricamente tuvo autonom\u00eda t\u00e9cnica y administrativa, se integra de lleno a la estructura nacional con un papel m\u00e1s acotado, aunque focalizado en la certificaci\u00f3n y fiscalizaci\u00f3n de la calidad.<\/p>\n\n\n\n<p>La restructuraci\u00f3n, seg\u00fan el gobierno nacional, apunta a garantizar mayor control, actualizaci\u00f3n normativa y resguardo de la identidad de los vinos argentinos frente a los mercados internacionales, al tiempo que redefine las competencias internas y elimina \u00e1reas que hab\u00edan sido parte de la estructura del organismo durante d\u00e9cadas.<\/p>\n\n\n\n<div style=\"height:35px\" aria-hidden=\"true\" class=\"wp-block-spacer\"><\/div>\n\n\n\n<p class=\"has-medium-font-size\"><strong>El nuevo rol del INV<\/strong><\/p>\n\n\n\n<p>Seg\u00fan el <strong>Anexo 7 del decreto<\/strong>, la responsabilidad primaria del INV es asistir a la Secretar\u00eda en la aplicaci\u00f3n de la normativa nacional que regula la actividad vitivin\u00edcola y el control t\u00e9cnico de la producci\u00f3n, industrializaci\u00f3n y comercializaci\u00f3n vitivin\u00edcola conforme a lo establecido en las Leyes Nros. 14.878, 24.566 y 25.163, normas complementarias y modificatorias, garantizando la aptitud para el consumo de<br>los productos.<\/p>\n\n\n\n<p>Tambi\u00e9n debe dirigir los planes de fiscalizaci\u00f3n que incluyan metas anuales e indicadores de gesti\u00f3n de fiscalizaci\u00f3n vitivin\u00edcola y de alcoholes. E intervenir en la elaboraci\u00f3n de normativa espec\u00edfica, en la producci\u00f3n y an\u00e1lisis de informaci\u00f3n sectorial y en la representaci\u00f3n t\u00e9cnica ante organismos nacionales e internacionales vinculados al sector vitivin\u00edcola.<\/p>\n\n\n\n<div style=\"height:35px\" aria-hidden=\"true\" class=\"wp-block-spacer\"><\/div>\n\n\n\n<p class=\"has-medium-font-size\"><strong>Acciones<\/strong><\/p>\n\n\n\n<ul class=\"wp-block-list\">\n<li>Proponer reglamentaciones, mecanismos de control y procedimientos t\u00e9cnicos en materia de fiscalizaci\u00f3n.<\/li>\n\n\n\n<li>Entender en la fijaci\u00f3n de tolerancias y l\u00edmites de componentes en vinos y productos enol\u00f3gicos, de acuerdo a lo establecido por la Ley N\u00b0 14.878.<\/li>\n\n\n\n<li>Intervenir en la fijaci\u00f3n de tolerancias y l\u00edmites de los alcoholes, conforme lo dispuesto por la Ley N\u00b0 24.566.<\/li>\n\n\n\n<li>Planificar y supervisar las acciones de fiscalizaci\u00f3n en la etapa de comercializaci\u00f3n final de los productos vitivin\u00edcolas con el fin de garantizar su aptitud para el consumo y que no hayan sido adulterados ni manipulados en forma indebida.<\/li>\n\n\n\n<li>Promover la implementaci\u00f3n de pol\u00edticas de fiscalizaci\u00f3n, en el \u00faltimo tramo de la cadena de producci\u00f3n o previo a la exportaci\u00f3n, que garanticen la aptitud para el consumo de los productos controlados, articulando con otras \u00e1reas de la Secretar\u00eda y organismos t\u00e9cnicos competentes.<\/li>\n\n\n\n<li>Asistir a la Secretar\u00eda, en el \u00e1mbito de su competencia, en las funciones que desarrolle en espacios de articulaci\u00f3n t\u00e9cnica ante organismos internacionales vinculados al sector vitivin\u00edcola, como la Organizaci\u00f3n Internacional de la Vid y el Vino y la Organizaci\u00f3n de las Naciones Unidas para la Alimentaci\u00f3n y la Agricultura (FAO) entre otros, en coordinaci\u00f3n con las \u00e1reas competentes en relaciones internacionales y comercio agroalimentario.<\/li>\n\n\n\n<li>Emitir informes t\u00e9cnicos y dict\u00e1menes vinculados a la fiscalizaci\u00f3n, calidad, normas y procesos del sector vitivin\u00edcola y de alcoholes, en el \u00e1mbito de su competencia.<\/li>\n\n\n\n<li>Proponer y coordinar acciones de articulaci\u00f3n t\u00e9cnica con organismos nacionales, provinciales y municipales en el \u00e1mbito de su competencia, para el desarrollo de programas conjuntos de fiscalizaci\u00f3n y control.<\/li>\n\n\n\n<li>Asistir a la Autoridad de Aplicaci\u00f3n de las Leyes Nros. 14.878 y 25.163 en la implementaci\u00f3n de sanciones previstas en la normativa vigente, en el marco de su competencia.<\/li>\n\n\n\n<li>Coordinar la implementaci\u00f3n de acciones derivadas de normativas internacionales, como as\u00ed tambi\u00e9n aportar los antecedentes y bases t\u00e9cnicas para los acuerdos de integraci\u00f3n econ\u00f3mica entre bloques o pa\u00edses, en el marco de su competencia.<\/li>\n\n\n\n<li>Mantener actualizada la informaci\u00f3n sobre la legislaci\u00f3n extranjera en materia de aranceles, controles y reg\u00edmenes de admisi\u00f3n aplicables a los productos vitivin\u00edcolas. <\/li>\n\n\n\n<li>Asesorar al sector vitivin\u00edcola, en el \u00e1mbito de su competencia, en lo referente a los tr\u00e1mites de exportaci\u00f3n e importaci\u00f3n.<\/li>\n<\/ul>\n\n\n\n<div style=\"height:35px\" aria-hidden=\"true\" class=\"wp-block-spacer\"><\/div>\n\n\n\n<p class=\"has-medium-font-size\"><strong>Qu\u00e9 pasar\u00e1 con los trabajadores<\/strong><\/p>\n\n\n\n<p>De los<strong> 450 trabajadores<\/strong> que tiene el organismo hay al menos 100 que son contratados. En esa condici\u00f3n los encuentran los cambios que impulsa el gobierno de\u00a0Milei. Seg\u00fan <strong>Mariano Lucero<\/strong> -delegado de <strong>ATE (Asociaci\u00f3n Trabajadores del Estado)<\/strong> en el INV- <em>\u00abAdvertimos el\u00a0inminente despido\u00a0de trabajadores, ya que se\u00a0redujo la estructura de Fiscalizaci\u00f3n\u00a0aproximadamente\u00a050 %\u00a0y las \u00e1reas de apoyo 100%. Lo ven\u00edamos se\u00f1alando oportunamente desde el gremio\u00bb<\/em>.<\/p>\n\n\n\n<p>Frente a esa situaci\u00f3n, para los delegados gremiales en el Instituto todav\u00eda hay una ventana abierta para frenar el avance definitivo del decreto. Son al menos 8 d\u00edas hasta su reglamentaci\u00f3n, que se cumplir\u00e1n el&nbsp;27 de agosto.<\/p>\n\n\n\n<p>Seg\u00fan Lucero, <em>\u00abla nueva estructura que se pretende imponer avala los&nbsp;argumentos esgrimidos en el amparo que ATE interpondr\u00e1 para defender al organismo y sus trabajadores\u00bb<\/em>.<\/p>\n\n\n\n<div style=\"height:37px\" aria-hidden=\"true\" class=\"wp-block-spacer\"><\/div>\n\n\n\n<p class=\"has-small-font-size\"><em><strong>Fuentes: Diario UNO, Diario Portada y Gobierno de Argentina<\/strong><\/em><\/p>\n\n\n\n<div style=\"height:34px\" aria-hidden=\"true\" class=\"wp-block-spacer\"><\/div>\n","protected":false},"excerpt":{"rendered":"<p>A partir de la publicaci\u00f3n en el Bolet\u00edn Oficial del decreto 585\/2025, firmado por el&hellip;<\/p>\n","protected":false},"author":2,"featured_media":161724,"comment_status":"closed","ping_status":"open","sticky":false,"template":"","format":"standard","meta":{"footnotes":""},"categories":[14],"tags":[],"class_list":["post-161683","post","type-post","status-publish","format-standard","has-post-thumbnail","hentry","category-news"],"_links":{"self":[{"href":"https:\/\/enolife.com.ar\/es\/wp-json\/wp\/v2\/posts\/161683","targetHints":{"allow":["GET"]}}],"collection":[{"href":"https:\/\/enolife.com.ar\/es\/wp-json\/wp\/v2\/posts"}],"about":[{"href":"https:\/\/enolife.com.ar\/es\/wp-json\/wp\/v2\/types\/post"}],"author":[{"embeddable":true,"href":"https:\/\/enolife.com.ar\/es\/wp-json\/wp\/v2\/users\/2"}],"replies":[{"embeddable":true,"href":"https:\/\/enolife.com.ar\/es\/wp-json\/wp\/v2\/comments?post=161683"}],"version-history":[{"count":0,"href":"https:\/\/enolife.com.ar\/es\/wp-json\/wp\/v2\/posts\/161683\/revisions"}],"wp:featuredmedia":[{"embeddable":true,"href":"https:\/\/enolife.com.ar\/es\/wp-json\/wp\/v2\/media\/161724"}],"wp:attachment":[{"href":"https:\/\/enolife.com.ar\/es\/wp-json\/wp\/v2\/media?parent=161683"}],"wp:term":[{"taxonomy":"category","embeddable":true,"href":"https:\/\/enolife.com.ar\/es\/wp-json\/wp\/v2\/categories?post=161683"},{"taxonomy":"post_tag","embeddable":true,"href":"https:\/\/enolife.com.ar\/es\/wp-json\/wp\/v2\/tags?post=161683"}],"curies":[{"name":"wp","href":"https:\/\/api.w.org\/{rel}","templated":true}]}}