{"id":161584,"date":"2025-08-18T16:24:07","date_gmt":"2025-08-18T16:24:07","guid":{"rendered":"https:\/\/enolife.com.ar\/es\/?p=161584"},"modified":"2025-08-19T16:03:34","modified_gmt":"2025-08-19T16:03:34","slug":"el-mercado-interno-argentino-de-vino-crecio-19-en-el-1-semestre-de-2025-vs-igual-lapso-de-2024","status":"publish","type":"post","link":"https:\/\/enolife.com.ar\/es\/el-mercado-interno-argentino-de-vino-crecio-19-en-el-1-semestre-de-2025-vs-igual-lapso-de-2024\/","title":{"rendered":"El mercado interno argentino de vino creci\u00f3 1,9% en el 1\u00b0 semestre de 2025 vs igual lapso de 2024"},"content":{"rendered":"\n<h4 class=\"wp-block-heading\"><em><strong>Seg\u00fan el \u00faltimo informe del Instituto Nacional de Vitivinicultura (INV), la venta de vino acumulada enero y junio de 2025 alcanz\u00f3 los 3.409.434 hectolitros (hl), +1,9% respecto a igual per\u00edodo de 2024. Del total, el 63,5% corresponde a vinos sin menci\u00f3n varietal y el 33,7% a varietales. Los vinos blancos cayeron un 12,3% y los de color subieron un 7,7%. Otro dato de inter\u00e9s es que el consumo per c\u00e1pita del mes de junio 2025 arroj\u00f3 un valor de 1,22 litros por habitante, lo que proyectado a 12 meses da un consumo de 14,64 litros per c\u00e1pita por a\u00f1o<\/strong><\/em><strong><em>.<\/em><\/strong><\/h4>\n\n\n\n<div style=\"height:20px\" aria-hidden=\"true\" class=\"wp-block-spacer\"><\/div>\n\n\n<a href=\"https:\/\/sudafilt.com\/\" aria-label=\"SUDAFILT 1700X500 NOV25\"><img loading=\"lazy\" decoding=\"async\" src=\"https:\/\/enolife.com.ar\/es\/wp-content\/uploads\/2020\/07\/SUDAFILT-1700X500-NOV25.gif\" alt=\"\"  width=\"1700\" height=\"500\"   \/><\/a>\n\n\n<div style=\"height:57px\" aria-hidden=\"true\" class=\"wp-block-spacer\"><\/div>\n\n\n\n<p class=\"has-background\" id=\"block-6fbb9437-eb2b-4258-8eb3-6b0d6f6d1afb\" style=\"background-color:#abb7c25c\"><strong>Comercializaci\u00f3n junio 2024 \/ junio 2025<\/strong><\/p>\n\n\n\n<p id=\"block-63cf02c1-369f-437f-a1f3-630bb88281a5\"><strong>Vino Total: -1%<\/strong><\/p>\n\n\n\n<ul id=\"block-ea26550f-a8d7-4388-ab3f-9e978e751e9a\" class=\"wp-block-list\">\n<li>Vino color: -3,5%<\/li>\n\n\n\n<li>Vino blanco: 5,8%<\/li>\n<\/ul>\n\n\n\n<p class=\"has-background\" id=\"block-1da3c62f-d229-4319-81d4-8ec4a294f6ce\" style=\"background-color:#abb7c25c\"><strong>Comercializaci\u00f3n enero-junio 2024 \/ enero-junio 2025<\/strong><\/p>\n\n\n\n<p id=\"block-35b7a9be-159c-4367-b9e1-fdc327f9f8e7\"><strong>Vino Total: 1,9%<\/strong><\/p>\n\n\n\n<ul id=\"block-f2514f2b-5f53-4339-94aa-2f404cf9294e\" class=\"wp-block-list\">\n<li>Vino color: 7,7 %<\/li>\n\n\n\n<li>Vino blanco: -12,3%<\/li>\n<\/ul>\n\n\n\n<p class=\"has-background\" id=\"block-0bce1eeb-0137-40bf-96c2-90e3bbb1db06\" style=\"background-color:#abb7c25c\"><strong>Variaci\u00f3n mensual mayo 2025 &#8211; junio 2025<\/strong><\/p>\n\n\n\n<p id=\"block-8c0e1074-9225-4a7d-827e-3b1bd907324b\"><strong>Vino Total: -3,9%<\/strong><\/p>\n\n\n\n<div style=\"height:35px\" aria-hidden=\"true\" class=\"wp-block-spacer\"><\/div>\n\n\n\n<p class=\"has-text-align-center has-background has-medium-font-size\" style=\"background-color:#abb7c25c\"><strong>Comercializaci\u00f3n junio 2025<\/strong><\/p>\n\n\n\n<p>Las ventas de vino en el mercado interno durante el mes de junio 2025 alcanzaron un volumen de 578.430 hl. Se observa una disminuci\u00f3n del 1% respecto a igual mes del a\u00f1o anterior. El 61,2% de ese volumen corresponde a vinos sin menci\u00f3n varietal, 36,1% varietales, el 2,3% espumosos y 0,4% otros vinos (c\u00f3ctel de vino, gasificado, especial).<\/p>\n\n\n\n<p>Respecto al mismo mes del a\u00f1o anterior, aumentaron los vinos varietales (+31,1%) y otros vinos (+4,7%), mientras que decrecieron los vinos sin menci\u00f3n varietal (-13,4%) y los espumosos (-6,2%). En el volumen total de despachos crecieron los vinos blancos (+5,8%) y disminuyeron los vinos color (-3,5%).<\/p>\n\n\n\n<div style=\"height:30px\" aria-hidden=\"true\" class=\"wp-block-spacer\"><\/div>\n\n\n<div class=\"wp-block-image\">\n<figure class=\"aligncenter size-full is-resized\"><a href=\"https:\/\/enolife.com.ar\/es\/wp-content\/uploads\/2025\/08\/Imagen1-18.jpg\" data-rel=\"penci-gallery-image-content\" ><img loading=\"lazy\" decoding=\"async\" width=\"626\" height=\"496\" src=\"https:\/\/enolife.com.ar\/es\/wp-content\/uploads\/2025\/08\/Imagen1-18.jpg\" alt=\"\" class=\"wp-image-161596\" style=\"width:500px;height:auto\" srcset=\"https:\/\/enolife.com.ar\/es\/wp-content\/uploads\/2025\/08\/Imagen1-18.jpg 626w, https:\/\/enolife.com.ar\/es\/wp-content\/uploads\/2025\/08\/Imagen1-18-300x238.jpg 300w, https:\/\/enolife.com.ar\/es\/wp-content\/uploads\/2025\/08\/Imagen1-18-585x464.jpg 585w\" sizes=\"auto, (max-width: 626px) 100vw, 626px\" \/><\/a><\/figure><\/div>\n\n\n<div style=\"height:35px\" aria-hidden=\"true\" class=\"wp-block-spacer\"><\/div>\n\n\n\n<p>En el interanual junio 2024\/ junio 2025, creci\u00f3 el envase botella (+10,1%), el cual representa el 67,9% de los despachos. Tambi\u00e9n creci\u00f3 el envase de lata que no registr\u00f3 despachos en junio 2024. Los otros envases disminuyeron. Contin\u00faa decreciendo el envase tetra-brik (-17,5%), el cual participa con el 29,4% del volumen total. La damajuana disminuy\u00f3 24,1%.<\/p>\n\n\n\n<div style=\"height:30px\" aria-hidden=\"true\" class=\"wp-block-spacer\"><\/div>\n\n\n<div class=\"wp-block-image\">\n<figure class=\"aligncenter size-full is-resized\"><a href=\"https:\/\/enolife.com.ar\/es\/wp-content\/uploads\/2025\/08\/Imagen2-12.jpg\" data-rel=\"penci-gallery-image-content\" ><img loading=\"lazy\" decoding=\"async\" width=\"628\" height=\"586\" src=\"https:\/\/enolife.com.ar\/es\/wp-content\/uploads\/2025\/08\/Imagen2-12.jpg\" alt=\"\" class=\"wp-image-161597\" style=\"width:572px;height:auto\" srcset=\"https:\/\/enolife.com.ar\/es\/wp-content\/uploads\/2025\/08\/Imagen2-12.jpg 628w, https:\/\/enolife.com.ar\/es\/wp-content\/uploads\/2025\/08\/Imagen2-12-300x280.jpg 300w, https:\/\/enolife.com.ar\/es\/wp-content\/uploads\/2025\/08\/Imagen2-12-585x546.jpg 585w\" sizes=\"auto, (max-width: 628px) 100vw, 628px\" \/><\/a><\/figure><\/div>\n\n\n<div style=\"height:30px\" aria-hidden=\"true\" class=\"wp-block-spacer\"><\/div>\n\n\n<div class=\"wp-block-image\">\n<figure class=\"aligncenter size-full is-resized\"><a href=\"https:\/\/enolife.com.ar\/es\/wp-content\/uploads\/2025\/08\/Imagen3-9.jpg\" data-rel=\"penci-gallery-image-content\" ><img loading=\"lazy\" decoding=\"async\" width=\"628\" height=\"530\" src=\"https:\/\/enolife.com.ar\/es\/wp-content\/uploads\/2025\/08\/Imagen3-9.jpg\" alt=\"\" class=\"wp-image-161598\" style=\"width:710px;height:auto\" srcset=\"https:\/\/enolife.com.ar\/es\/wp-content\/uploads\/2025\/08\/Imagen3-9.jpg 628w, https:\/\/enolife.com.ar\/es\/wp-content\/uploads\/2025\/08\/Imagen3-9-300x253.jpg 300w, https:\/\/enolife.com.ar\/es\/wp-content\/uploads\/2025\/08\/Imagen3-9-585x494.jpg 585w\" sizes=\"auto, (max-width: 628px) 100vw, 628px\" \/><\/a><\/figure><\/div>\n\n\n<div style=\"height:35px\" aria-hidden=\"true\" class=\"wp-block-spacer\"><\/div>\n\n\n\n<p>El consumo per c\u00e1pita del mes de junio 2025 arroja un valor de 1,22 litros por habitante (poblaci\u00f3n total pa\u00eds), lo cual indica una disminuci\u00f3n del 1,9% respecto a igual mes del a\u00f1o anterior. El 87,5% del vino comercializado en junio 2025 en el mercado interno proviene de Mendoza y el 8,6% de San Juan. Siguen en importancia La Rioja (1,3%), Salta (1,6%), Neuqu\u00e9n (0,5%) y Rio Negro (0,2%). Tambi\u00e9n despacharon las provincias de C\u00f3rdoba, La Pampa, Chubut, Catamarca, Bs As, Tucum\u00e1n, Jujuy, Entre R\u00edos y San Luis.<\/p>\n\n\n\n<div style=\"height:30px\" aria-hidden=\"true\" class=\"wp-block-spacer\"><\/div>\n\n\n<div class=\"wp-block-image\">\n<figure class=\"aligncenter size-full is-resized\"><a href=\"https:\/\/enolife.com.ar\/es\/wp-content\/uploads\/2025\/08\/Imagen4-6.jpg\" data-rel=\"penci-gallery-image-content\" ><img loading=\"lazy\" decoding=\"async\" width=\"322\" height=\"297\" src=\"https:\/\/enolife.com.ar\/es\/wp-content\/uploads\/2025\/08\/Imagen4-6.jpg\" alt=\"\" class=\"wp-image-161599\" style=\"width:350px;height:auto\" srcset=\"https:\/\/enolife.com.ar\/es\/wp-content\/uploads\/2025\/08\/Imagen4-6.jpg 322w, https:\/\/enolife.com.ar\/es\/wp-content\/uploads\/2025\/08\/Imagen4-6-300x277.jpg 300w\" sizes=\"auto, (max-width: 322px) 100vw, 322px\" \/><\/a><\/figure><\/div>\n\n\n<div style=\"height:45px\" aria-hidden=\"true\" class=\"wp-block-spacer\"><\/div>\n\n\n\n<p class=\"has-text-align-center has-background has-medium-font-size\" style=\"background-color:#abb7c25c\"><strong>Acumulado enero &#8211; junio de 2025<\/strong><\/p>\n\n\n\n<p>La venta de vino acumulada enero-junio 2025 alcanz\u00f3 3.409.434 hl, manifestando una suba del 1,9% respecto a igual per\u00edodo del a\u00f1o anterior. La participaci\u00f3n de los vinos sin menci\u00f3n varietal es del 63,5%, el 33,7% corresponde a varietales, 2,5% espumosos y 0,4% otros vinos.<\/p>\n\n\n\n<p>Los vinos sin menci\u00f3n varietal en el interanual acumulado a junio est\u00e1n negativos (-3,4%), mientras que el resto de los tipos de vino mantienen su crecimiento positivo, varietales +13,6%, espumosos +3,8% y otros vinos +9,9%. En el volumen total acumulado, los vinos blancos caen -12,3% y los vinos color suben +7,7%.<\/p>\n\n\n\n<div style=\"height:30px\" aria-hidden=\"true\" class=\"wp-block-spacer\"><\/div>\n\n\n<div class=\"wp-block-image\">\n<figure class=\"aligncenter size-full is-resized\"><a href=\"https:\/\/enolife.com.ar\/es\/wp-content\/uploads\/2025\/08\/Imagen5-6.jpg\" data-rel=\"penci-gallery-image-content\" ><img loading=\"lazy\" decoding=\"async\" width=\"704\" height=\"493\" src=\"https:\/\/enolife.com.ar\/es\/wp-content\/uploads\/2025\/08\/Imagen5-6.jpg\" alt=\"\" class=\"wp-image-161600\" style=\"width:528px;height:auto\" srcset=\"https:\/\/enolife.com.ar\/es\/wp-content\/uploads\/2025\/08\/Imagen5-6.jpg 704w, https:\/\/enolife.com.ar\/es\/wp-content\/uploads\/2025\/08\/Imagen5-6-300x210.jpg 300w, https:\/\/enolife.com.ar\/es\/wp-content\/uploads\/2025\/08\/Imagen5-6-585x410.jpg 585w\" sizes=\"auto, (max-width: 704px) 100vw, 704px\" \/><\/a><\/figure><\/div>\n\n\n<div style=\"height:35px\" aria-hidden=\"true\" class=\"wp-block-spacer\"><\/div>\n\n\n\n<p>Respecto al tipo de envase, en el acumulado anual de ventas, se manifiesta aumento de botellas (+9,7%) con una participaci\u00f3n del 64,1% en los despachos y disminuci\u00f3n de tetra brik (-9,3%) que concentra el 32,9% del volumen. Disminuyeron los despachos en damajuana (-10,2%), lata (-19,5%) y bag in box (-18,4%). Los Otros envases aumentaron +54,0%.<\/p>\n\n\n\n<div style=\"height:30px\" aria-hidden=\"true\" class=\"wp-block-spacer\"><\/div>\n\n\n<div class=\"wp-block-image\">\n<figure class=\"aligncenter size-full is-resized\"><a href=\"https:\/\/enolife.com.ar\/es\/wp-content\/uploads\/2025\/08\/Imagen6-6.jpg\" data-rel=\"penci-gallery-image-content\" ><img loading=\"lazy\" decoding=\"async\" width=\"720\" height=\"623\" src=\"https:\/\/enolife.com.ar\/es\/wp-content\/uploads\/2025\/08\/Imagen6-6.jpg\" alt=\"\" class=\"wp-image-161601\" style=\"width:554px;height:auto\" srcset=\"https:\/\/enolife.com.ar\/es\/wp-content\/uploads\/2025\/08\/Imagen6-6.jpg 720w, https:\/\/enolife.com.ar\/es\/wp-content\/uploads\/2025\/08\/Imagen6-6-300x260.jpg 300w, https:\/\/enolife.com.ar\/es\/wp-content\/uploads\/2025\/08\/Imagen6-6-585x506.jpg 585w\" sizes=\"auto, (max-width: 720px) 100vw, 720px\" \/><\/a><\/figure><\/div>\n\n\n<div style=\"height:35px\" aria-hidden=\"true\" class=\"wp-block-spacer\"><\/div>\n\n\n\n<p class=\"has-medium-font-size\"><strong>Mendoza<\/strong><\/p>\n\n\n\n<p>Los despachos de vino al mercado interno desde Mendoza en junio 2025 fueron de 506.389 hl, lo que evidencia un crecimiento del 6,0% respecto a igual mes del a\u00f1o anterior. El 61,6% de los vinos despachados desde Mendoza fue vino sin menci\u00f3n varietal, 35,4% vino varietal, 2,6% vino espumoso y 0,4% otros vinos. Los vinos color aumentaron +3,6% y los blancos +13,0%. Respecto a igual mes del a\u00f1o anterior se registra aumento del +39,8% en vinos varietales y una disminuci\u00f3n del +6,5% en vinos sin menci\u00f3n varietal. El 72,4% de los vinos despachados por Mendoza en JUNIO 2025 corresponde a botellas, el 25,2% tetra brik, 2,2% damajuana, 0,1% latas y 0,04 bag in box.<\/p>\n\n\n\n<div style=\"height:30px\" aria-hidden=\"true\" class=\"wp-block-spacer\"><\/div>\n\n\n<div class=\"wp-block-image\">\n<figure class=\"aligncenter size-full is-resized\"><a href=\"https:\/\/enolife.com.ar\/es\/wp-content\/uploads\/2025\/08\/Imagen7-3.jpg\" data-rel=\"penci-gallery-image-content\" ><img loading=\"lazy\" decoding=\"async\" width=\"641\" height=\"543\" src=\"https:\/\/enolife.com.ar\/es\/wp-content\/uploads\/2025\/08\/Imagen7-3.jpg\" alt=\"\" class=\"wp-image-161602\" style=\"width:676px;height:auto\" srcset=\"https:\/\/enolife.com.ar\/es\/wp-content\/uploads\/2025\/08\/Imagen7-3.jpg 641w, https:\/\/enolife.com.ar\/es\/wp-content\/uploads\/2025\/08\/Imagen7-3-300x254.jpg 300w, https:\/\/enolife.com.ar\/es\/wp-content\/uploads\/2025\/08\/Imagen7-3-585x496.jpg 585w\" sizes=\"auto, (max-width: 641px) 100vw, 641px\" \/><\/a><\/figure><\/div>\n\n\n<div style=\"height:35px\" aria-hidden=\"true\" class=\"wp-block-spacer\"><\/div>\n\n\n\n<p>El volumen despachado por Mendoza al mercado interno <strong>acumulado enero &#8211; junio <\/strong>manifiesta un incremento del +2,5% respecto a igual per\u00edodo del a\u00f1o anterior. Se observa un aumento del +15,1% de las ventas de vinos varietales, tanto color (+15,0%) como blanco (+15,7%). Los vinos sin menci\u00f3n varietal disminuyeron -3,4%, especialmente los blancos (-22,7%), no as\u00ed los vinos sin menci\u00f3n varietal color que crecieron +5,6%.<\/p>\n\n\n\n<div style=\"height:35px\" aria-hidden=\"true\" class=\"wp-block-spacer\"><\/div>\n\n\n\n<p class=\"has-medium-font-size\"><strong>San Juan<\/strong><\/p>\n\n\n\n<p>El total de vino comercializado en el mercado interno por San Juan en junio 2025 asciende a 49.482 hl, lo que indica una disminuci\u00f3n del -36,8% respecto al mismo mes del a\u00f1o anterior. El 70,4% del volumen enviado a mercado interno por San Juan corresponde a vinos sin menci\u00f3n varietal, disminuyendo -43,9% respecto al mismo mes del a\u00f1o anterior. El vino varietal, tuvo una participaci\u00f3n del 29,1% en el total de despachos con una baja del -8,1%. En el volumen total despachado en junio 2025 se registra disminuci\u00f3n en vinos blancos (-15,6%) y vinos color (-45,5%) respecto al mismo mes del a\u00f1o anterior. El 71,7% de las ventas se despach\u00f3 en envase tetra-brik; 25,7% en botella; 2,5% en damajuana y 0,04% en bid\u00f3n.<\/p>\n\n\n\n<div style=\"height:30px\" aria-hidden=\"true\" class=\"wp-block-spacer\"><\/div>\n\n\n<div class=\"wp-block-image\">\n<figure class=\"aligncenter size-full is-resized\"><a href=\"https:\/\/enolife.com.ar\/es\/wp-content\/uploads\/2025\/08\/Imagen8-4.jpg\" data-rel=\"penci-gallery-image-content\" ><img loading=\"lazy\" decoding=\"async\" width=\"642\" height=\"579\" src=\"https:\/\/enolife.com.ar\/es\/wp-content\/uploads\/2025\/08\/Imagen8-4.jpg\" alt=\"\" class=\"wp-image-161603\" style=\"width:656px;height:auto\" srcset=\"https:\/\/enolife.com.ar\/es\/wp-content\/uploads\/2025\/08\/Imagen8-4.jpg 642w, https:\/\/enolife.com.ar\/es\/wp-content\/uploads\/2025\/08\/Imagen8-4-300x271.jpg 300w, https:\/\/enolife.com.ar\/es\/wp-content\/uploads\/2025\/08\/Imagen8-4-585x528.jpg 585w\" sizes=\"auto, (max-width: 642px) 100vw, 642px\" \/><\/a><\/figure><\/div>\n\n\n<div style=\"height:35px\" aria-hidden=\"true\" class=\"wp-block-spacer\"><\/div>\n\n\n\n<p>El volumen comercializado en el <strong>per\u00edodo enero &#8211; junio<\/strong>de 2025 por San Juan fue un +4,0% mayor a igual per\u00edodo del a\u00f1o anterior. Se observa un aumento en vinos sin menci\u00f3n varietal (+3,4%), especialmente en los blancos (+13,0%), mientras los sin menci\u00f3n varietal color disminuyeron (-1,7%). Los vinos varietales aumentaron 6,5%, con disminuci\u00f3n en los varietales blancos (-20,8%) y aumento en varietales color (+12,1%).<\/p>\n\n\n\n<div style=\"height:35px\" aria-hidden=\"true\" class=\"wp-block-spacer\"><\/div>\n\n\n\n<p class=\"has-medium-font-size\"><strong>La Rioja<\/strong><\/p>\n\n\n\n<p>Las ventas en el mercado interno desde La Rioja en junio 2025 totalizaron 7.781 hl, registrando una disminuci\u00f3n del -37,5% respecto al mismo mes del a\u00f1o anterior. Esta provincia acumula una disminuci\u00f3n de -21,4% en lo que va del a\u00f1o respecto a igual per\u00edodo del a\u00f1o anterior. En junio  2025, La Rioja despach\u00f3 un 57,1% de vino varietal y 42,9% de vino sin menci\u00f3n varietal. El 77,4% de lo comercializado se despach\u00f3 en tetra-brik; el 19,7% en botella y 2,9% en damajuana.<\/p>\n\n\n\n<div style=\"height:30px\" aria-hidden=\"true\" class=\"wp-block-spacer\"><\/div>\n\n\n<div class=\"wp-block-image\">\n<figure class=\"aligncenter size-full is-resized\"><a href=\"https:\/\/enolife.com.ar\/es\/wp-content\/uploads\/2025\/08\/Imagen10-4.jpg\" data-rel=\"penci-gallery-image-content\" ><img loading=\"lazy\" decoding=\"async\" width=\"639\" height=\"246\" src=\"https:\/\/enolife.com.ar\/es\/wp-content\/uploads\/2025\/08\/Imagen10-4.jpg\" alt=\"\" class=\"wp-image-161604\" style=\"width:668px;height:auto\" srcset=\"https:\/\/enolife.com.ar\/es\/wp-content\/uploads\/2025\/08\/Imagen10-4.jpg 639w, https:\/\/enolife.com.ar\/es\/wp-content\/uploads\/2025\/08\/Imagen10-4-300x115.jpg 300w, https:\/\/enolife.com.ar\/es\/wp-content\/uploads\/2025\/08\/Imagen10-4-585x225.jpg 585w\" sizes=\"auto, (max-width: 639px) 100vw, 639px\" \/><\/a><\/figure><\/div>\n\n\n<div style=\"height:35px\" aria-hidden=\"true\" class=\"wp-block-spacer\"><\/div>\n\n\n\n<p class=\"has-medium-font-size\"><strong>Salta<\/strong><\/p>\n\n\n\n<p>Los despachos al mercado interno desde Salta en junio 2025 fueron de 9.112 hl, registrando un aumento de +7,7% respecto al mismo mes del a\u00f1o anterior. Esta provincia acumula una disminuci\u00f3n de -1,8% en lo que va del a\u00f1o respecto a igual per\u00edodo del a\u00f1o anterior. En junio 2025 Salta despach\u00f3 el 74,2% del volumen como vino varietal y 25,8% vino sin menci\u00f3n varietal. El 73,2% de los despachos son en botella; 16,8% en damajuana y 10,0% en tetra-brik.<\/p>\n\n\n\n<div style=\"height:30px\" aria-hidden=\"true\" class=\"wp-block-spacer\"><\/div>\n\n\n<div class=\"wp-block-image\">\n<figure class=\"aligncenter size-full is-resized\"><a href=\"https:\/\/enolife.com.ar\/es\/wp-content\/uploads\/2025\/08\/Imagen9-4.jpg\" data-rel=\"penci-gallery-image-content\" ><img loading=\"lazy\" decoding=\"async\" width=\"640\" height=\"266\" src=\"https:\/\/enolife.com.ar\/es\/wp-content\/uploads\/2025\/08\/Imagen9-4.jpg\" alt=\"\" class=\"wp-image-161605\" style=\"width:659px;height:auto\" srcset=\"https:\/\/enolife.com.ar\/es\/wp-content\/uploads\/2025\/08\/Imagen9-4.jpg 640w, https:\/\/enolife.com.ar\/es\/wp-content\/uploads\/2025\/08\/Imagen9-4-300x125.jpg 300w, https:\/\/enolife.com.ar\/es\/wp-content\/uploads\/2025\/08\/Imagen9-4-585x243.jpg 585w\" sizes=\"auto, (max-width: 640px) 100vw, 640px\" \/><\/a><\/figure><\/div>\n\n\n<div style=\"height:35px\" aria-hidden=\"true\" class=\"wp-block-spacer\"><\/div>\n\n\n\n<p class=\"has-medium-font-size\"><strong>Neuqu\u00e9n<\/strong><\/p>\n\n\n\n<p>Los despachos al mercado interno desde Neuqu\u00e9n en junio 2025 fueron de 2.982 hl, un -25,3% menores a las ocurridas en igual mes del a\u00f1o anterior. Esta provincia acumula una disminuci\u00f3n del -16,5% en lo que va del a\u00f1o respecto a igual per\u00edodo del a\u00f1o anterior. El 84,0% del volumen despachado en junio 2025 fue varietal; 11,9% sin menci\u00f3n varietal y 4,1% espumoso. El 100% del volumen se despach\u00f3 en botellas.<\/p>\n\n\n\n<div style=\"height:35px\" aria-hidden=\"true\" class=\"wp-block-spacer\"><\/div>\n\n\n\n<p class=\"has-medium-font-size\"><strong>R\u00edo Negro<\/strong><\/p>\n\n\n\n<p>En junio 2025, R\u00edo Negro registr\u00f3 un volumen de despachos al mercado interno de 871 hl, un -21,2% menor a lo despachado en igual mes del a\u00f1o anterior. Esta provincia ha disminuido sus ventas en lo que va del a\u00f1o un -4,2%. El 61,4% del volumen despachado en junio 2025 fue vino varietal, el 38,4% vino sin menci\u00f3n varietal y el 0,1% vino espumoso. Las ventas en botellas representaron el 76,1% del total, las damajuanas el 23,5 y un peque\u00f1o volumen en otros envases<\/p>\n\n\n\n<div style=\"height:35px\" aria-hidden=\"true\" class=\"wp-block-spacer\"><\/div>\n\n\n\n<p class=\"has-medium-font-size\"><strong>C\u00f3rdoba<\/strong><\/p>\n\n\n\n<p>Las ventas en el mercado interno en junio 2025 fueron de 106 hl, lo que indica una disminuci\u00f3n de -77,1% con respecto al mismo mes del a\u00f1o anterior. Junio fue el primer mes de 2025 con variaci\u00f3n interanual negativa, esta provincia acumula un aumento del +52,3% en lo que va del a\u00f1o respecto a igual per\u00edodo del a\u00f1o anterior. El vino varietal en junio 2025 particip\u00f3 con el 72,9% de las ventas, el vino sin menci\u00f3n varietal 18,5%; 7,1% vino especial y 1,5% vino espumoso. El 94,7% de lo despachado fue en botellas y 5,3% bag in box.<\/p>\n\n\n\n<div style=\"height:35px\" aria-hidden=\"true\" class=\"wp-block-spacer\"><\/div>\n\n\n\n<p class=\"has-medium-font-size\"><strong>Catamarca<\/strong><\/p>\n\n\n\n<p>El volumen comercializado en el mercado interno en junio 2025 fue de 561 hl lo que represent\u00f3 un aumento del +34,8% respecto al mismo mes del a\u00f1o anterior. Esta provincia acumula un aumento del +49,0% en lo que va del a\u00f1o respecto a igual per\u00edodo del a\u00f1o anterior. Respecto al tipo de vino despachado en junio 2025, registra un 98,6% de vino varietal; 1,4% sin menci\u00f3n varietal y un peque\u00f1o volumen de vino especial. El 67,7% de lo comercializado corresponde a botella; 17,8% bag in box y 14,4% damajuana.<\/p>\n\n\n\n<div style=\"height:35px\" aria-hidden=\"true\" class=\"wp-block-spacer\"><\/div>\n\n\n\n<p class=\"has-medium-font-size\"><strong>Otras provincias<\/strong><\/p>\n\n\n\n<p>Las provincias de Buenos Aires, La Pampa, Tucum\u00e1n, Entre R\u00edos, Jujuy, Chubut y San Luis despacharon en junio 2025 un total de 1.147 hl en el mercado interno, un -30,1% menos que en el mismo mes del a\u00f1o anterior. Estas provincias acumulan una disminuci\u00f3n del -18,9% en lo que va del a\u00f1o respecto a igual per\u00edodo del a\u00f1o anterior. El 76,4% del volumen despachado pro estas provincias en junio 2025 fue vino sin menci\u00f3n varietal; 23,4% fue vino varietal y 0,2% vino espumoso. El 76,5% se despach\u00f3 en botella y 23,5% en damajuana.<\/p>\n\n\n\n<div style=\"height:35px\" aria-hidden=\"true\" class=\"wp-block-spacer\"><\/div>\n\n\n\n<p><\/p>\n","protected":false},"excerpt":{"rendered":"<p>Seg\u00fan el \u00faltimo informe del Instituto Nacional de Vitivinicultura (INV), la venta de vino acumulada&hellip;<\/p>\n","protected":false},"author":2,"featured_media":161612,"comment_status":"closed","ping_status":"open","sticky":false,"template":"","format":"standard","meta":{"footnotes":""},"categories":[9],"tags":[],"class_list":["post-161584","post","type-post","status-publish","format-standard","has-post-thumbnail","hentry","category-negocios"],"_links":{"self":[{"href":"https:\/\/enolife.com.ar\/es\/wp-json\/wp\/v2\/posts\/161584","targetHints":{"allow":["GET"]}}],"collection":[{"href":"https:\/\/enolife.com.ar\/es\/wp-json\/wp\/v2\/posts"}],"about":[{"href":"https:\/\/enolife.com.ar\/es\/wp-json\/wp\/v2\/types\/post"}],"author":[{"embeddable":true,"href":"https:\/\/enolife.com.ar\/es\/wp-json\/wp\/v2\/users\/2"}],"replies":[{"embeddable":true,"href":"https:\/\/enolife.com.ar\/es\/wp-json\/wp\/v2\/comments?post=161584"}],"version-history":[{"count":0,"href":"https:\/\/enolife.com.ar\/es\/wp-json\/wp\/v2\/posts\/161584\/revisions"}],"wp:featuredmedia":[{"embeddable":true,"href":"https:\/\/enolife.com.ar\/es\/wp-json\/wp\/v2\/media\/161612"}],"wp:attachment":[{"href":"https:\/\/enolife.com.ar\/es\/wp-json\/wp\/v2\/media?parent=161584"}],"wp:term":[{"taxonomy":"category","embeddable":true,"href":"https:\/\/enolife.com.ar\/es\/wp-json\/wp\/v2\/categories?post=161584"},{"taxonomy":"post_tag","embeddable":true,"href":"https:\/\/enolife.com.ar\/es\/wp-json\/wp\/v2\/tags?post=161584"}],"curies":[{"name":"wp","href":"https:\/\/api.w.org\/{rel}","templated":true}]}}