{"id":161461,"date":"2025-08-17T18:52:12","date_gmt":"2025-08-17T18:52:12","guid":{"rendered":"https:\/\/enolife.com.ar\/es\/?p=161461"},"modified":"2025-08-18T16:23:48","modified_gmt":"2025-08-18T16:23:48","slug":"san-juan-encara-la-lucha-contra-la-polilla-de-la-vid-invirtiendo-1-600-millones-de-fondos-propios","status":"publish","type":"post","link":"https:\/\/enolife.com.ar\/es\/san-juan-encara-la-lucha-contra-la-polilla-de-la-vid-invirtiendo-1-600-millones-de-fondos-propios\/","title":{"rendered":"San Juan encara la lucha contra la polilla de la vid invirtiendo $1.600 millones de fondos propios"},"content":{"rendered":"\n<h4 class=\"wp-block-heading\"><strong><em>Con fondos provinciales, San Juan iniciar\u00e1 en septiembre su campa\u00f1a contra la Lobesia botrana, que demandar\u00e1 $1.600 millones. La estrategia combinar\u00e1 aplicaciones a\u00e9reas con aviones y drones, entrega directa de insecticidas y financiamiento a tasa subsidiada, con el objetivo de alcanzar la mayor cobertura posible en las zonas vit\u00edcolas de la provincia. Para acceder a los insumos, los productores deben presentar el certificado de RENSPA de Senasa vigente, la inscripci\u00f3n actualizada en el RUPA y fotocopia del DNI del responsable.<\/em><\/strong><\/h4>\n\n\n\n<div style=\"height:35px\" aria-hidden=\"true\" class=\"wp-block-spacer\"><\/div>\n\n\n\n\n\n<div style=\"height:45px\" aria-hidden=\"true\" class=\"wp-block-spacer\"><\/div>\n\n\n\n<p>El Ministerio de Producci\u00f3n, Trabajo e Innovaci\u00f3n, a trav\u00e9s de la Secretar\u00eda de Agricultura, Ganader\u00eda y Agroindustria, confirma que la Campa\u00f1a contra la Polilla de la Vid para la temporada 2025-2026 comienza en septiembre y se financia \u00edntegramente con recursos provinciales. La iniciativa surge del consenso con el sector productivo y reafirma el compromiso de proteger la vitivinicultura, sostener la econom\u00eda regional y resguardar el trabajo de las familias sanjuaninas.<\/p>\n\n\n\n<p>Para acceder a los productos, los productores deben presentar el certificado de RENSPA de SENASA vigente, la inscripci\u00f3n actualizada en el RUPA y fotocopia del DNI del responsable. En caso de que el retiro lo realice un tercero, se debe presentar una autorizaci\u00f3n firmada \u2014puede ser manuscrita\u2014 del propietario de la finca m\u00e1s fotocopia del DNI de ambos (del beneficiario y de quien retira).<\/p>\n\n\n\n<p>La estrategia tiene previsto una <strong>inversi\u00f3n total de $1.600 millones<\/strong>. De ese monto, $1.200 millones se destinar\u00e1n a cubrir vuelos, drones, insecticidas y otros insumos. Adem\u00e1s, se implementar\u00e1 un programa de cr\u00e9ditos con tasa subsidiada por $400 millones, canalizados a trav\u00e9s de Fiduciaria San Juan, para financiar la compra de feromonas e insecticidas en el primer y segundo salto de la plaga, facilitando as\u00ed tratamientos complementarios por parte de los productores privados.<\/p>\n\n\n\n<p>La campa\u00f1a es <strong>coordinada por la C\u00e1mara de Comercio Exterior de San Juan, el INTA y el Centro de Ingenieros Agr\u00f3nomos de San Juan<\/strong>, garantizando que cada acci\u00f3n responda a criterios t\u00e9cnicos y a las necesidades reales del sector. La estrategia combinar\u00e1 aplicaciones a\u00e9reas con aviones y drones, entrega directa de insecticidas y financiamiento a tasa subsidiada, con el objetivo de alcanzar la mayor cobertura posible en las zonas vit\u00edcolas de la provincia.<\/p>\n\n\n\n<div style=\"height:45px\" aria-hidden=\"true\" class=\"wp-block-spacer\"><\/div>\n\n\n\n<p class=\"has-medium-font-size\"><strong>Desarrollo de la campa\u00f1a<\/strong><\/p>\n\n\n\n<p>Se intervendr\u00e1n <strong>20.000 hect\u00e1reas de vid en un primer vuelo<\/strong> de aplicaciones a\u00e9reas con avi\u00f3n, priorizando zonas habilitadas seg\u00fan normativas de seguridad y cuidado ambiental, utilizando insecticidas registrados y autorizados por Senasa. En \u00e1reas con mayor presencia de la plaga, s<strong>e sumar\u00e1 una segunda aplicaci\u00f3n sobre unas 6.000 hect\u00e1reas adicionales.<\/strong><\/p>\n\n\n\n<p>En <strong>sectores urbanos<\/strong> o donde la aplicaci\u00f3n a\u00e9rea est\u00e9 restringida por legislaci\u00f3n, se emplear\u00e1n <strong>drones para cubrir aproximadamente 2.800 hect\u00e1reas<\/strong>, asegurando as\u00ed la cobertura en la primera alerta de la plaga.<\/p>\n\n\n\n<p>Adicionalmente, <strong>la provincia entregar\u00e1 insecticidas de manera directa para fincas que no reciban tratamiento a\u00e9reo o con drones.<\/strong> Cada productor recibir\u00e1 producto gratuito para cubrir hasta 10 hect\u00e1reas de vid. En superficies mayores, se otorgar\u00e1 producto para cubrir el 50% de la superficie restante, quedando el costo del tratamiento excedente a cargo del productor, quien deber\u00e1 utilizar productos autorizados por Senasa.<\/p>\n\n\n\n<p>Todo el operativo ser\u00e1 coordinado por la Direcci\u00f3n de Sanidad Vegetal y Animal de la Secretar\u00eda de Agricultura, Ganader\u00eda y Agroindustria a trav\u00e9s de la Direcci\u00f3n de Sanidad Vegetal, Animal y Alimentos.<\/p>\n\n\n\n<div style=\"height:35px\" aria-hidden=\"true\" class=\"wp-block-spacer\"><\/div>\n\n\n\n<p class=\"has-small-font-size\"><strong><em>Fuente: SI San Juan<\/em><\/strong><\/p>\n\n\n\n<div style=\"height:35px\" aria-hidden=\"true\" class=\"wp-block-spacer\"><\/div>\n","protected":false},"excerpt":{"rendered":"<p>Con fondos provinciales, San Juan iniciar\u00e1 en septiembre su campa\u00f1a contra la Lobesia botrana, que&hellip;<\/p>\n","protected":false},"author":2,"featured_media":161465,"comment_status":"closed","ping_status":"open","sticky":false,"template":"","format":"standard","meta":{"footnotes":""},"categories":[56,14],"tags":[],"class_list":["post-161461","post","type-post","status-publish","format-standard","has-post-thumbnail","hentry","category-destacado","category-news"],"_links":{"self":[{"href":"https:\/\/enolife.com.ar\/es\/wp-json\/wp\/v2\/posts\/161461","targetHints":{"allow":["GET"]}}],"collection":[{"href":"https:\/\/enolife.com.ar\/es\/wp-json\/wp\/v2\/posts"}],"about":[{"href":"https:\/\/enolife.com.ar\/es\/wp-json\/wp\/v2\/types\/post"}],"author":[{"embeddable":true,"href":"https:\/\/enolife.com.ar\/es\/wp-json\/wp\/v2\/users\/2"}],"replies":[{"embeddable":true,"href":"https:\/\/enolife.com.ar\/es\/wp-json\/wp\/v2\/comments?post=161461"}],"version-history":[{"count":0,"href":"https:\/\/enolife.com.ar\/es\/wp-json\/wp\/v2\/posts\/161461\/revisions"}],"wp:featuredmedia":[{"embeddable":true,"href":"https:\/\/enolife.com.ar\/es\/wp-json\/wp\/v2\/media\/161465"}],"wp:attachment":[{"href":"https:\/\/enolife.com.ar\/es\/wp-json\/wp\/v2\/media?parent=161461"}],"wp:term":[{"taxonomy":"category","embeddable":true,"href":"https:\/\/enolife.com.ar\/es\/wp-json\/wp\/v2\/categories?post=161461"},{"taxonomy":"post_tag","embeddable":true,"href":"https:\/\/enolife.com.ar\/es\/wp-json\/wp\/v2\/tags?post=161461"}],"curies":[{"name":"wp","href":"https:\/\/api.w.org\/{rel}","templated":true}]}}