{"id":16140,"date":"2020-07-10T20:25:19","date_gmt":"2020-07-10T20:25:19","guid":{"rendered":"http:\/\/enolife.com.ar\/es\/?p=16140"},"modified":"2020-07-14T02:01:57","modified_gmt":"2020-07-14T02:01:57","slug":"argentina-es-parte-de-la-nueva-organizacion-mundial-del-enoturismo","status":"publish","type":"post","link":"https:\/\/enolife.com.ar\/es\/argentina-es-parte-de-la-nueva-organizacion-mundial-del-enoturismo\/","title":{"rendered":"Argentina es parte de la nueva Organizaci\u00f3n Mundial del Enoturismo"},"content":{"rendered":"\n<h4 class=\"wp-block-heading\"><em><strong>El lunes 6\/7 se present\u00f3 oficialmente la Organizaci\u00f3n Mundial del Enoturismo (OMET), conformada por 24 pa\u00edses vinculados al mundo del vino, entre ellos Argentina. Su  finalidad es favorecer la cooperaci\u00f3n p\u00fablico-privada entre naciones y redefinir una estrategia alineada con la&nbsp;Agenda 2030 de las Naciones Unidas para los Objetivos de Desarrollo Sostenible (ODS). Uno de sus impulsores es el presidente y CEO de la Asociaci\u00f3n Espa\u00f1ola de Enoturismo (AEE), Jos\u00e9 Antonio Vidal. <\/strong><\/em><\/h4>\n\n\n\n<div style=\"height:20px\" aria-hidden=\"true\" class=\"wp-block-spacer\"><\/div>\n\n\n\n<p>El organismo ejercer\u00e1 de interlocutor de referencia en los procesos de influencia, negociaci\u00f3n y decisi\u00f3n con los Estados, organizaciones internacionales y entidades territoriales y apostar\u00e1 por el desarrollo del enoturismo, generando procesos y servicios accesibles, responsables y receptivos que involucren a todos los ciudadanos, y en especial a los residentes en los destinos. <\/p>\n\n\n\n<div style=\"height:20px\" aria-hidden=\"true\" class=\"wp-block-spacer\"><\/div>\n\n\n\n<div class=\"wp-block-image\"><figure class=\"alignleft is-resized\"><img loading=\"lazy\" decoding=\"async\" src=\"https:\/\/ecocuyo.com\/wp-content\/uploads\/2020\/07\/TAIPEI-101.jpg\" alt=\"Nace la Organizaci\u00f3n Mundial del Enoturismo (tendr\u00e1 sede en Espa\u00f1a ...\" width=\"184\" height=\"154\"\/><\/figure><\/div>\n\n\n\n<p><strong>Pa\u00edses que conforman la Organizaci\u00f3n Internacional del Enoturismo<\/strong>: <\/p>\n\n\n\n<p style=\"color:#a02121\" class=\"has-text-color has-text-align-center\"><strong>Argentina, Alemania, Australia, Austria, Canad\u00e1, Chile, China, Francia, Eslovaquia, Eslovenia, Espa\u00f1a, Estados Unidos, Grecia, Italia, M\u00e9xico, Moldavia, Nueva Zelanda, Portugal, Reino Unido, Rusia, Sud\u00e1frica, Suiza, Turqu\u00eda y Uruguay.<\/strong><\/p>\n\n\n\n<div style=\"height:20px\" aria-hidden=\"true\" class=\"wp-block-spacer\"><\/div>\n\n\n\n<p class=\"has-background has-very-light-gray-background-color\">\u00abEstos cuatro a\u00f1os y medio de trabajo de la Asociaci\u00f3n Espa\u00f1ola de Enoturismo han sido muy exitosos como para dar el salto. Hemos sido capaces de lograr que el Ministerio de Turismo de Espa\u00f1a finalmente se ponga a trabajar en la elaboraci\u00f3n del observatorio de las estad\u00edsticas y la inteligencia enotur\u00edstica, cosa que hasta ahora no eran significativas como herramienta de gesti\u00f3n para nuestros empresarios\u00bb, afirm\u00f3 Jos\u00e9 Antonio Vidal.<\/p>\n\n\n\n<div style=\"height:20px\" aria-hidden=\"true\" class=\"wp-block-spacer\"><\/div>\n\n\n\n<p>Aunque la organizaci\u00f3n estar\u00e1 estructurada en diferentes direcciones regionales, que ser\u00e1n las encargadas de trabajar con los organismos p\u00fablicos y el sector privado,&nbsp;la sede de la Organizaci\u00f3n Mundial del Enoturismo funcionar\u00e1 en Madrid.<\/p>\n\n\n\n<div style=\"height:20px\" aria-hidden=\"true\" class=\"wp-block-spacer\"><\/div>\n\n\n\n<div class=\"wp-block-image\"><figure class=\"alignleft is-resized\"><img loading=\"lazy\" decoding=\"async\" src=\"https:\/\/lh3.googleusercontent.com\/proxy\/RwHVOYsfWJT-RNTwYsQXHOxG671lP0SodGRmslG47XvR2C9wBRFAw2xsriZlPlA9w4GqiUi4y60lPR7V4PQ7jQ0YQwK5JdF8mgFwIUker_NqdlUl3uSJAVMwcdZa-OE\" alt=\"El Evento \u2013 Tourist Talent Networking\" width=\"127\" height=\"127\"\/><figcaption><strong>Jos\u00e9 Antonio Vidal<\/strong><\/figcaption><\/figure><\/div>\n\n\n\n<p class=\"has-background has-very-light-gray-background-color\">\u00abEn la OMET tenemos el globo terr\u00e1queo dividido en seis zonas y cada una de ellas tendr\u00e1 un vicepresidente ejecutivo regional que ser\u00e1 el encargado de las relaciones institucionales con gobiernos y entidades regionales y comunitarias, as\u00ed como toda la cadena de valor privada, para hacerlos miembros\u00bb, contin\u00faa Vidal.<\/p>\n\n\n\n<div style=\"height:20px\" aria-hidden=\"true\" class=\"wp-block-spacer\"><\/div>\n\n\n\n<p>La organizaci\u00f3n ejecutiva de la OMET est\u00e1 estructurada en Direcciones Regionales que trabajar\u00e1n en estrecha relaci\u00f3n con los organismos p\u00fablicos y el sector privado de sus respectivas zonas:<\/p>\n\n\n\n<div style=\"height:20px\" aria-hidden=\"true\" class=\"wp-block-spacer\"><\/div>\n\n\n\n<ul class=\"wp-block-list\"><li><strong>Am\u00e9rica del Norte:<\/strong> David Furer, periodista y economista especialista en m\u00e1rketing.<\/li><li><strong>Am\u00e9rica Latina<\/strong>: Pablo Singerman,  profesor de Macroeconom\u00eda y Pol\u00edtica Econ\u00f3mica y codirector de la carrera de Turismo en la Universidad de Buenos Aires.<\/li><li><strong>\u00c1frica<\/strong>: Marisha Nieuwoudt, gerente de Turismo de la organizac\u00f3n VinPro.<\/li><li><strong>Europe y Cercano Oriente<\/strong>: Erik Wolf, fundador y director ejecutivo de la World Food Travel Association.<\/li><li><strong>Asia Central, Sudeste Asi\u00e1tico y Pac\u00edfico:<\/strong> Margaret Chen, fundadora de Optimus Horizon.<\/li><\/ul>\n\n\n\n<div style=\"height:20px\" aria-hidden=\"true\" class=\"wp-block-spacer\"><\/div>\n\n\n\n<p>Junto  a la OMET naci\u00f3 tambi\u00e9n un proyecto formativo llamado <strong>Academia Mundial de Enoturismo<\/strong>,&nbsp; cuyo objetivo es asesorar al comit\u00e9 ejecutivo de la Organizaci\u00f3n; promover acciones de cara a lograr un nuevo turismo mundial del vino; liderar la gesti\u00f3n del conocimiento enotur\u00edstico y organizar programas formativos para la preparaci\u00f3n de expertos en este campo.<\/p>\n\n\n\n<div style=\"height:20px\" aria-hidden=\"true\" class=\"wp-block-spacer\"><\/div>\n\n\n\n<p class=\"has-background has-very-light-gray-background-color\">Para Vidal, \u00abel conocimiento es la base de todo. Por eso tambi\u00e9n hemos creado la Academia Internacional de Enoturismo, en la cual aparecen 70 entidades acad\u00e9micas enotur\u00edsticas de 24 pa\u00edses, compuesta por rectores, decanos y m\u00e1steres en varias esferas, todo al m\u00e1s alto nivel\u00bb, expres\u00f3  Vidal.&nbsp;<\/p>\n\n\n\n<div style=\"height:20px\" aria-hidden=\"true\" class=\"wp-block-spacer\"><\/div>\n\n\n\n<p>El objetivo de la Academia Internacional de Enoturismo es destacar los aspectos educativos de los proyectos pol\u00edticos de los pa\u00edses asociados (promover planes de estudio, etc\u00e9terra); promover la colaboraci\u00f3n entre pa\u00edses, sus organismos p\u00fablicos a nivel de destino e instituciones acad\u00e9micas y empresas de turismo, a trav\u00e9s de la transferencia de conocimientos t\u00e9cnicos y de la red empresarial. <\/p>\n\n\n\n<div style=\"height:20px\" aria-hidden=\"true\" class=\"wp-block-spacer\"><\/div>\n\n\n\n<p><strong>La misi\u00f3n de la Academia de Enoturismo ser\u00e1n:<\/strong><\/p>\n\n\n\n<ul class=\"wp-block-list\"><li>Asesorar al Comit\u00e9 Ejecutivo de OMET.<\/li><li>Inspirar, promover, asesorar y garantizar acciones en un \u00abnuevo\u00bb turismo mundial del vino, mediante la colaboraci\u00f3n entre organismos p\u00fablicos, instituciones acad\u00e9micas y empresas, a trav\u00e9s de la transferencia de conocimientos t\u00e9cnicos.<\/li><li>Liderar la gesti\u00f3n del conocimiento enotur\u00edstico y la creaci\u00f3n de pol\u00edticas, creando una voz acad\u00e9mica colectiva en un sistema in\u00e9dito y \u00fanico de trabajo, para compartir y diseminar conocimiento y experiencia, proporcionando asesoramiento de forma individual y colectiva a los miembros de OMET.<\/li><li>Organizar programas formativos para la preparaci\u00f3n de expertos en el campo del enoTurismo.<\/li><\/ul>\n\n\n\n<div style=\"height:20px\" aria-hidden=\"true\" class=\"wp-block-spacer\"><\/div>\n\n\n\n<p class=\"has-small-font-size\"><strong><em>Fuente: Organizaci\u00f3n Mundial del Enoturismo, Vinetur \/tur43.com\/ excelencias gourmet y AEE<\/em><\/strong><\/p>\n\n\n\n<p><\/p>\n","protected":false},"excerpt":{"rendered":"<p>El lunes 6\/7 se present\u00f3 oficialmente la Organizaci\u00f3n Mundial del Enoturismo (OMET), conformada por 24&hellip;<\/p>\n","protected":false},"author":3,"featured_media":16224,"comment_status":"open","ping_status":"open","sticky":false,"template":"","format":"standard","meta":{"footnotes":""},"categories":[11],"tags":[],"class_list":["post-16140","post","type-post","status-publish","format-standard","has-post-thumbnail","hentry","category-enoturismo"],"_links":{"self":[{"href":"https:\/\/enolife.com.ar\/es\/wp-json\/wp\/v2\/posts\/16140","targetHints":{"allow":["GET"]}}],"collection":[{"href":"https:\/\/enolife.com.ar\/es\/wp-json\/wp\/v2\/posts"}],"about":[{"href":"https:\/\/enolife.com.ar\/es\/wp-json\/wp\/v2\/types\/post"}],"author":[{"embeddable":true,"href":"https:\/\/enolife.com.ar\/es\/wp-json\/wp\/v2\/users\/3"}],"replies":[{"embeddable":true,"href":"https:\/\/enolife.com.ar\/es\/wp-json\/wp\/v2\/comments?post=16140"}],"version-history":[{"count":0,"href":"https:\/\/enolife.com.ar\/es\/wp-json\/wp\/v2\/posts\/16140\/revisions"}],"wp:featuredmedia":[{"embeddable":true,"href":"https:\/\/enolife.com.ar\/es\/wp-json\/wp\/v2\/media\/16224"}],"wp:attachment":[{"href":"https:\/\/enolife.com.ar\/es\/wp-json\/wp\/v2\/media?parent=16140"}],"wp:term":[{"taxonomy":"category","embeddable":true,"href":"https:\/\/enolife.com.ar\/es\/wp-json\/wp\/v2\/categories?post=16140"},{"taxonomy":"post_tag","embeddable":true,"href":"https:\/\/enolife.com.ar\/es\/wp-json\/wp\/v2\/tags?post=16140"}],"curies":[{"name":"wp","href":"https:\/\/api.w.org\/{rel}","templated":true}]}}