{"id":161174,"date":"2025-08-16T13:22:01","date_gmt":"2025-08-16T13:22:01","guid":{"rendered":"https:\/\/enolife.com.ar\/es\/?p=161174"},"modified":"2025-08-20T14:22:23","modified_gmt":"2025-08-20T14:22:23","slug":"otro-vino-rockero-los-autenticos-decadentes-lanzan-mi-vida-loca-cabernet-franc-de-las-perdices","status":"publish","type":"post","link":"https:\/\/enolife.com.ar\/es\/otro-vino-rockero-los-autenticos-decadentes-lanzan-mi-vida-loca-cabernet-franc-de-las-perdices\/","title":{"rendered":"Otro vino rockero: Los Aut\u00e9nticos Decadentes lanzan \u00abMi vida loca\u00bb, cabernet franc de Las Perdices"},"content":{"rendered":"\n<h4 class=\"wp-block-heading\"><em><strong>La popular banda fiestera de Buenos Aires celebra los 30 a\u00f1os del ic\u00f3nico disco \u00abMi vida loca\u00bb poniendo en el mercado su vino hom\u00f3nimo, elaborado por la bodega mendocina Vi\u00f1a Las Perdices como parte de la colecci\u00f3n Rock &amp; Perdices, en la que ya produjeron etiquetas para los grupos La Renga y Las Pelotas y para el festival Cosqu\u00edn Rock.<\/strong><\/em><\/h4>\n\n\n\n<div style=\"height:35px\" aria-hidden=\"true\" class=\"wp-block-spacer\"><\/div>\n\n\n<a href=\"https:\/\/www.instagram.com\/vinventions.sudamerica\/\" aria-label=\"Banner_Subr_1700x500\"><img loading=\"lazy\" decoding=\"async\" src=\"https:\/\/enolife.com.ar\/es\/wp-content\/uploads\/2019\/07\/Banner_Subr_1700x500.gif\" alt=\"\"  width=\"1700\" height=\"501\"   \/><\/a>\n\n\n<div style=\"height:45px\" aria-hidden=\"true\" class=\"wp-block-spacer\"><\/div>\n\n\n\n<p>El 2025 marca para los <strong>Aut\u00e9nticos Decadentes<\/strong> sus 40 a\u00f1os de trayectoria, 30 de su disco ic\u00f3nico y su primera actuaci\u00f3n sinf\u00f3nica en junto a la <strong>Orquesta Filarm\u00f3nica de Mendoza<\/strong>, durante la \u00faltima <strong>Fiesta de la Cosecha<\/strong>, organizada por el <strong>Fondo Vitivin\u00edcola<\/strong>. Este acercamiento de los ya veteranos m\u00fasicos al mundo de la vitivinicultura se manifiesta en el reciente lanzamiento de su primera etiqueta, <strong>\u00abMi vida loca\u00bb<\/strong>, elaborado por la bodega mendocina <strong>Vi\u00f1a Las Perdices.<\/strong><\/p>\n\n\n\n<div style=\"height:45px\" aria-hidden=\"true\" class=\"wp-block-spacer\"><\/div>\n\n\n\n<figure class=\"wp-block-embed aligncenter is-type-video is-provider-youtube wp-block-embed-youtube wp-embed-aspect-16-9 wp-has-aspect-ratio\"><div class=\"wp-block-embed__wrapper\">\n<iframe loading=\"lazy\" title=\"Los Aut\u00e9nticos Decadentes - Fiesta de la Cosecha 2025\" width=\"1170\" height=\"658\" src=\"https:\/\/www.youtube.com\/embed\/guOUWWpIuSM?feature=oembed\" frameborder=\"0\" allow=\"accelerometer; autoplay; clipboard-write; encrypted-media; gyroscope; picture-in-picture; web-share\" referrerpolicy=\"strict-origin-when-cross-origin\" allowfullscreen><\/iframe>\n<\/div><\/figure>\n\n\n\n<div style=\"height:45px\" aria-hidden=\"true\" class=\"wp-block-spacer\"><\/div>\n\n\n\n<p><em>\u00abLa  identidad generada en torno al vino y la m\u00fasica nacional, hizo que Los Aut\u00e9nticos Decadentes llegaran a Vi\u00f1a Las Perdices para concretar un proyecto que ten\u00edan desde hace a\u00f1os: poder brindar junto a su p\u00fablico\u00bb<\/em> cont\u00f3 <strong>Gabriel Jimenez, r<\/strong>esponsable de Prensa de la bodega mendocina.<\/p>\n\n\n\n<p>Bajo el paraguas de la l\u00ednea <strong>Rock &amp; Perdices<\/strong> de Las Perdices, la etiqueta de <strong>Los Aut\u00e9nticos Decadentes<\/strong> se suma a las ya elaboradas por la bodega para <strong>La Renga, Las Pelotas y el Festival Cosqu\u00edn Rock<\/strong>. Estas alianzas surgieron de una amistad de muchos a\u00f1os entre <strong>Pablo Silvestre<\/strong> (<em>trade manager<\/em> de Vi\u00f1a Las Perdices) y <strong>Alberto Moles <\/strong>(director de Pop Art Discos, la productora de Los Decadentes), que con el tiempo deriv\u00f3 en una relaci\u00f3n entre ambas marcas, dando lugar al maridaje entre rock y vino.<\/p>\n\n\n\n<div style=\"height:30px\" aria-hidden=\"true\" class=\"wp-block-spacer\"><\/div>\n\n\n<div class=\"wp-block-image\">\n<figure class=\"aligncenter size-full is-resized\"><a href=\"https:\/\/enolife.com.ar\/es\/wp-content\/uploads\/2025\/08\/mailing8_mi-vida-loca-artistica-manos-768x579-1.jpg\" data-rel=\"penci-gallery-image-content\" ><img loading=\"lazy\" decoding=\"async\" width=\"711\" height=\"440\" src=\"https:\/\/enolife.com.ar\/es\/wp-content\/uploads\/2025\/08\/mailing8_mi-vida-loca-artistica-manos-768x579-1.jpg\" alt=\"\" class=\"wp-image-161190\" style=\"width:519px;height:auto\" srcset=\"https:\/\/enolife.com.ar\/es\/wp-content\/uploads\/2025\/08\/mailing8_mi-vida-loca-artistica-manos-768x579-1.jpg 711w, https:\/\/enolife.com.ar\/es\/wp-content\/uploads\/2025\/08\/mailing8_mi-vida-loca-artistica-manos-768x579-1-300x186.jpg 300w, https:\/\/enolife.com.ar\/es\/wp-content\/uploads\/2025\/08\/mailing8_mi-vida-loca-artistica-manos-768x579-1-585x362.jpg 585w\" sizes=\"auto, (max-width: 711px) 100vw, 711px\" \/><\/a><\/figure><\/div>\n\n\n<div style=\"height:30px\" aria-hidden=\"true\" class=\"wp-block-spacer\"><\/div>\n\n\n\n<p><em>\u00abQuienes seguimos a la banda desde el principio, recordamos esas primeras escenograf\u00edas con damajuanas y botellas, pasajes de sus letras referidas a la bebida que desde siempre identific\u00f3 a nuestra mesa. El vino, al igual que sus canciones, est\u00e1 presente en juntadas de amigos, casamientos y cumplea\u00f1os, ligado a reuniones y festejos; celebrado por poetas, cantores y m\u00fasicos\u00bb<\/em>, dijo Jimenez. Y agreg\u00f3: <em>\u00abPosiblemente por eso &#8216;Mi vida loca&#8217; sea la mejor s\u00edntesis de este <\/em>crossover<em> de universos que conjuga alegr\u00eda, placer y mucha sensibilidad.\u00bb <\/em><\/p>\n\n\n\n<p>A la hora de elegir un varietal que expresara el esp\u00edritu del proyecto, la banda visit\u00f3 la bodega y eligi\u00f3 el varietal <strong>cabernet franc<\/strong> como fiel reflejo de la alegr\u00eda del disco y tambi\u00e9n de la trayectoria de la banda, su crecimiento en el tiempo y la sofisticaci\u00f3n de un estilo y un sonido propios. Las uvas son del <strong>Valle de Uco<\/strong>, <strong>cosecha 2023<\/strong>, con una crianza de <strong>8 meses en barricas de madera<\/strong>.<\/p>\n\n\n\n<div style=\"height:30px\" aria-hidden=\"true\" class=\"wp-block-spacer\"><\/div>\n\n\n<div class=\"wp-block-image\">\n<figure class=\"aligncenter size-full is-resized\"><a href=\"https:\/\/enolife.com.ar\/es\/wp-content\/uploads\/2025\/08\/IMG_4712-768x512-1.jpg\" data-rel=\"penci-gallery-image-content\" ><img loading=\"lazy\" decoding=\"async\" width=\"714\" height=\"432\" src=\"https:\/\/enolife.com.ar\/es\/wp-content\/uploads\/2025\/08\/IMG_4712-768x512-1.jpg\" alt=\"\" class=\"wp-image-161191\" style=\"width:578px;height:auto\" srcset=\"https:\/\/enolife.com.ar\/es\/wp-content\/uploads\/2025\/08\/IMG_4712-768x512-1.jpg 714w, https:\/\/enolife.com.ar\/es\/wp-content\/uploads\/2025\/08\/IMG_4712-768x512-1-300x182.jpg 300w, https:\/\/enolife.com.ar\/es\/wp-content\/uploads\/2025\/08\/IMG_4712-768x512-1-585x354.jpg 585w\" sizes=\"auto, (max-width: 714px) 100vw, 714px\" \/><\/a><\/figure><\/div>\n\n\n<div style=\"height:35px\" aria-hidden=\"true\" class=\"wp-block-spacer\"><\/div>\n\n\n\n<p><strong>Pablo Silvestre, <\/strong>a cargo del \u00e1rea comercial de la bodega ubicada en Luj\u00e1n de Cuyo, defini\u00f3 este vino como <em>\u00abredondo, f\u00e1cil de tomar y accesible, pensado para el p\u00fablico Decadente, bien para el pueblo\u00bb<\/em>, y aclar\u00f3 que, lejos de perseguir un mero fin comercial, el alma de este proyecto es el homenaje y el afecto. <em>\u00abLo \u00faltimo que pensamos es la parte comercial. Lo primero fue unir el vino con la m\u00fasica\u00bb<\/em>, afirm\u00f3 en general sobre las etiquetas de la l\u00ednea Rock &amp; Perdices.<\/p>\n\n\n\n<p>Estos vinos homenaje se venden en canales tradicionales, e-commerce y la tienda oficial de la bodega, pero sin grandes vol\u00famenes: <em>\u00abApuntamos a nichos, a ediciones limitadas que mantengan el esp\u00edritu exclusivo y aut\u00e9ntico de cada banda\u00bb<\/em>, dijo Silvestre. Adem\u00e1s, las cajas mixtas permiten a los fan\u00e1ticos adquirir en conjunto los vinos de Las Pelotas, La Renga y Los Aut\u00e9nticos Decadentes, reforzando ese v\u00ednculo entre el rock y el vino que tantos argentinos celebran.<\/p>\n\n\n\n<div style=\"height:30px\" aria-hidden=\"true\" class=\"wp-block-spacer\"><\/div>\n\n\n<div class=\"wp-block-image\">\n<figure class=\"alignleft size-full is-resized\"><a href=\"https:\/\/enolife.com.ar\/es\/wp-content\/uploads\/2025\/08\/1-x1-a-1024x1024-1.png\" data-rel=\"penci-gallery-image-content\" ><img loading=\"lazy\" decoding=\"async\" width=\"400\" height=\"373\" src=\"https:\/\/enolife.com.ar\/es\/wp-content\/uploads\/2025\/08\/1-x1-a-1024x1024-1.png\" alt=\"\" class=\"wp-image-161185\" style=\"width:301px;height:auto\" srcset=\"https:\/\/enolife.com.ar\/es\/wp-content\/uploads\/2025\/08\/1-x1-a-1024x1024-1.png 400w, https:\/\/enolife.com.ar\/es\/wp-content\/uploads\/2025\/08\/1-x1-a-1024x1024-1-300x280.png 300w\" sizes=\"auto, (max-width: 400px) 100vw, 400px\" \/><\/a><\/figure><\/div>\n\n\n<p>La etiqueta original fue creada por la dise\u00f1adora de la banda, <strong>Ornella Capone<\/strong>, junto a su <strong>trompetista Guillermo Eijo<\/strong>. A partir de ella, el departamento creativo de Vi\u00f1a Las Perdices la adapt\u00f3 al lenguaje de la gr\u00e1fica del vino, con acabados como <em>stamping<\/em> plata, barniz sectorizado y relieve. Se dise\u00f1\u00f3 tambi\u00e9n un packaging para este vino que incluye un estuche de 3 botellas con la marca de Mi Vida Loca y la cl\u00e1sica opci\u00f3n de Rock &amp; Perdices, con valija de 2 botellas.<\/p>\n\n\n\n<div style=\"height:35px\" aria-hidden=\"true\" class=\"wp-block-spacer\"><\/div>\n\n\n\n<blockquote class=\"wp-block-quote is-layout-flow wp-block-quote-is-layout-flow\">\n<p>Hoy por hoy, despu\u00e9s de 40 a\u00f1os de trayectoria, todos coincidimos en que la mejor manera es brindar con un buen vino. Los Aut\u00e9nticos Decadentes y el vino tenemos muchas cosas en com\u00fan, creemos que escuchar nuestra m\u00fasica acompa\u00f1ada de una copa de vino es el maridaje perfecto\u201d.<br><strong>GUSTAVO \u00abCUCHO\u00bb PARISI, voz principal de Los Aut\u00e9nticos Decadentes<\/strong><\/p>\n<\/blockquote>\n\n\n\n<div style=\"height:35px\" aria-hidden=\"true\" class=\"wp-block-spacer\"><\/div>\n\n\n\n<p class=\"has-background\" style=\"background-color:#abb7c23d\"><strong>Preventa: <a href=\"https:\/\/www.lasperdices.com\/mividaloca\">www.lasperdices.com\/mividaloca<\/a>\u00a0<\/strong><\/p>\n\n\n\n<div style=\"height:27px\" aria-hidden=\"true\" class=\"wp-block-spacer\"><\/div>\n\n\n\n<p>Uno de los rituales que Los Aut\u00e9nticos Decadentes han sostenido antes de cada show, como s\u00edmbolo de buen augurio y compa\u00f1erismo, es descorchar siempre un vino en los camarines y brindar. Esa misma alegr\u00eda es la que comparten luego desde el escenario al p\u00fablico, en la fiesta que implica cada uno de sus recitales.<\/p>\n\n\n\n<div style=\"height:30px\" aria-hidden=\"true\" class=\"wp-block-spacer\"><\/div>\n\n\n\n<div style=\"height:35px\" aria-hidden=\"true\" class=\"wp-block-spacer\"><\/div>\n","protected":false},"excerpt":{"rendered":"<p>La popular banda fiestera de Buenos Aires celebra los 30 a\u00f1os del ic\u00f3nico disco \u00abMi&hellip;<\/p>\n","protected":false},"author":2,"featured_media":161189,"comment_status":"closed","ping_status":"open","sticky":false,"template":"","format":"standard","meta":{"footnotes":""},"categories":[14],"tags":[],"class_list":["post-161174","post","type-post","status-publish","format-standard","has-post-thumbnail","hentry","category-news"],"_links":{"self":[{"href":"https:\/\/enolife.com.ar\/es\/wp-json\/wp\/v2\/posts\/161174","targetHints":{"allow":["GET"]}}],"collection":[{"href":"https:\/\/enolife.com.ar\/es\/wp-json\/wp\/v2\/posts"}],"about":[{"href":"https:\/\/enolife.com.ar\/es\/wp-json\/wp\/v2\/types\/post"}],"author":[{"embeddable":true,"href":"https:\/\/enolife.com.ar\/es\/wp-json\/wp\/v2\/users\/2"}],"replies":[{"embeddable":true,"href":"https:\/\/enolife.com.ar\/es\/wp-json\/wp\/v2\/comments?post=161174"}],"version-history":[{"count":0,"href":"https:\/\/enolife.com.ar\/es\/wp-json\/wp\/v2\/posts\/161174\/revisions"}],"wp:featuredmedia":[{"embeddable":true,"href":"https:\/\/enolife.com.ar\/es\/wp-json\/wp\/v2\/media\/161189"}],"wp:attachment":[{"href":"https:\/\/enolife.com.ar\/es\/wp-json\/wp\/v2\/media?parent=161174"}],"wp:term":[{"taxonomy":"category","embeddable":true,"href":"https:\/\/enolife.com.ar\/es\/wp-json\/wp\/v2\/categories?post=161174"},{"taxonomy":"post_tag","embeddable":true,"href":"https:\/\/enolife.com.ar\/es\/wp-json\/wp\/v2\/tags?post=161174"}],"curies":[{"name":"wp","href":"https:\/\/api.w.org\/{rel}","templated":true}]}}