{"id":161073,"date":"2025-08-12T23:48:08","date_gmt":"2025-08-12T23:48:08","guid":{"rendered":"https:\/\/enolife.com.ar\/es\/?p=161073"},"modified":"2025-08-13T14:26:54","modified_gmt":"2025-08-13T14:26:54","slug":"taninos-wine-fest-sera-3-y-4-10-en-mendoza-a-beneficio-de-una-entidad-que-cuida-a-ninos-vulnerables","status":"publish","type":"post","link":"https:\/\/enolife.com.ar\/es\/taninos-wine-fest-sera-3-y-4-10-en-mendoza-a-beneficio-de-una-entidad-que-cuida-a-ninos-vulnerables\/","title":{"rendered":"Taninos Wine Fest ser\u00e1 3 y 4\/10 en Mendoza a beneficio de una entidad que cuida a ni\u00f1os vulnerables"},"content":{"rendered":"\n<h4 class=\"wp-block-heading\"><em><strong>El grupo colectivo de agr\u00f3nomos y en\u00f3logos Los Taninos (en la foto principal, algunos de sus integrantes), vuelve a organizar en Mendoza su feria solidaria, que ya va por la 9\u00b0 edici\u00f3n y este a\u00f1o ser\u00e1 en beneficio de la Asociaci\u00f3n Voluntarios Mendoza (Avome). All\u00ed el p\u00fablico podr\u00e1 conocer la historia y la \u00abpersonalidad\u00bb de unos 250 vinos de alrededor de 80 bodegas conversando con los propios en\u00f3logos y bodegueros, que atender\u00e1n los distintos stands.<\/strong><\/em><\/h4>\n\n\n\n<div style=\"height:35px\" aria-hidden=\"true\" class=\"wp-block-spacer\"><\/div>\n\n\n<a href=\"https:\/\/altieri.com.ar\/\" aria-label=\"ALTIERI-1700X500\"><img loading=\"lazy\" decoding=\"async\" src=\"https:\/\/enolife.com.ar\/es\/wp-content\/uploads\/2025\/02\/ALTIERI-1700X500.jpg\" alt=\"\"  srcset=\"https:\/\/enolife.com.ar\/es\/wp-content\/uploads\/2025\/02\/ALTIERI-1700X500.jpg 1700w, https:\/\/enolife.com.ar\/es\/wp-content\/uploads\/2025\/02\/ALTIERI-1700X500-300x88.jpg 300w, https:\/\/enolife.com.ar\/es\/wp-content\/uploads\/2025\/02\/ALTIERI-1700X500-1024x301.jpg 1024w, https:\/\/enolife.com.ar\/es\/wp-content\/uploads\/2025\/02\/ALTIERI-1700X500-768x226.jpg 768w, https:\/\/enolife.com.ar\/es\/wp-content\/uploads\/2025\/02\/ALTIERI-1700X500-1536x452.jpg 1536w, https:\/\/enolife.com.ar\/es\/wp-content\/uploads\/2025\/02\/ALTIERI-1700X500-1170x344.jpg 1170w, https:\/\/enolife.com.ar\/es\/wp-content\/uploads\/2025\/02\/ALTIERI-1700X500-585x172.jpg 585w\" sizes=\"auto, (max-width: 1700px) 100vw, 1700px\" width=\"1700\" height=\"500\"   \/><\/a>\n\n\n<div style=\"height:45px\" aria-hidden=\"true\" class=\"wp-block-spacer\"><\/div>\n\n\n\n<p>La 9\u00b0 edici\u00f3n de <strong>\u201cLos Taninos Wine Fest\u201d<\/strong> -un convocante encuentro que este a\u00f1o pondr\u00e1 en escena unas 250 etiquetas de al menos 74 bodegas de toda Argentina- se llevar\u00e1 a cabo en el hotel <strong>Esplendor de Maip\u00fa, Mendoza<\/strong>, los d\u00edas 3 y 4 de octubre pr\u00f3ximos. Por primera vez, ser\u00e1 a beneficio de la <strong>Asociaci\u00f3n Voluntarios Mendoza (Avome)<\/strong>, una asociaci\u00f3n civil que desde 1971 protege a ni\u00f1os y ni\u00f1as en situaci\u00f3n de vulneraci\u00f3n de derechos y evita la institucionalizaci\u00f3n de los mismos a trav\u00e9s de la selecci\u00f3n y el seguimiento de familias temporarias.<\/p>\n\n\n\n<p>Algunos de los atractivos que tendr\u00e1 este encuentro que unir\u00e1 al mundo del vino con los consumidores solidartios ser\u00e1n los stands de bodegas atendidos por sus propios due\u00f1os. El p\u00fablico all\u00ed tendr\u00e1 la oportunidad de conocer los vinos y sus detalles charlando con los propios en\u00f3logos y empresarios de la industria.<\/p>\n\n\n\n<div style=\"height:30px\" aria-hidden=\"true\" class=\"wp-block-spacer\"><\/div>\n\n\n\n<figure class=\"wp-block-gallery has-nested-images columns-default is-cropped wp-block-gallery-1 is-layout-flex wp-block-gallery-is-layout-flex\">\n<figure class=\"wp-block-image size-full\"><a href=\"https:\/\/enolife.com.ar\/es\/wp-content\/uploads\/2025\/08\/WhatsApp-Image-2025-08-07-at-09.23.20-1.jpeg\" data-rel=\"penci-gallery-image-content\" ><img loading=\"lazy\" decoding=\"async\" width=\"717\" height=\"500\" data-id=\"161077\" src=\"https:\/\/enolife.com.ar\/es\/wp-content\/uploads\/2025\/08\/WhatsApp-Image-2025-08-07-at-09.23.20-1.jpeg\" alt=\"\" class=\"wp-image-161077\" srcset=\"https:\/\/enolife.com.ar\/es\/wp-content\/uploads\/2025\/08\/WhatsApp-Image-2025-08-07-at-09.23.20-1.jpeg 717w, https:\/\/enolife.com.ar\/es\/wp-content\/uploads\/2025\/08\/WhatsApp-Image-2025-08-07-at-09.23.20-1-300x209.jpeg 300w, https:\/\/enolife.com.ar\/es\/wp-content\/uploads\/2025\/08\/WhatsApp-Image-2025-08-07-at-09.23.20-1-585x408.jpeg 585w\" sizes=\"auto, (max-width: 717px) 100vw, 717px\" \/><\/a><\/figure>\n\n\n\n<figure class=\"wp-block-image size-full\"><a href=\"https:\/\/enolife.com.ar\/es\/wp-content\/uploads\/2025\/08\/WhatsApp-Image-2025-08-07-at-09.23.20.jpeg\" data-rel=\"penci-gallery-image-content\" ><img loading=\"lazy\" decoding=\"async\" width=\"676\" height=\"500\" data-id=\"161078\" src=\"https:\/\/enolife.com.ar\/es\/wp-content\/uploads\/2025\/08\/WhatsApp-Image-2025-08-07-at-09.23.20.jpeg\" alt=\"\" class=\"wp-image-161078\" srcset=\"https:\/\/enolife.com.ar\/es\/wp-content\/uploads\/2025\/08\/WhatsApp-Image-2025-08-07-at-09.23.20.jpeg 676w, https:\/\/enolife.com.ar\/es\/wp-content\/uploads\/2025\/08\/WhatsApp-Image-2025-08-07-at-09.23.20-300x222.jpeg 300w, https:\/\/enolife.com.ar\/es\/wp-content\/uploads\/2025\/08\/WhatsApp-Image-2025-08-07-at-09.23.20-585x433.jpeg 585w\" sizes=\"auto, (max-width: 676px) 100vw, 676px\" \/><\/a><\/figure>\n<\/figure>\n\n\n\n<div style=\"height:21px\" aria-hidden=\"true\" class=\"wp-block-spacer\"><\/div>\n\n\n\n<h3 class=\"wp-block-heading has-vivid-red-color has-text-color has-link-color wp-elements-c2eb70d451d22e1da39ddfbeb5a506f7\">Taninos Wine Fest 2025 se realizar\u00e1 los pr\u00f3ximos d\u00edas viernes 3 y s\u00e1bado 4 de octubre, de 19 a 23 horas en el Hotel Esplendor by Wyndham de Maip\u00fa, Mendoza, a beneficio de la Asociaci\u00f3n Civil Avome. Las entradas estan a la venta <a href=\"https:\/\/www.tuentrada.com\/eventos\/detalle\/MZA-TaninosWF\/415236858236\" title=\"\">AQU\u00cd <\/a>y tambi\u00e9n se pueden adquirir en tuentrada.com. Los valores son de $ 38.500 un d\u00eda o $55.000 los dos d\u00edas, con derecho a probar todos los vinos.<\/h3>\n\n\n\n<div style=\"height:30px\" aria-hidden=\"true\" class=\"wp-block-spacer\"><\/div>\n\n\n<div class=\"wp-block-image\">\n<figure class=\"alignleft size-full is-resized\"><a href=\"https:\/\/enolife.com.ar\/es\/wp-content\/uploads\/2025\/08\/WhatsApp-Image-2025-08-07-at-09.23.21-1.jpeg\" data-rel=\"penci-gallery-image-content\" ><img loading=\"lazy\" decoding=\"async\" width=\"500\" height=\"572\" src=\"https:\/\/enolife.com.ar\/es\/wp-content\/uploads\/2025\/08\/WhatsApp-Image-2025-08-07-at-09.23.21-1.jpeg\" alt=\"\" class=\"wp-image-161079\" style=\"width:253px;height:auto\" srcset=\"https:\/\/enolife.com.ar\/es\/wp-content\/uploads\/2025\/08\/WhatsApp-Image-2025-08-07-at-09.23.21-1.jpeg 500w, https:\/\/enolife.com.ar\/es\/wp-content\/uploads\/2025\/08\/WhatsApp-Image-2025-08-07-at-09.23.21-1-262x300.jpeg 262w\" sizes=\"auto, (max-width: 500px) 100vw, 500px\" \/><\/a><\/figure><\/div>\n\n\n<p class=\"has-background\" style=\"background-color:#abb7c242\"><em>\u201cEstamos felices de poder acompa\u00f1ar a Avome en su 54 aniversario. Para nosotros es la novena edici\u00f3n ininterrumpida y volver a Mendoza para una acci\u00f3n como esta, nos llena de alegr\u00eda. Esperamos que el p\u00fablico acua para contribuir con Avome y pasar un momento inolvidable, rodeados de buen vino, buena m\u00fasica, una atractiva galer\u00eda de arte y muchas sorpresas. Son de esos momentos donde uno puede respirar arte por donde camina, para vivir la experiencia Taninos\u201d, <\/em>adelant\u00f3 <strong>Federico Ciolfi<\/strong>, fundador de este colectivo vitivin\u00edcola.<\/p>\n\n\n\n<p>\u201cLos Taninos Wine Fest\u201d cuenta con el acompa\u00f1amiento y el apoyo del Municipio de Maip\u00fa y la Secretar\u00eda de Turismo de Maip\u00fa.<\/p>\n\n\n\n<div style=\"height:35px\" aria-hidden=\"true\" class=\"wp-block-spacer\"><\/div>\n\n\n\n<p class=\"has-medium-font-size\"><strong>Sobre Los Taninos<\/strong><\/p>\n\n\n\n<p>Es un colectivo vitivin\u00edcola conformado por 221 profesionales, entre en\u00f3logos, ingenieros agr\u00f3nomos, bodegueros y due\u00f1os de marcas de vinos que trabajan colaborativamente para resolver problemas vinculados a la producci\u00f3n, elaboraci\u00f3n y la compra de insumos, entre otras problem\u00e1ticas comunes. Desde hace 9 a\u00f1os, los Taninos organizan una feria de vinos solidaria, a beneficio de organizaciones con compromiso social.<\/p>\n\n\n\n<div style=\"height:35px\" aria-hidden=\"true\" class=\"wp-block-spacer\"><\/div>\n\n\n\n<p class=\"has-medium-font-size\"><strong>Sobre Avome<\/strong><\/p>\n\n\n\n<p>Fundada en 1971, la <strong>Asociaci\u00f3n Civil Voluntarios Mendoza (Avome)<\/strong> se ha consolidado como una de las organizaciones solildarias m\u00e1s activas de esta provincia, respetada no s\u00f3lo por su larga y fruct\u00edfera historia sino por la calidad del trabajo que realiza. Con un equipo de 50 voluntarios y 35 profesionales de diversas disciplinas, la Asociaci\u00f3n brinda contenci\u00f3n, acompa\u00f1amiento y herramientas para que cada ni\u00f1o pueda crecer en un entorno donde se sienta querido, valorado y respetado. <\/p>\n\n\n\n<p>La participaci\u00f3n de Taninos en beneficio de Avome no es casual: ambos comparten una visi\u00f3n donde lo solidario es protagonista. As\u00ed como el vino requiere tiempo, cuidado y dedicaci\u00f3n para alcanzar su mejor expresi\u00f3n, el trabajo con la ni\u00f1ez vulnerable exige compromiso sostenido, empat\u00eda y profesionalismo. <\/p>\n\n\n\n<p>M\u00e1s informaci\u00f3n en: <a href=\"https:\/\/www.avome.org\">https:\/\/www.avome.org<\/a> &#8211; <a href=\"https:\/\/www.instagram.com\/avome18\/?hl=es\">https:\/\/www.instagram.com\/avome18\/?hl=es<\/a><a href=\"https:\/\/www.instagram.com\/taninoswinefest\/\">https:\/\/www.instagram.com\/taninoswinefest\/<\/a><\/p>\n\n\n\n<div style=\"height:34px\" aria-hidden=\"true\" class=\"wp-block-spacer\"><\/div>\n","protected":false},"excerpt":{"rendered":"<p>El grupo colectivo de agr\u00f3nomos y en\u00f3logos Los Taninos (en la foto principal, algunos de&hellip;<\/p>\n","protected":false},"author":2,"featured_media":161076,"comment_status":"closed","ping_status":"open","sticky":false,"template":"","format":"standard","meta":{"footnotes":""},"categories":[47],"tags":[],"class_list":["post-161073","post","type-post","status-publish","format-standard","has-post-thumbnail","hentry","category-agenda"],"_links":{"self":[{"href":"https:\/\/enolife.com.ar\/es\/wp-json\/wp\/v2\/posts\/161073","targetHints":{"allow":["GET"]}}],"collection":[{"href":"https:\/\/enolife.com.ar\/es\/wp-json\/wp\/v2\/posts"}],"about":[{"href":"https:\/\/enolife.com.ar\/es\/wp-json\/wp\/v2\/types\/post"}],"author":[{"embeddable":true,"href":"https:\/\/enolife.com.ar\/es\/wp-json\/wp\/v2\/users\/2"}],"replies":[{"embeddable":true,"href":"https:\/\/enolife.com.ar\/es\/wp-json\/wp\/v2\/comments?post=161073"}],"version-history":[{"count":0,"href":"https:\/\/enolife.com.ar\/es\/wp-json\/wp\/v2\/posts\/161073\/revisions"}],"wp:featuredmedia":[{"embeddable":true,"href":"https:\/\/enolife.com.ar\/es\/wp-json\/wp\/v2\/media\/161076"}],"wp:attachment":[{"href":"https:\/\/enolife.com.ar\/es\/wp-json\/wp\/v2\/media?parent=161073"}],"wp:term":[{"taxonomy":"category","embeddable":true,"href":"https:\/\/enolife.com.ar\/es\/wp-json\/wp\/v2\/categories?post=161073"},{"taxonomy":"post_tag","embeddable":true,"href":"https:\/\/enolife.com.ar\/es\/wp-json\/wp\/v2\/tags?post=161073"}],"curies":[{"name":"wp","href":"https:\/\/api.w.org\/{rel}","templated":true}]}}