{"id":160945,"date":"2025-08-11T21:15:21","date_gmt":"2025-08-11T21:15:21","guid":{"rendered":"https:\/\/enolife.com.ar\/es\/?p=160945"},"modified":"2025-08-13T00:10:01","modified_gmt":"2025-08-13T00:10:01","slug":"de-enero-a-julio-de-2025-las-exportaciones-de-vino-argentino-cayeron-69-vs-igual-periodo-de-2024","status":"publish","type":"post","link":"https:\/\/enolife.com.ar\/es\/de-enero-a-julio-de-2025-las-exportaciones-de-vino-argentino-cayeron-69-vs-igual-periodo-de-2024\/","title":{"rendered":"De enero a julio de 2025 las exportaciones de vino argentino cayeron 6,9% vs igual per\u00edodo de 2024"},"content":{"rendered":"\n<h4 class=\"wp-block-heading\"><em><strong>Seg\u00fan el \u00faltimo informe del Instituto Nacional de Vitivinicultura (INV), Argentina export\u00f3 entre enero y julio de 2025, 1.082.095 de litros de vino (-6,9% con respecto al mismo per\u00edodo de 2024), a un valor FOB de U$S 375.991.000 (-6,2%). Comparando solamente el mes de julio 2025 con julio de 2024, se advierte una importante ca\u00edda del 21,1%, con una merma de 50,4% en el vino a granel y de 11,3% en vinos fraccionados.<\/strong><\/em><\/h4>\n\n\n\n<div style=\"height:35px\" aria-hidden=\"true\" class=\"wp-block-spacer\"><\/div>\n\n\n\n\n\n<div style=\"height:45px\" aria-hidden=\"true\" class=\"wp-block-spacer\"><\/div>\n\n\n\n<p>Argentina export\u00f3 entre enero y julio de 2025, <strong><strong><strong>1.082.095<\/strong><\/strong><\/strong> <strong><strong> litros de vino<\/strong><\/strong> <strong>(-6,9 % que en 2024)<\/strong>, a un <strong>valor FOB de U$S <strong>375.991.000 (-6,2%)<\/strong><\/strong>. De ese total, 842.344.000 litros corresponden a vinos fraccionados (-5,1%) y 239.751.000 litros a vinos a granel (-12,8%).<\/p>\n\n\n\n<div style=\"height:30px\" aria-hidden=\"true\" class=\"wp-block-spacer\"><\/div>\n\n\n<div class=\"wp-block-image\">\n<figure class=\"aligncenter size-full is-resized\"><a href=\"https:\/\/enolife.com.ar\/es\/wp-content\/uploads\/2025\/08\/Imagen10-1.jpg\" data-rel=\"penci-gallery-image-content\" ><img loading=\"lazy\" decoding=\"async\" width=\"883\" height=\"504\" src=\"https:\/\/enolife.com.ar\/es\/wp-content\/uploads\/2025\/08\/Imagen10-1.jpg\" alt=\"\" class=\"wp-image-160970\" style=\"width:584px;height:auto\" srcset=\"https:\/\/enolife.com.ar\/es\/wp-content\/uploads\/2025\/08\/Imagen10-1.jpg 883w, https:\/\/enolife.com.ar\/es\/wp-content\/uploads\/2025\/08\/Imagen10-1-300x171.jpg 300w, https:\/\/enolife.com.ar\/es\/wp-content\/uploads\/2025\/08\/Imagen10-1-768x438.jpg 768w, https:\/\/enolife.com.ar\/es\/wp-content\/uploads\/2025\/08\/Imagen10-1-585x334.jpg 585w\" sizes=\"auto, (max-width: 883px) 100vw, 883px\" \/><\/a><\/figure><\/div>\n\n\n<div style=\"height:30px\" aria-hidden=\"true\" class=\"wp-block-spacer\"><\/div>\n\n\n\n<p>El <strong>precio promedio <\/strong>del vino total en el acumulado enero-julio es de <strong>3,47 d\u00f3lares\/litro (+0,7%)<\/strong>, llegando el fraccionado a 4,19 d\u00f3lares\/litro (-0,4%) y el granel a 0,96 d\u00f3lares\/litro (-4,8%). En el per\u00edodo enero-julio ha aumentado el precio medio s\u00f3lo para los vinos varietales (+1,7%). <\/p>\n\n\n\n<div style=\"height:30px\" aria-hidden=\"true\" class=\"wp-block-spacer\"><\/div>\n\n\n<div class=\"wp-block-image\">\n<figure class=\"aligncenter size-full is-resized\"><a href=\"https:\/\/enolife.com.ar\/es\/wp-content\/uploads\/2025\/08\/Imagen11-1.jpg\" data-rel=\"penci-gallery-image-content\" ><img loading=\"lazy\" decoding=\"async\" width=\"908\" height=\"930\" src=\"https:\/\/enolife.com.ar\/es\/wp-content\/uploads\/2025\/08\/Imagen11-1.jpg\" alt=\"\" class=\"wp-image-160971\" style=\"width:587px;height:auto\" srcset=\"https:\/\/enolife.com.ar\/es\/wp-content\/uploads\/2025\/08\/Imagen11-1.jpg 908w, https:\/\/enolife.com.ar\/es\/wp-content\/uploads\/2025\/08\/Imagen11-1-293x300.jpg 293w, https:\/\/enolife.com.ar\/es\/wp-content\/uploads\/2025\/08\/Imagen11-1-768x787.jpg 768w, https:\/\/enolife.com.ar\/es\/wp-content\/uploads\/2025\/08\/Imagen11-1-585x599.jpg 585w\" sizes=\"auto, (max-width: 908px) 100vw, 908px\" \/><\/a><\/figure><\/div>\n\n\n<div style=\"height:30px\" aria-hidden=\"true\" class=\"wp-block-spacer\"><\/div>\n\n\n\n<p>Las exportaciones de<strong> mosto concentrado<\/strong> en estos 7 meses ascendieron a <strong>43.323<\/strong> <strong>toneladas<\/strong> (<strong>+7,2%<\/strong>)<strong> <\/strong>a un<strong> valor FOB<\/strong> de <strong>U$S 66.389.000 <\/strong>(<strong>-0,9%<\/strong>). El precio promedio en el acumulado del a\u00f1o llega a <strong>1.532,4 d\u00f3lares\/tonelada <\/strong>(<strong>-7,6%<\/strong>).<\/p>\n\n\n\n<div style=\"height:35px\" aria-hidden=\"true\" class=\"wp-block-spacer\"><\/div>\n\n\n\n<p class=\"has-text-align-center has-medium-font-size\"><strong>Vinos y mostos mensual (volumen): julio 2025 \/ julio 2024<\/strong><\/p>\n\n\n\n<p class=\"has-vivid-red-color has-text-color\"><strong>Vino total: -21,1%<\/strong><\/p>\n\n\n\n<ul class=\"wp-block-list\">\n<li>Vino color: -23,1%<\/li>\n\n\n\n<li>Vino blanco: -9,6%<\/li>\n<\/ul>\n\n\n\n<p><strong>Vino Fraccionado: -11,3%<\/strong><\/p>\n\n\n\n<ul class=\"wp-block-list\">\n<li>Vino color: -11,8%<\/li>\n\n\n\n<li>Vino blanco: -8,7%<\/li>\n<\/ul>\n\n\n\n<p><strong>Vino Granel: -50,4%<\/strong><\/p>\n\n\n\n<ul class=\"wp-block-list\">\n<li>Vino color: -53,8%<\/li>\n\n\n\n<li>Vino blanco: -14,7%<\/li>\n<\/ul>\n\n\n\n<p class=\"has-vivid-red-color has-text-color\"><strong>Mosto concentrado: -0,4%<\/strong><\/p>\n\n\n\n<div style=\"height:30px\" aria-hidden=\"true\" class=\"wp-block-spacer\"><\/div>\n\n\n\n<p class=\"has-text-align-center has-medium-font-size\"><strong>Vinos y mostos mensual (volumen): enero &#8211; julio 2025 \/ enero &#8211; julio 2024<\/strong><\/p>\n\n\n\n<p class=\"has-vivid-red-color has-text-color\"><strong>Vino total: -6,9%<\/strong><\/p>\n\n\n\n<ul class=\"wp-block-list\">\n<li>Vino color: -8,7%<\/li>\n\n\n\n<li>Vino blanco: 3,3%<\/li>\n<\/ul>\n\n\n\n<p><strong>Vino Fraccionado: -5,1%<\/strong><\/p>\n\n\n\n<ul class=\"wp-block-list\">\n<li>Vino color: -6,3%<\/li>\n\n\n\n<li>Vino blanco: 1,1%<\/li>\n<\/ul>\n\n\n\n<p><strong>Vino Granel: -12,8%<\/strong><\/p>\n\n\n\n<ul class=\"wp-block-list\">\n<li>Vino color: -15,9%<\/li>\n\n\n\n<li>Vino blanco: 13,7%<\/li>\n<\/ul>\n\n\n\n<p class=\"has-vivid-red-color has-text-color\"><strong>Mosto concentrado: 7,2%<\/strong><\/p>\n\n\n\n<div style=\"height:30px\" aria-hidden=\"true\" class=\"wp-block-spacer\"><\/div>\n\n\n\n<p class=\"has-text-align-center has-medium-font-size\"><strong>Vinos mensual (volumen): junio 2025 \/ julio 2025 <\/strong><\/p>\n\n\n\n<ul class=\"wp-block-list\">\n<li><strong>Vino total: 18,2%<\/strong><\/li>\n<\/ul>\n\n\n\n<div style=\"height:40px\" aria-hidden=\"true\" class=\"wp-block-spacer\"><\/div>\n\n\n\n<p class=\"has-text-align-center has-medium-font-size\"><strong>Comparativo mensual vinos y mostos julio 2025\/ julio 2024<\/strong><\/p>\n\n\n\n<p class=\"has-background\" style=\"background-color:#abb7c252\"><strong>Vino-volumen: por tipo, color y modalidad de env\u00edo (hl)<\/strong><\/p>\n\n\n<div class=\"wp-block-image\">\n<figure class=\"aligncenter size-full is-resized\"><a href=\"https:\/\/enolife.com.ar\/es\/wp-content\/uploads\/2025\/08\/Imagen1-6.jpg\" data-rel=\"penci-gallery-image-content\" ><img loading=\"lazy\" decoding=\"async\" width=\"1040\" height=\"479\" src=\"https:\/\/enolife.com.ar\/es\/wp-content\/uploads\/2025\/08\/Imagen1-6.jpg\" alt=\"\" class=\"wp-image-160954\" style=\"width:774px;height:354px\" srcset=\"https:\/\/enolife.com.ar\/es\/wp-content\/uploads\/2025\/08\/Imagen1-6.jpg 1040w, https:\/\/enolife.com.ar\/es\/wp-content\/uploads\/2025\/08\/Imagen1-6-300x138.jpg 300w, https:\/\/enolife.com.ar\/es\/wp-content\/uploads\/2025\/08\/Imagen1-6-1024x472.jpg 1024w, https:\/\/enolife.com.ar\/es\/wp-content\/uploads\/2025\/08\/Imagen1-6-768x354.jpg 768w, https:\/\/enolife.com.ar\/es\/wp-content\/uploads\/2025\/08\/Imagen1-6-585x269.jpg 585w\" sizes=\"auto, (max-width: 1040px) 100vw, 1040px\" \/><\/a><\/figure><\/div>\n\n\n<div style=\"height:30px\" aria-hidden=\"true\" class=\"wp-block-spacer\"><\/div>\n\n\n\n<p class=\"has-very-light-gray-background-color has-background\"><strong>Vino-valor FOB: por tipo y modalidad de env\u00edo (miles de d\u00f3lares)<\/strong><\/p>\n\n\n<div class=\"wp-block-image\">\n<figure class=\"aligncenter size-full is-resized\"><a href=\"https:\/\/enolife.com.ar\/es\/wp-content\/uploads\/2025\/08\/Imagen2-3.jpg\" data-rel=\"penci-gallery-image-content\" ><img loading=\"lazy\" decoding=\"async\" width=\"951\" height=\"238\" src=\"https:\/\/enolife.com.ar\/es\/wp-content\/uploads\/2025\/08\/Imagen2-3.jpg\" alt=\"\" class=\"wp-image-160955\" style=\"width:622px;height:163px\" srcset=\"https:\/\/enolife.com.ar\/es\/wp-content\/uploads\/2025\/08\/Imagen2-3.jpg 951w, https:\/\/enolife.com.ar\/es\/wp-content\/uploads\/2025\/08\/Imagen2-3-300x75.jpg 300w, https:\/\/enolife.com.ar\/es\/wp-content\/uploads\/2025\/08\/Imagen2-3-768x192.jpg 768w, https:\/\/enolife.com.ar\/es\/wp-content\/uploads\/2025\/08\/Imagen2-3-585x146.jpg 585w\" sizes=\"auto, (max-width: 951px) 100vw, 951px\" \/><\/a><\/figure><\/div>\n\n\n<div style=\"height:30px\" aria-hidden=\"true\" class=\"wp-block-spacer\"><\/div>\n\n\n\n<p class=\"has-very-light-gray-background-color has-background\"><strong>Vino fraccionado-volumen: por tipo de envase (hl)<\/strong><\/p>\n\n\n<div class=\"wp-block-image\">\n<figure class=\"aligncenter size-full\"><a href=\"https:\/\/enolife.com.ar\/es\/wp-content\/uploads\/2025\/08\/Imagen3-4.jpg\" data-rel=\"penci-gallery-image-content\" ><img loading=\"lazy\" decoding=\"async\" width=\"519\" height=\"193\" src=\"https:\/\/enolife.com.ar\/es\/wp-content\/uploads\/2025\/08\/Imagen3-4.jpg\" alt=\"\" class=\"wp-image-160956\" srcset=\"https:\/\/enolife.com.ar\/es\/wp-content\/uploads\/2025\/08\/Imagen3-4.jpg 519w, https:\/\/enolife.com.ar\/es\/wp-content\/uploads\/2025\/08\/Imagen3-4-300x112.jpg 300w\" sizes=\"auto, (max-width: 519px) 100vw, 519px\" \/><\/a><\/figure><\/div>\n\n\n<div style=\"height:30px\" aria-hidden=\"true\" class=\"wp-block-spacer\"><\/div>\n\n\n\n<p class=\"has-very-light-gray-background-color has-background\"><strong>Mosto concentrado-volumen y valor FOB (toneladas y miles de d\u00f3lares)<\/strong><\/p>\n\n\n\n<div style=\"height:10px\" aria-hidden=\"true\" class=\"wp-block-spacer\"><\/div>\n\n\n<div class=\"wp-block-image\">\n<figure class=\"aligncenter size-full is-resized\"><a href=\"https:\/\/enolife.com.ar\/es\/wp-content\/uploads\/2025\/08\/Imagen4-2.jpg\" data-rel=\"penci-gallery-image-content\" ><img loading=\"lazy\" decoding=\"async\" width=\"714\" height=\"128\" src=\"https:\/\/enolife.com.ar\/es\/wp-content\/uploads\/2025\/08\/Imagen4-2.jpg\" alt=\"\" class=\"wp-image-160957\" style=\"width:555px;height:99px\" srcset=\"https:\/\/enolife.com.ar\/es\/wp-content\/uploads\/2025\/08\/Imagen4-2.jpg 714w, https:\/\/enolife.com.ar\/es\/wp-content\/uploads\/2025\/08\/Imagen4-2-300x54.jpg 300w, https:\/\/enolife.com.ar\/es\/wp-content\/uploads\/2025\/08\/Imagen4-2-585x105.jpg 585w\" sizes=\"auto, (max-width: 714px) 100vw, 714px\" \/><\/a><\/figure><\/div>\n\n\n<div style=\"height:35px\" aria-hidden=\"true\" class=\"wp-block-spacer\"><\/div>\n\n\n\n<p class=\"has-text-align-center has-medium-font-size\"><strong>Comparativo mensual vinos y mostos enero &#8211; julio 2025\/ enero &#8211; julio 2024<\/strong><\/p>\n\n\n\n<p class=\"has-background\" style=\"background-color:#abb7c252\"><strong>Vino-volumen: por tipo, color y modalidad de env\u00edo (hl)<\/strong><\/p>\n\n\n<div class=\"wp-block-image\">\n<figure class=\"aligncenter size-full\"><a href=\"https:\/\/enolife.com.ar\/es\/wp-content\/uploads\/2025\/08\/Imagen5-2.jpg\" data-rel=\"penci-gallery-image-content\" ><img loading=\"lazy\" decoding=\"async\" width=\"1039\" height=\"441\" src=\"https:\/\/enolife.com.ar\/es\/wp-content\/uploads\/2025\/08\/Imagen5-2.jpg\" alt=\"\" class=\"wp-image-160958\" srcset=\"https:\/\/enolife.com.ar\/es\/wp-content\/uploads\/2025\/08\/Imagen5-2.jpg 1039w, https:\/\/enolife.com.ar\/es\/wp-content\/uploads\/2025\/08\/Imagen5-2-300x127.jpg 300w, https:\/\/enolife.com.ar\/es\/wp-content\/uploads\/2025\/08\/Imagen5-2-1024x435.jpg 1024w, https:\/\/enolife.com.ar\/es\/wp-content\/uploads\/2025\/08\/Imagen5-2-768x326.jpg 768w, https:\/\/enolife.com.ar\/es\/wp-content\/uploads\/2025\/08\/Imagen5-2-585x248.jpg 585w\" sizes=\"auto, (max-width: 1039px) 100vw, 1039px\" \/><\/a><\/figure><\/div>\n\n\n<div style=\"height:30px\" aria-hidden=\"true\" class=\"wp-block-spacer\"><\/div>\n\n\n\n<p class=\"has-background\" style=\"background-color:#abb7c252\"><strong>Vino-valor FOB: por tipo y modalidad de env\u00edo (miles de d\u00f3lares)<\/strong><\/p>\n\n\n<div class=\"wp-block-image\">\n<figure class=\"aligncenter size-full is-resized\"><a href=\"https:\/\/enolife.com.ar\/es\/wp-content\/uploads\/2025\/08\/Imagen6-1.jpg\" data-rel=\"penci-gallery-image-content\" ><img loading=\"lazy\" decoding=\"async\" width=\"1041\" height=\"238\" src=\"https:\/\/enolife.com.ar\/es\/wp-content\/uploads\/2025\/08\/Imagen6-1.jpg\" alt=\"\" class=\"wp-image-160959\" style=\"width:791px;height:192px\" srcset=\"https:\/\/enolife.com.ar\/es\/wp-content\/uploads\/2025\/08\/Imagen6-1.jpg 1041w, https:\/\/enolife.com.ar\/es\/wp-content\/uploads\/2025\/08\/Imagen6-1-300x69.jpg 300w, https:\/\/enolife.com.ar\/es\/wp-content\/uploads\/2025\/08\/Imagen6-1-1024x234.jpg 1024w, https:\/\/enolife.com.ar\/es\/wp-content\/uploads\/2025\/08\/Imagen6-1-768x176.jpg 768w, https:\/\/enolife.com.ar\/es\/wp-content\/uploads\/2025\/08\/Imagen6-1-585x134.jpg 585w\" sizes=\"auto, (max-width: 1041px) 100vw, 1041px\" \/><\/a><\/figure><\/div>\n\n\n<div style=\"height:30px\" aria-hidden=\"true\" class=\"wp-block-spacer\"><\/div>\n\n\n\n<p class=\"has-background\" style=\"background-color:#abb7c252\"><strong>Vino fraccionado-volumen: por tipo de envase (hl)<\/strong><\/p>\n\n\n<div class=\"wp-block-image\">\n<figure class=\"aligncenter size-full\"><a href=\"https:\/\/enolife.com.ar\/es\/wp-content\/uploads\/2025\/08\/Imagen7-1.jpg\" data-rel=\"penci-gallery-image-content\" ><img loading=\"lazy\" decoding=\"async\" width=\"564\" height=\"176\" src=\"https:\/\/enolife.com.ar\/es\/wp-content\/uploads\/2025\/08\/Imagen7-1.jpg\" alt=\"\" class=\"wp-image-160960\" srcset=\"https:\/\/enolife.com.ar\/es\/wp-content\/uploads\/2025\/08\/Imagen7-1.jpg 564w, https:\/\/enolife.com.ar\/es\/wp-content\/uploads\/2025\/08\/Imagen7-1-300x94.jpg 300w\" sizes=\"auto, (max-width: 564px) 100vw, 564px\" \/><\/a><\/figure><\/div>\n\n\n<div style=\"height:30px\" aria-hidden=\"true\" class=\"wp-block-spacer\"><\/div>\n\n\n\n<p class=\"has-background\" style=\"background-color:#abb7c252\"><strong>Mosto concentrado-volumen, valor FOB y precio medio<\/strong><\/p>\n\n\n<div class=\"wp-block-image\">\n<figure class=\"aligncenter size-full is-resized\"><a href=\"https:\/\/enolife.com.ar\/es\/wp-content\/uploads\/2025\/08\/Imagen8-1.jpg\" data-rel=\"penci-gallery-image-content\" ><img loading=\"lazy\" decoding=\"async\" width=\"1036\" height=\"83\" src=\"https:\/\/enolife.com.ar\/es\/wp-content\/uploads\/2025\/08\/Imagen8-1.jpg\" alt=\"\" class=\"wp-image-160961\" style=\"width:672px;height:60px\" srcset=\"https:\/\/enolife.com.ar\/es\/wp-content\/uploads\/2025\/08\/Imagen8-1.jpg 1036w, https:\/\/enolife.com.ar\/es\/wp-content\/uploads\/2025\/08\/Imagen8-1-300x24.jpg 300w, https:\/\/enolife.com.ar\/es\/wp-content\/uploads\/2025\/08\/Imagen8-1-1024x82.jpg 1024w, https:\/\/enolife.com.ar\/es\/wp-content\/uploads\/2025\/08\/Imagen8-1-768x62.jpg 768w, https:\/\/enolife.com.ar\/es\/wp-content\/uploads\/2025\/08\/Imagen8-1-585x47.jpg 585w\" sizes=\"auto, (max-width: 1036px) 100vw, 1036px\" \/><\/a><\/figure><\/div>\n\n\n<div style=\"height:30px\" aria-hidden=\"true\" class=\"wp-block-spacer\"><\/div>\n\n\n\n<p class=\"has-background\" style=\"background-color:#abb7c252\"><strong>Total valor FOB acumulado vinos y mostos (miles de d\u00f3lares)<\/strong><\/p>\n\n\n<div class=\"wp-block-image\">\n<figure class=\"aligncenter size-full is-resized\"><a href=\"https:\/\/enolife.com.ar\/es\/wp-content\/uploads\/2025\/08\/Imagen9-1.jpg\" data-rel=\"penci-gallery-image-content\" ><img loading=\"lazy\" decoding=\"async\" width=\"481\" height=\"118\" src=\"https:\/\/enolife.com.ar\/es\/wp-content\/uploads\/2025\/08\/Imagen9-1.jpg\" alt=\"\" class=\"wp-image-160962\" style=\"width:412px;height:107px\" srcset=\"https:\/\/enolife.com.ar\/es\/wp-content\/uploads\/2025\/08\/Imagen9-1.jpg 481w, https:\/\/enolife.com.ar\/es\/wp-content\/uploads\/2025\/08\/Imagen9-1-300x74.jpg 300w\" sizes=\"auto, (max-width: 481px) 100vw, 481px\" \/><\/a><\/figure><\/div>\n\n\n<div style=\"height:35px\" aria-hidden=\"true\" class=\"wp-block-spacer\"><\/div>\n\n\n\n<p><\/p>\n","protected":false},"excerpt":{"rendered":"<p>Seg\u00fan el \u00faltimo informe del Instituto Nacional de Vitivinicultura (INV), Argentina export\u00f3 entre enero y&hellip;<\/p>\n","protected":false},"author":2,"featured_media":160978,"comment_status":"closed","ping_status":"open","sticky":false,"template":"","format":"standard","meta":{"footnotes":""},"categories":[9],"tags":[],"class_list":["post-160945","post","type-post","status-publish","format-standard","has-post-thumbnail","hentry","category-negocios"],"_links":{"self":[{"href":"https:\/\/enolife.com.ar\/es\/wp-json\/wp\/v2\/posts\/160945","targetHints":{"allow":["GET"]}}],"collection":[{"href":"https:\/\/enolife.com.ar\/es\/wp-json\/wp\/v2\/posts"}],"about":[{"href":"https:\/\/enolife.com.ar\/es\/wp-json\/wp\/v2\/types\/post"}],"author":[{"embeddable":true,"href":"https:\/\/enolife.com.ar\/es\/wp-json\/wp\/v2\/users\/2"}],"replies":[{"embeddable":true,"href":"https:\/\/enolife.com.ar\/es\/wp-json\/wp\/v2\/comments?post=160945"}],"version-history":[{"count":0,"href":"https:\/\/enolife.com.ar\/es\/wp-json\/wp\/v2\/posts\/160945\/revisions"}],"wp:featuredmedia":[{"embeddable":true,"href":"https:\/\/enolife.com.ar\/es\/wp-json\/wp\/v2\/media\/160978"}],"wp:attachment":[{"href":"https:\/\/enolife.com.ar\/es\/wp-json\/wp\/v2\/media?parent=160945"}],"wp:term":[{"taxonomy":"category","embeddable":true,"href":"https:\/\/enolife.com.ar\/es\/wp-json\/wp\/v2\/categories?post=160945"},{"taxonomy":"post_tag","embeddable":true,"href":"https:\/\/enolife.com.ar\/es\/wp-json\/wp\/v2\/tags?post=160945"}],"curies":[{"name":"wp","href":"https:\/\/api.w.org\/{rel}","templated":true}]}}