{"id":160906,"date":"2025-08-11T13:00:10","date_gmt":"2025-08-11T13:00:10","guid":{"rendered":"https:\/\/enolife.com.ar\/es\/?p=160906"},"modified":"2025-09-05T23:57:32","modified_gmt":"2025-09-05T23:57:32","slug":"alarma-en-espana-reaparece-la-filoxera-en-vinas-de-tenerife-y-activan-protocolo-de-emergencia","status":"publish","type":"post","link":"https:\/\/enolife.com.ar\/es\/alarma-en-espana-reaparece-la-filoxera-en-vinas-de-tenerife-y-activan-protocolo-de-emergencia\/","title":{"rendered":"Alarma en Espa\u00f1a: reaparece la filoxera en vi\u00f1as de Tenerife y activan protocolo de emergencia"},"content":{"rendered":"\n<h4 class=\"wp-block-heading\"><em><strong>El gobierno de las Islas Canarias y el Cabildo de Tenerife, Espa\u00f1a, trabajan de forma coordinada para controlar un foco de filoxera de la vid (Daktulosphaira vitifoliae), que fue detectado a finales del mes de julio en un parral de un jard\u00edn particular y en terrenos pr\u00f3ximos parcialmente abandonados, en una zona del Valle de Guerra, en el municipio de La Laguna. Con el objetivo de erradicar este organismo nocivo, ambas administraciones establecieron y aplicaron las medidas fitosanitarias para proceder al control del foco inicial, entre ellas el retiro de las plantas afectadas y sus ra\u00edces, y su eliminaci\u00f3n tras su desinfecci\u00f3n. La entrada de esta plaga en Europa en 1863 destruy\u00f3 la mayor parte de los vi\u00f1edos del continente, que no se recuper\u00f3 hasta 30 a\u00f1os despu\u00e9s, gracias a la utilizaci\u00f3n de portainjertos americanos que eran resistentes al insecto.<\/strong><\/em><\/h4>\n\n\n\n<div style=\"height:35px\" aria-hidden=\"true\" class=\"wp-block-spacer\"><\/div>\n\n\n<a href=\"https:\/\/sudafilt.com\/\" aria-label=\"SUDAFILT 1700X500 NOV25\"><img loading=\"lazy\" decoding=\"async\" src=\"https:\/\/enolife.com.ar\/es\/wp-content\/uploads\/2020\/07\/SUDAFILT-1700X500-NOV25.gif\" alt=\"\"  width=\"1700\" height=\"500\"   \/><\/a>\n\n\n<div style=\"height:45px\" aria-hidden=\"true\" class=\"wp-block-spacer\"><\/div>\n\n\n\n<p>La <strong>C\u00e1tedra de Agroturismo y Enoturismo<\/strong> del <strong>Instituto Canario de Calidad Agroalimentaria<\/strong> y de la <strong>Universidad de La Laguna<\/strong>, emiti\u00f3 un comunicado en respuesta a la detecci\u00f3n, por primera vez en este archipi\u00e9lago espa\u00f1ol, de focos de la <strong>filoxera de la vid (<em>Daktulosphaira Vitifoliae<\/em>)<\/strong>, una plaga que nunca antes se hab\u00eda detectado en Canarias. Su entrada en Europa, en el siglo XIX, provoc\u00f3 una devastaci\u00f3n masiva de los vi\u00f1edos con efectos que se prolongaron durante m\u00e1s de 30 a\u00f1os.<\/p>\n\n\n\n<p>Desde la C\u00e1tedra subrayaron la necesidad de extremar la vigilancia, la precauci\u00f3n y la colaboraci\u00f3n del sector vitivin\u00edcola. Las autoridades competentes, el gobierno de Canarias y el Cabildo de Tenerife, activaron un protocolo conjunto para mitigar su expansi\u00f3n. Las medidas incluyen la eliminaci\u00f3n de las plantas y ra\u00edces afectadas tras la desinfecci\u00f3n, el establecimiento de una zona de vigilancia alrededor del foco, la prospecci\u00f3n intensiva en fincas comerciales y no comerciales, as\u00ed como la convocatoria de reuniones informativas con el sector.<\/p>\n\n\n\n<p>En este contexto, elaboraron una gu\u00eda t\u00e9cnica con im\u00e1genes y descripciones detalladas para que viticultores y t\u00e9cnicos puedan reconocer de manera eficaz los s\u00edntomas de la filoxera en hojas y ra\u00edces. Este documento, una herramienta fundamental para la detecci\u00f3n precoz, est\u00e1 disponible para su consulta y descarga en la&nbsp;p\u00e1gina web de la <strong>Consejer\u00eda de Agricultura, Ganader\u00eda, Pesca y Soberan\u00eda Alimentaria del Gobierno de Canarias.<\/strong><\/p>\n\n\n<div class=\"wp-block-image\">\n<figure class=\"alignleft size-full is-resized\"><a href=\"https:\/\/enolife.com.ar\/es\/wp-content\/uploads\/2025\/08\/image-9.png\" data-rel=\"penci-gallery-image-content\" ><img loading=\"lazy\" decoding=\"async\" width=\"886\" height=\"679\" src=\"https:\/\/enolife.com.ar\/es\/wp-content\/uploads\/2025\/08\/image-9.png\" alt=\"\" class=\"wp-image-160917\" style=\"width:376px;height:auto\" srcset=\"https:\/\/enolife.com.ar\/es\/wp-content\/uploads\/2025\/08\/image-9.png 886w, https:\/\/enolife.com.ar\/es\/wp-content\/uploads\/2025\/08\/image-9-300x230.png 300w, https:\/\/enolife.com.ar\/es\/wp-content\/uploads\/2025\/08\/image-9-768x589.png 768w, https:\/\/enolife.com.ar\/es\/wp-content\/uploads\/2025\/08\/image-9-585x448.png 585w\" sizes=\"auto, (max-width: 886px) 100vw, 886px\" \/><\/a><\/figure><\/div>\n\n\n<p>El primer foco fue identificado en el t\u00e9rmino municipal de La Laguna, concretamente en el <strong>Valle de Guerra.<\/strong> Las autoridades, coordinadas entre el Cabildo de Tenerife y el Gobierno de Canarias, actuaron con celeridad para aplicar medidas de urgencia. Esto incluye el retiro de las plantas y ra\u00edces afectadas, un proceso de desinfecci\u00f3n y la delimitaci\u00f3n del foco para evitar su expansi\u00f3n.<\/p>\n\n\n\n<p>Lamentablemente, la alerta se ha elevado tras la confirmaci\u00f3n de un segundo foco en <strong>La Matanza de Acentejo<\/strong>, lo que incrementa la preocupaci\u00f3n del sector. Los expertos han calificado la situaci\u00f3n como <em>\u201ccomplicad\u00edsima y grave\u201d<\/em>, se\u00f1alando que la plaga pone en riesgo las 3.200 hect\u00e1reas de vi\u00f1a de la isla. Dada la imposibilidad de erradicar el pulg\u00f3n una vez establecido en las ra\u00edces, la \u00fanica soluci\u00f3n a largo plazo, seg\u00fan los especialistas, ser\u00e1 la reconversi\u00f3n de las plantaciones mediante el injerto de variedades canarias en los denominados patrones americanos.<\/p>\n\n\n\n<div style=\"height:30px\" aria-hidden=\"true\" class=\"wp-block-spacer\"><\/div>\n\n\n<div class=\"wp-block-image\">\n<figure class=\"alignleft size-full is-resized\"><a href=\"https:\/\/enolife.com.ar\/es\/wp-content\/uploads\/2025\/08\/WhatsApp-Image-2025-08-11-at-11.06.40-1024x440-1.jpeg\" data-rel=\"penci-gallery-image-content\" ><img loading=\"lazy\" decoding=\"async\" width=\"470\" height=\"363\" src=\"https:\/\/enolife.com.ar\/es\/wp-content\/uploads\/2025\/08\/WhatsApp-Image-2025-08-11-at-11.06.40-1024x440-1.jpeg\" alt=\"\" class=\"wp-image-163380\" style=\"width:264px;height:auto\" srcset=\"https:\/\/enolife.com.ar\/es\/wp-content\/uploads\/2025\/08\/WhatsApp-Image-2025-08-11-at-11.06.40-1024x440-1.jpeg 470w, https:\/\/enolife.com.ar\/es\/wp-content\/uploads\/2025\/08\/WhatsApp-Image-2025-08-11-at-11.06.40-1024x440-1-300x232.jpeg 300w\" sizes=\"auto, (max-width: 470px) 100vw, 470px\" \/><\/a><\/figure><\/div>\n\n\n<p class=\"has-background\" style=\"background-color:#fcb90085\">El insecto <em>Phylloxera vastatrix<\/em>, hoy denominado <em>Daktulosphaira vitifoliae<\/em> es un \u00e1fido o pulg\u00f3n peque\u00f1o pero letal, picador y de un polimorfismo muy marcado. Las formas partenogen\u00e9ticas son \u00e1pteras, de color variable entre el amarillo y el ocre y de un tama\u00f1o variable entre 0,3 mm y 1,4 mm. Se encuentra de dos formas, <strong>gall\u00edcolas <\/strong>(que viven sobre las hojas, formadora de agallas) y <strong>radic\u00edcolas <\/strong>(que viven en las ra\u00edces, formadora de n\u00f3dulos o tuberosidades.). Lo que se encontr\u00f3 en la actualidad es un resurgimiento de ataques foliares de la forma gall\u00edcola sobre los injertos de vid europea en determinados lugares sin que esto sea perjudicial por el momento para la cosecha.<\/p>\n\n\n\n<div style=\"height:45px\" aria-hidden=\"true\" class=\"wp-block-spacer\"><\/div>\n\n\n\n<p class=\"has-medium-font-size\"><strong>Descripci\u00f3n y antecedentes<\/strong><\/p>\n\n\n\n<p>El insecto Phylloxera vastatrix, hoy denominado Daktulosphaira vitifoliae (filoxera de la vid), es un insecto par\u00e1sito de la vid, descrito por primera vez por<strong> Asa Fitch<\/strong> en 1855, en <strong>Estados Unidos<\/strong>. Los da\u00f1os que ocasiona este organismo nocivo se pueden apreciar en las ra\u00edces o en las hojas de las plantas hospedantes.<\/p>\n\n\n\n<p>En hojas da lugar a la formaci\u00f3n de agallas provocadas por las picaduras de este insecto que son visibles en el env\u00e9s de las mismas y que se corresponden con lesiones clor\u00f3ticas visibles en el haz. A nivel radicular, tambi\u00e9n se observa en las raicillas la presencia de n\u00f3dulos y tuberosidades ligadas a dichas picaduras. Si los s\u00edntomas afectan a la ra\u00edz principal, la vid inevitablemente se marchitar\u00e1 entre los dos y los cinco a\u00f1os despu\u00e9s de la infestaci\u00f3n, provocando su muerte.<\/p>\n\n\n\n<div style=\"height:35px\" aria-hidden=\"true\" class=\"wp-block-spacer\"><\/div>\n\n\n<div class=\"wp-block-image\">\n<figure class=\"aligncenter size-full is-resized\"><a href=\"https:\/\/enolife.com.ar\/es\/wp-content\/uploads\/2025\/08\/image-8.png\" data-rel=\"penci-gallery-image-content\" ><img loading=\"lazy\" decoding=\"async\" width=\"804\" height=\"928\" src=\"https:\/\/enolife.com.ar\/es\/wp-content\/uploads\/2025\/08\/image-8.png\" alt=\"\" class=\"wp-image-160912\" style=\"width:540px;height:auto\" srcset=\"https:\/\/enolife.com.ar\/es\/wp-content\/uploads\/2025\/08\/image-8.png 804w, https:\/\/enolife.com.ar\/es\/wp-content\/uploads\/2025\/08\/image-8-260x300.png 260w, https:\/\/enolife.com.ar\/es\/wp-content\/uploads\/2025\/08\/image-8-768x886.png 768w, https:\/\/enolife.com.ar\/es\/wp-content\/uploads\/2025\/08\/image-8-585x675.png 585w\" sizes=\"auto, (max-width: 804px) 100vw, 804px\" \/><\/a><figcaption class=\"wp-element-caption\"><strong><em>Ciclo biol\u00f3gico de la filoxera de la vid<\/em><\/strong>.<\/figcaption><\/figure><\/div>\n\n\n<div style=\"height:35px\" aria-hidden=\"true\" class=\"wp-block-spacer\"><\/div>\n\n\n\n<p><strong>La entrada de la plaga en Europa en 1863 <\/strong>provoc\u00f3 una grave crisis en el sector vitivin\u00edcola, que no se recuper\u00f3 hasta transcurrido tres d\u00e9cadas, gracias a la utilizaci\u00f3n de portainjertos americanos que eran resistentes.<\/p>\n\n\n\n<p>A Espa\u00f1a lleg\u00f3 en 1878, por tres zonas principalmente, M\u00e1laga, Gerona y la zona fronteriza con Portugal, cerca del rio Duero, quedando libre de la plaga las Islas Canarias. En la actualidad no representa un problema fitosanitario en Europa, pero s\u00ed es una plaga de cuarentena en aquellos pa\u00edses en los que no est\u00e1 presente, al igual que en Canarias, que ostenta un estatus fitosanitario propio (Orden de 12 de marzo de 1987).<\/p>\n\n\n\n<p>En Canarias, hasta la fecha el estatus fitosanitario respecto a Daktulosphaira vitifoliae estaba ausente. Esta consideraci\u00f3n del estatus para el archipi\u00e9lago canario se ha mantenido gracias a la vigencia de la Orden de 12 de marzo de 1987, por la que se establecen para Canarias las normas fitosanitarias relativas a la importaci\u00f3n, exportaci\u00f3n y tr\u00e1nsito de vegetales y productos vegetales que en su anexo III proh\u00edbe la importaci\u00f3n de material vegetal de vid (Vitis L.) excepto frutos y semillas, originarios de todos los pa\u00edses, incluido Espa\u00f1a peninsular.<\/p>\n\n\n\n<div style=\"height:45px\" aria-hidden=\"true\" class=\"wp-block-spacer\"><\/div>\n\n\n\n<p class=\"has-medium-font-size\"><strong>La importancia del sector vitivin\u00edcola en Tenerife<\/strong><\/p>\n\n\n\n<p>El legado hist\u00f3rico del vino en Tenerife se remonta a m\u00e1s de 500 a\u00f1os, una tradici\u00f3n que llev\u00f3 a que sus vinos fueran apreciados en Europa y mencionados en obras de autores como Shakespeare y Walter Scott. Aunque la industria sufri\u00f3 un declive entre los siglos XVII y XVIII, el renacimiento del sector lleg\u00f3 en 1985 con la primera <strong>Denominaci\u00f3n de Origen del archipi\u00e9lago, la de Tacoronte-Acentejo.&nbsp;<\/strong><\/p>\n\n\n\n<p>Actualmente, en Tenerife conviven 6 Denominaciones de Origen Protegidas de vino: <strong>Abona, Valle de La Orotava, Valle de G\u00fc\u00edmar, Tacoronte-Acentejo, Ycoden Daute Isora e Islas Canarias.<\/strong> Estas D.O. representan m\u00e1s del 70% de la producci\u00f3n total de las Islas Canarias, y agrupan a un centenar de bodegas, reflejando tanto el legado como la importancia econ\u00f3mica del sector vitivin\u00edcola tinerfe\u00f1o.&nbsp;<\/p>\n\n\n\n<p>M\u00e1s all\u00e1 de su valor cultural y econ\u00f3mico, el sector vitivin\u00edcola es crucial para el desarrollo del enoturismo. La calidad y singularidad de los vinos de la isla, ligados a un paisaje singular y a variedades de uva aut\u00f3ctonas, atraen a miles de visitantes cada a\u00f1o. Estos turistas buscan experiencias \u00fanicas que combinan la visita a bodegas y vi\u00f1edos con la degustaci\u00f3n de vinos, lo que genera ingresos y empleo. La filoxera no solo pone en peligro la producci\u00f3n del vino, y toda una diversidad varietal y paisaj\u00edstica, sino que tambi\u00e9n amenaza esta creciente industria del enoturismo, fundamental para complementar la econom\u00eda agraria.&nbsp;<\/p>\n\n\n\n<div style=\"height:45px\" aria-hidden=\"true\" class=\"wp-block-spacer\"><\/div>\n\n\n\n<p class=\"has-medium-font-size\"><strong>Llamamiento a la acci\u00f3n<\/strong><\/p>\n\n\n\n<p>Desde la C\u00e1tedra, en l\u00ednea con las recomendaciones de las instituciones p\u00fablicas y de los representantes del sector, hacen un llamamiento a todos los agricultores y viticultores para que extremen la vigilancia en sus cultivos. Se recomienda encarecidamente informar de inmediato a las Agencias de Extensi\u00f3n Agraria del Cabildo o a la Consejer\u00eda de Agricultura del Gobierno de Canarias ante cualquier sintomatolog\u00eda sospechosa, como mutaciones en las hojas.&nbsp;<\/p>\n\n\n\n<div style=\"height:15px\" aria-hidden=\"true\" class=\"wp-block-spacer\"><\/div>\n\n\n\n<p class=\"has-background\" style=\"background-color:#abb7c257\"><strong>Filoxera en la vid. Informaci\u00f3n y protocolos.&nbsp;<a href=\"https:\/\/www.diariodetenerife.info\/wp-content\/uploads\/2025\/08\/IT-LA-FILOXERA-DE-LA-VID-Canarias-V2.pdf\">Descargar AQU\u00cd<\/a><\/strong><\/p>\n\n\n\n<div style=\"height:30px\" aria-hidden=\"true\" class=\"wp-block-spacer\"><\/div>\n\n\n\n<p class=\"has-small-font-size\"><em><strong>Fuente: C\u00e1tedra de Agroturismo y Enoturismo de Canarias del Instituto Canario de Calidad Agroalimentaria y de la Universidad de La Laguna<\/strong><\/em><\/p>\n\n\n\n<div style=\"height:30px\" aria-hidden=\"true\" class=\"wp-block-spacer\"><\/div>\n\n\n\n<p><\/p>\n\n\n\n<p><\/p>\n\n\n\n<p><\/p>\n\n\n\n<p><\/p>\n\n\n\n<p><\/p>\n\n\n\n<p><\/p>\n","protected":false},"excerpt":{"rendered":"<p>El gobierno de las Islas Canarias y el Cabildo de Tenerife, Espa\u00f1a, trabajan de forma&hellip;<\/p>\n","protected":false},"author":2,"featured_media":163378,"comment_status":"closed","ping_status":"open","sticky":false,"template":"","format":"standard","meta":{"footnotes":""},"categories":[14],"tags":[],"class_list":["post-160906","post","type-post","status-publish","format-standard","has-post-thumbnail","hentry","category-news"],"_links":{"self":[{"href":"https:\/\/enolife.com.ar\/es\/wp-json\/wp\/v2\/posts\/160906","targetHints":{"allow":["GET"]}}],"collection":[{"href":"https:\/\/enolife.com.ar\/es\/wp-json\/wp\/v2\/posts"}],"about":[{"href":"https:\/\/enolife.com.ar\/es\/wp-json\/wp\/v2\/types\/post"}],"author":[{"embeddable":true,"href":"https:\/\/enolife.com.ar\/es\/wp-json\/wp\/v2\/users\/2"}],"replies":[{"embeddable":true,"href":"https:\/\/enolife.com.ar\/es\/wp-json\/wp\/v2\/comments?post=160906"}],"version-history":[{"count":0,"href":"https:\/\/enolife.com.ar\/es\/wp-json\/wp\/v2\/posts\/160906\/revisions"}],"wp:featuredmedia":[{"embeddable":true,"href":"https:\/\/enolife.com.ar\/es\/wp-json\/wp\/v2\/media\/163378"}],"wp:attachment":[{"href":"https:\/\/enolife.com.ar\/es\/wp-json\/wp\/v2\/media?parent=160906"}],"wp:term":[{"taxonomy":"category","embeddable":true,"href":"https:\/\/enolife.com.ar\/es\/wp-json\/wp\/v2\/categories?post=160906"},{"taxonomy":"post_tag","embeddable":true,"href":"https:\/\/enolife.com.ar\/es\/wp-json\/wp\/v2\/tags?post=160906"}],"curies":[{"name":"wp","href":"https:\/\/api.w.org\/{rel}","templated":true}]}}