{"id":160824,"date":"2025-08-09T15:52:56","date_gmt":"2025-08-09T15:52:56","guid":{"rendered":"https:\/\/enolife.com.ar\/es\/?p=160824"},"modified":"2025-08-12T14:53:23","modified_gmt":"2025-08-12T14:53:23","slug":"el-mitico-minotauro-revive-en-el-laberinto-subterraneo-de-club-tapiz","status":"publish","type":"post","link":"https:\/\/enolife.com.ar\/es\/el-mitico-minotauro-revive-en-el-laberinto-subterraneo-de-club-tapiz\/","title":{"rendered":"El m\u00edtico Minotauro revive en el laberinto subterr\u00e1neo de Club Tapiz"},"content":{"rendered":"\n<h4 class=\"wp-block-heading\"><em><strong>El ya tradicional hotel, restaurante y bodega de la Ruta 60 de Mendoza inaugur\u00f3 recientemente su Galer\u00eda del Minotauro, un espacio de arte en el que a partir del 14 de agosto, de 19 a 22 hs, se podr\u00e1 disfrutar la muestra \u00abEl color tejido\u00bb, de Adolfo Estrada. Esta exposici\u00f3n contin\u00faa el tema del Minotauro en su m\u00edtica batalla con el rey ateniense Teseo (ilustraci\u00f3n principal) y la anterior muestra \u00abEl hilo de Ariadna\u00bb<\/strong><\/em><strong><em>.<\/em><\/strong><\/h4>\n\n\n\n<div style=\"height:35px\" aria-hidden=\"true\" class=\"wp-block-spacer\"><\/div>\n\n\n<a href=\"https:\/\/instagram.com\/labelsolutions?igshid=YmMyMTA2M2Y=\" aria-label=\"Banner Palero 1700&#215;500\"><img loading=\"lazy\" decoding=\"async\" src=\"https:\/\/enolife.com.ar\/es\/wp-content\/uploads\/2021\/09\/Banner-Palero-1700x500-1.gif\" alt=\"\"  width=\"1700\" height=\"500\"   \/><\/a>\n\n\n<div style=\"height:45px\" aria-hidden=\"true\" class=\"wp-block-spacer\"><\/div>\n\n\n\n<p>La <strong>Galer\u00eda del Minotauro<\/strong> en <strong>Club Tapiz<\/strong>, un nuevo espacio expositivo en Mendoza dedicado al arte contempor\u00e1neo, se presenta al p\u00fablico con la exposici\u00f3n <strong>\u00abEl color tejido\u00bb <\/strong>de <strong>Adolfo Estrada<\/strong>, el 14 de agosto de 19 a 22 hs. <\/p>\n\n\n\n<p>Este proyecto es la continuaci\u00f3n de <strong>\u00abEl hilo de Ariadna\u00bb<\/strong>, una exposici\u00f3n inusual y heterodoxa de textiles tribales curada por <strong>Ferran Barenblit<\/strong>, inaugurada en octubre de 2023 en un espacio laber\u00edntico dentro de la bodega hist\u00f3rica, dise\u00f1ado por el arquitecto mendocino <strong>Alejandro Wachman.<\/strong><\/p>\n\n\n\n<div style=\"height:33px\" aria-hidden=\"true\" class=\"wp-block-spacer\"><\/div>\n\n\n<div class=\"wp-block-image\">\n<figure class=\"aligncenter size-large is-resized\"><a href=\"https:\/\/enolife.com.ar\/es\/wp-content\/uploads\/2025\/08\/Imagen1-4.jpg\" data-rel=\"penci-gallery-image-content\" ><img loading=\"lazy\" decoding=\"async\" width=\"1024\" height=\"440\" src=\"https:\/\/enolife.com.ar\/es\/wp-content\/uploads\/2025\/08\/Imagen1-4-1024x440.jpg\" alt=\"\" class=\"wp-image-160834\" style=\"width:706px;height:auto\" srcset=\"https:\/\/enolife.com.ar\/es\/wp-content\/uploads\/2025\/08\/Imagen1-4-1024x440.jpg 1024w, https:\/\/enolife.com.ar\/es\/wp-content\/uploads\/2025\/08\/Imagen1-4-300x129.jpg 300w, https:\/\/enolife.com.ar\/es\/wp-content\/uploads\/2025\/08\/Imagen1-4-768x330.jpg 768w, https:\/\/enolife.com.ar\/es\/wp-content\/uploads\/2025\/08\/Imagen1-4-1170x503.jpg 1170w, https:\/\/enolife.com.ar\/es\/wp-content\/uploads\/2025\/08\/Imagen1-4-585x251.jpg 585w, https:\/\/enolife.com.ar\/es\/wp-content\/uploads\/2025\/08\/Imagen1-4.jpg 1280w\" sizes=\"auto, (max-width: 1024px) 100vw, 1024px\" \/><\/a><figcaption class=\"wp-element-caption\"><em><strong>El novedoso espacio subterr\u00e1neo de Club Tapiz.<\/strong><\/em><\/figcaption><\/figure><\/div>\n\n\n<div style=\"height:28px\" aria-hidden=\"true\" class=\"wp-block-spacer\"><\/div>\n\n\n\n<p>La <strong>Galer\u00eda del Minotauro -un moderno laberinto subterr\u00e1neo<\/strong> que reinventa aquella intrincada caverna donde estaba encadenado el Minotauro hasta que el del m\u00edtico rey cretense <strong>Teseo<\/strong> lo mat\u00f3-, est\u00e1 dedicada al arte contempor\u00e1neo, con especial atenci\u00f3n a esa intersecci\u00f3n con el arte textil que la obra de Estrada ejemplifica a la perfecci\u00f3n. La primera exposici\u00f3n de este espacio est\u00e1 dedicada a la obra del artista Adolfo Estrada, trasladada al textil con las t\u00e9cnicas ancestrales y tintes naturales de la m\u00e1s remota antig\u00fcedad.<\/p>\n\n\n\n<div style=\"height:45px\" aria-hidden=\"true\" class=\"wp-block-spacer\"><\/div>\n\n\n<div class=\"wp-block-image\">\n<figure class=\"alignleft size-full is-resized\"><a href=\"https:\/\/enolife.com.ar\/es\/wp-content\/uploads\/2025\/08\/Bio-Adolfo-Dunev-1.jpg\" data-rel=\"penci-gallery-image-content\" ><img loading=\"lazy\" decoding=\"async\" width=\"406\" height=\"500\" src=\"https:\/\/enolife.com.ar\/es\/wp-content\/uploads\/2025\/08\/Bio-Adolfo-Dunev-1.jpg\" alt=\"\" class=\"wp-image-160835\" style=\"width:275px;height:auto\" srcset=\"https:\/\/enolife.com.ar\/es\/wp-content\/uploads\/2025\/08\/Bio-Adolfo-Dunev-1.jpg 406w, https:\/\/enolife.com.ar\/es\/wp-content\/uploads\/2025\/08\/Bio-Adolfo-Dunev-1-244x300.jpg 244w\" sizes=\"auto, (max-width: 406px) 100vw, 406px\" \/><\/a><\/figure><\/div>\n\n\n<p class=\"has-medium-font-size\"><strong> Adolfo Estrada<\/strong><\/p>\n\n\n\n<p>Nacido en Buenos Aires en 1942, Adolfo Estrada es hijo de arquitecto y empieza a dibujar desde muy joven, copiando detalles de elementos constructivos que encuentra en libros de arquitectura de la biblioteca de su padre. Ese inter\u00e9s en la abstracci\u00f3n geom\u00e9trica ser\u00e1 una constante en su obra. <\/p>\n\n\n\n<p>A mediados de los a\u00f1os 90 inicia una serie de construcciones verticales en madera policromada. Algunas de estas obras se articulan a la manera de los retablos del Quattrocento. Por la misma \u00e9poca empieza a usar el pan de oro. A partir de entonces, los relieves sobre madera y los peque\u00f1os collages -en general con trozos de papel pintados por \u00e9l mismo- se convierten en una pr\u00e1ctica habitual. Esta transmutaci\u00f3n de lo artesanal en una metaf\u00edsica de lo cotidiano le llevar\u00e1 a realizar obras inusuales, como un retablo para la capilla de una finca privada en Toledo, encargo que ejecuta entre 2019 y 2021.<\/p>\n\n\n\n<p>En 2010 participa en la exposici\u00f3n Beauty as Necessity: Weavings and Paintings from the Otten Collection, en la Otten Kunstraum, en Hohenems (Austria), en la que se exhibe parte de la colecci\u00f3n de textiles y arte abstracto -con artistas como Arp, Chillida, Delaunay, El Lissitzky, Hern\u00e1ndez Pijuan, Popova y Scully- del empresario textil Wilhelm Otten. Estrada escribe en el cat\u00e1logo de la exposici\u00f3n:<\/p>\n\n\n\n<blockquote class=\"wp-block-quote is-layout-flow wp-block-quote-is-layout-flow\">\n<p>Si entendemos que la abstracci\u00f3n es la b\u00fasqueda de la esencialidad, es comprensible la fascinaci\u00f3n por el arte de culturas tan remotas en espacio y tiempo. En el caso de los textiles, los dise\u00f1os est\u00e1n compuestos con elementos simples, signos de un lenguaje abstracto y universal\u00bb.<br>ADOLFO ESTRADA, el artista expositor.<\/p>\n<\/blockquote>\n\n\n\n<div style=\"height:45px\" aria-hidden=\"true\" class=\"wp-block-spacer\"><\/div>\n\n\n\n<p class=\"has-medium-font-size\"><strong>El color del tejido<\/strong><\/p>\n\n\n\n<p>En esta exposici\u00f3n, \u00abEl color tejido\u00bb, Estrada destila todas esas experiencias en una epifan\u00eda de textiles abstractos elaborados con t\u00e9cnicas tradicionales y colores naturales de una vibraci\u00f3n poderosa.<\/p>\n\n\n\n<div style=\"height:50px\" aria-hidden=\"true\" class=\"wp-block-spacer\"><\/div>\n\n\n\n<figure class=\"wp-block-embed is-type-video is-provider-youtube wp-block-embed-youtube wp-embed-aspect-16-9 wp-has-aspect-ratio\"><div class=\"wp-block-embed__wrapper\">\n<iframe loading=\"lazy\" title=\"CLUB TAPIZ - GALERIA DEL MINOTAURO, MUESTRA &quot;EL COLOR TEJIDO&quot; ADOLFO ESTRADA\" width=\"1170\" height=\"658\" src=\"https:\/\/www.youtube.com\/embed\/dmQNe8_67lU?feature=oembed\" frameborder=\"0\" allow=\"accelerometer; autoplay; clipboard-write; encrypted-media; gyroscope; picture-in-picture; web-share\" referrerpolicy=\"strict-origin-when-cross-origin\" allowfullscreen><\/iframe>\n<\/div><\/figure>\n\n\n\n<div style=\"height:50px\" aria-hidden=\"true\" class=\"wp-block-spacer\"><\/div>\n\n\n\n<p>La conexi\u00f3n entre la abstracci\u00f3n metaf\u00edsica y una forma de expresi\u00f3n ancestral tiene una fuerza evocadora que integra esas formas del inconsciente colectivo de los pueblos n\u00f3madas de las estepas de Asia o de las culturas precolombinas de los Andes con una obra totalmente contempor\u00e1nea. Se cierra as\u00ed un c\u00edrculo simb\u00f3lico de nuestro inconsciente colectivo, donde el arte textil de los pueblos n\u00f3madas encuentra el lugar que le corresponde en el universo del arte contempor\u00e1neo.<\/p>\n\n\n\n<p class=\"has-background\" style=\"background-color:#abb7c24f\"><strong>Lugar: Club Tapiz &#8211; Ruta 60 km 2.5 &#8211; Russell &#8211; Maip\u00fa &#8211; Reservas: <a href=\"mailto:galeriadelminotauro@gmail.com\">galeriadelminotauro@gmail.com<\/a><\/strong><\/p>\n\n\n\n<div style=\"height:30px\" aria-hidden=\"true\" class=\"wp-block-spacer\"><\/div>\n","protected":false},"excerpt":{"rendered":"<p>El ya tradicional hotel, restaurante y bodega de la Ruta 60 de Mendoza inaugur\u00f3 recientemente&hellip;<\/p>\n","protected":false},"author":2,"featured_media":160892,"comment_status":"closed","ping_status":"open","sticky":false,"template":"","format":"standard","meta":{"footnotes":""},"categories":[47],"tags":[],"class_list":["post-160824","post","type-post","status-publish","format-standard","has-post-thumbnail","hentry","category-agenda"],"_links":{"self":[{"href":"https:\/\/enolife.com.ar\/es\/wp-json\/wp\/v2\/posts\/160824","targetHints":{"allow":["GET"]}}],"collection":[{"href":"https:\/\/enolife.com.ar\/es\/wp-json\/wp\/v2\/posts"}],"about":[{"href":"https:\/\/enolife.com.ar\/es\/wp-json\/wp\/v2\/types\/post"}],"author":[{"embeddable":true,"href":"https:\/\/enolife.com.ar\/es\/wp-json\/wp\/v2\/users\/2"}],"replies":[{"embeddable":true,"href":"https:\/\/enolife.com.ar\/es\/wp-json\/wp\/v2\/comments?post=160824"}],"version-history":[{"count":0,"href":"https:\/\/enolife.com.ar\/es\/wp-json\/wp\/v2\/posts\/160824\/revisions"}],"wp:featuredmedia":[{"embeddable":true,"href":"https:\/\/enolife.com.ar\/es\/wp-json\/wp\/v2\/media\/160892"}],"wp:attachment":[{"href":"https:\/\/enolife.com.ar\/es\/wp-json\/wp\/v2\/media?parent=160824"}],"wp:term":[{"taxonomy":"category","embeddable":true,"href":"https:\/\/enolife.com.ar\/es\/wp-json\/wp\/v2\/categories?post=160824"},{"taxonomy":"post_tag","embeddable":true,"href":"https:\/\/enolife.com.ar\/es\/wp-json\/wp\/v2\/tags?post=160824"}],"curies":[{"name":"wp","href":"https:\/\/api.w.org\/{rel}","templated":true}]}}