{"id":160787,"date":"2025-08-08T23:59:00","date_gmt":"2025-08-08T23:59:00","guid":{"rendered":"https:\/\/enolife.com.ar\/es\/?p=160787"},"modified":"2025-08-10T14:08:18","modified_gmt":"2025-08-10T14:08:18","slug":"estrenan-el-13-8-la-miniserie-animada-que-cuenta-la-historia-del-departamento-de-general-alvear","status":"publish","type":"post","link":"https:\/\/enolife.com.ar\/es\/estrenan-el-13-8-la-miniserie-animada-que-cuenta-la-historia-del-departamento-de-general-alvear\/","title":{"rendered":"Estrenan el 13\/8 la miniserie animada que cuenta la historia del departamento de General Alvear"},"content":{"rendered":"\n<h4 class=\"wp-block-heading\"><em><strong>Con gui\u00f3n de Sergio Sendra y direcci\u00f3n de Luciano Baca, esta ambiciosa producci\u00f3n filmogr\u00e1fica, resultado de una minuciosa investigaci\u00f3n hist\u00f3rica y la aplicaci\u00f3n de inteligencia artificial para la generaci\u00f3n de im\u00e1genes, se exhibir\u00e1 el mi\u00e9rcoles 13 de agosto pr\u00f3ximo en el Cine Teatro Antonio Lafalla de la pujante ciudad del sureste mendocino. <\/strong><\/em><\/h4>\n\n\n\n<div style=\"height:35px\" aria-hidden=\"true\" class=\"wp-block-spacer\"><\/div>\n\n\n<a href=\"https:\/\/altieri.com.ar\/\" aria-label=\"ALTIERI-1700X500\"><img loading=\"lazy\" decoding=\"async\" src=\"https:\/\/enolife.com.ar\/es\/wp-content\/uploads\/2025\/02\/ALTIERI-1700X500.jpg\" alt=\"\"  srcset=\"https:\/\/enolife.com.ar\/es\/wp-content\/uploads\/2025\/02\/ALTIERI-1700X500.jpg 1700w, https:\/\/enolife.com.ar\/es\/wp-content\/uploads\/2025\/02\/ALTIERI-1700X500-300x88.jpg 300w, https:\/\/enolife.com.ar\/es\/wp-content\/uploads\/2025\/02\/ALTIERI-1700X500-1024x301.jpg 1024w, https:\/\/enolife.com.ar\/es\/wp-content\/uploads\/2025\/02\/ALTIERI-1700X500-768x226.jpg 768w, https:\/\/enolife.com.ar\/es\/wp-content\/uploads\/2025\/02\/ALTIERI-1700X500-1536x452.jpg 1536w, https:\/\/enolife.com.ar\/es\/wp-content\/uploads\/2025\/02\/ALTIERI-1700X500-1170x344.jpg 1170w, https:\/\/enolife.com.ar\/es\/wp-content\/uploads\/2025\/02\/ALTIERI-1700X500-585x172.jpg 585w\" sizes=\"auto, (max-width: 1700px) 100vw, 1700px\" width=\"1700\" height=\"500\"   \/><\/a>\n\n\n<div style=\"height:45px\" aria-hidden=\"true\" class=\"wp-block-spacer\"><\/div>\n\n\n<div class=\"wp-block-image\">\n<figure class=\"alignleft size-full is-resized\"><a href=\"https:\/\/enolife.com.ar\/es\/wp-content\/uploads\/2025\/08\/Alvear.-historias-que-laten-700x1050-2.jpeg\" data-rel=\"penci-gallery-image-content\" ><img loading=\"lazy\" decoding=\"async\" width=\"333\" height=\"500\" src=\"https:\/\/enolife.com.ar\/es\/wp-content\/uploads\/2025\/08\/Alvear.-historias-que-laten-700x1050-2.jpeg\" alt=\"\" class=\"wp-image-160792\" style=\"width:258px;height:auto\" srcset=\"https:\/\/enolife.com.ar\/es\/wp-content\/uploads\/2025\/08\/Alvear.-historias-que-laten-700x1050-2.jpeg 333w, https:\/\/enolife.com.ar\/es\/wp-content\/uploads\/2025\/08\/Alvear.-historias-que-laten-700x1050-2-200x300.jpeg 200w\" sizes=\"auto, (max-width: 333px) 100vw, 333px\" \/><\/a><\/figure><\/div>\n\n\n<p>La miniserie animada <strong>\u00abAlvear: historias que laten\u00bb<\/strong> marca un hito para este departamento del sureste de <strong>Mendoza<\/strong>. Con esta producci\u00f3n filmogr\u00e1fica, esta pujante comuna se convierte en la primera de las 18 de la provincia en llevar su rica historia a la pantalla grande. El estreno ser\u00e1 el mi\u00e9rcoles <strong>13 de agosto, a las 21.30<\/strong>, en el Cine Teatro Antonio Lafalla.<\/p>\n\n\n\n<p>Este proyecto, impulsado por la <strong>Direcci\u00f3n de Cultura de la Municipalidad de General Alvear<\/strong>, surge de una profunda vocaci\u00f3n de preservar la identidad y difundir su cultura. Cobr\u00f3 vida a trav\u00e9s de un meticuloso proceso de recopilaci\u00f3n hist\u00f3rica y la innovadora producci\u00f3n de im\u00e1genes animadas con inteligencia artificial.<\/p>\n\n\n\n<p>Las historias definen un pueblo. Y para contarlas, en esta pel\u00edcula se llev\u00f3 a cabo una exhaustiva investigaci\u00f3n, sumergi\u00e9ndose los creadores en archivos, documentos y bibliograf\u00eda especializada. Cada relato fue cuidadosamente verificado y contextualizado para asegurar la riqueza narrativa que la miniserie merec\u00eda.<\/p>\n\n\n\n<p>Una vez recopiladas las historias, el desaf\u00edo fue transformarlas en dibujos que cobraran vida y relatos que emocionaran. Aqu\u00ed es donde las modernas tecnolog\u00edas de im\u00e1genes jugaron un papel fundamental. El gui\u00f3n estuvo a cargo de <strong>Sergio Sendra <\/strong>y la direcci\u00f3n de <strong>Luciano Baca.<\/strong><\/p>\n\n\n\n<p>A partir de los datos hist\u00f3ricos y las descripciones detalladas de los escenarios y personajes, se utilizaron avanzadas herramientas de producci\u00f3n audiovisual para generar las im\u00e1genes animadas. Este proceso permiti\u00f3 crear visualmente el Alvear de anta\u00f1o, recreando paisajes, edificaciones, vestimentas y atm\u00f3sferas que brindaron la posibilidad de explorar estilos art\u00edsticos \u00fanicos que enriquecieron la experiencia visual de la miniserie.<\/p>\n\n\n\n<div style=\"height:50px\" aria-hidden=\"true\" class=\"wp-block-spacer\"><\/div>\n\n\n\n<figure class=\"wp-block-embed is-type-video is-provider-youtube wp-block-embed-youtube wp-embed-aspect-16-9 wp-has-aspect-ratio\"><div class=\"wp-block-embed__wrapper\">\n<iframe loading=\"lazy\" title=\"Alvear, historias que laten - Pel\u00edcula Animada\" width=\"1170\" height=\"658\" src=\"https:\/\/www.youtube.com\/embed\/C-tIfzeEQfw?feature=oembed\" frameborder=\"0\" allow=\"accelerometer; autoplay; clipboard-write; encrypted-media; gyroscope; picture-in-picture; web-share\" referrerpolicy=\"strict-origin-when-cross-origin\" allowfullscreen><\/iframe>\n<\/div><\/figure>\n\n\n\n<div style=\"height:118px\" aria-hidden=\"true\" class=\"wp-block-spacer\"><\/div>\n","protected":false},"excerpt":{"rendered":"<p>Con gui\u00f3n de Sergio Sendra y direcci\u00f3n de Luciano Baca, esta ambiciosa producci\u00f3n filmogr\u00e1fica, resultado&hellip;<\/p>\n","protected":false},"author":2,"featured_media":160795,"comment_status":"closed","ping_status":"open","sticky":false,"template":"","format":"standard","meta":{"footnotes":""},"categories":[47],"tags":[],"class_list":["post-160787","post","type-post","status-publish","format-standard","has-post-thumbnail","hentry","category-agenda"],"_links":{"self":[{"href":"https:\/\/enolife.com.ar\/es\/wp-json\/wp\/v2\/posts\/160787","targetHints":{"allow":["GET"]}}],"collection":[{"href":"https:\/\/enolife.com.ar\/es\/wp-json\/wp\/v2\/posts"}],"about":[{"href":"https:\/\/enolife.com.ar\/es\/wp-json\/wp\/v2\/types\/post"}],"author":[{"embeddable":true,"href":"https:\/\/enolife.com.ar\/es\/wp-json\/wp\/v2\/users\/2"}],"replies":[{"embeddable":true,"href":"https:\/\/enolife.com.ar\/es\/wp-json\/wp\/v2\/comments?post=160787"}],"version-history":[{"count":0,"href":"https:\/\/enolife.com.ar\/es\/wp-json\/wp\/v2\/posts\/160787\/revisions"}],"wp:featuredmedia":[{"embeddable":true,"href":"https:\/\/enolife.com.ar\/es\/wp-json\/wp\/v2\/media\/160795"}],"wp:attachment":[{"href":"https:\/\/enolife.com.ar\/es\/wp-json\/wp\/v2\/media?parent=160787"}],"wp:term":[{"taxonomy":"category","embeddable":true,"href":"https:\/\/enolife.com.ar\/es\/wp-json\/wp\/v2\/categories?post=160787"},{"taxonomy":"post_tag","embeddable":true,"href":"https:\/\/enolife.com.ar\/es\/wp-json\/wp\/v2\/tags?post=160787"}],"curies":[{"name":"wp","href":"https:\/\/api.w.org\/{rel}","templated":true}]}}