{"id":160713,"date":"2025-08-18T13:50:05","date_gmt":"2025-08-18T13:50:05","guid":{"rendered":"https:\/\/enolife.com.ar\/es\/?p=160713"},"modified":"2025-08-20T14:22:35","modified_gmt":"2025-08-20T14:22:35","slug":"el-banco-de-la-nacion-argentina-financia-hasta-en-36-cuotas-la-participacion-de-bodegas-en-ferias","status":"publish","type":"post","link":"https:\/\/enolife.com.ar\/es\/el-banco-de-la-nacion-argentina-financia-hasta-en-36-cuotas-la-participacion-de-bodegas-en-ferias\/","title":{"rendered":"El Banco de la Naci\u00f3n Argentina financia hasta en 36 cuotas la participaci\u00f3n de bodegas en ferias"},"content":{"rendered":"\n<h4 class=\"wp-block-heading\"><em><strong>La fundaci\u00f3n ProMendoza anunci\u00f3 un nuevo beneficio para las peque\u00f1as y medianas empresas de la provincia de Mendoza. A partir de un acuerdo con el Banco de la Naci\u00f3n Argentina, las pymes podr\u00e1n acceder a un plan de pagos de hasta 36 meses para participar en las actividades de promoci\u00f3n comercial organizadas por esta entidad. Entre ellas, se incluye Vinexpo Explorer Mendoza, que tendr\u00e1 lugar en el mes de octubr en esta provincia<\/strong><\/em><strong><em>.<\/em><\/strong><\/h4>\n\n\n\n<div style=\"height:35px\" aria-hidden=\"true\" class=\"wp-block-spacer\"><\/div>\n\n\n<a href=\"https:\/\/www.instagram.com\/agroconciencia_\" aria-label=\"BANNER AGROCONCIENCIA 1700X500\"><img loading=\"lazy\" decoding=\"async\" src=\"https:\/\/enolife.com.ar\/es\/wp-content\/uploads\/2019\/07\/BANNER-AGROCONCIENCIA-1700X500-1.jpg\" alt=\"\"  srcset=\"https:\/\/enolife.com.ar\/es\/wp-content\/uploads\/2019\/07\/BANNER-AGROCONCIENCIA-1700X500-1.jpg 1700w, https:\/\/enolife.com.ar\/es\/wp-content\/uploads\/2019\/07\/BANNER-AGROCONCIENCIA-1700X500-1-300x88.jpg 300w, https:\/\/enolife.com.ar\/es\/wp-content\/uploads\/2019\/07\/BANNER-AGROCONCIENCIA-1700X500-1-1024x301.jpg 1024w, https:\/\/enolife.com.ar\/es\/wp-content\/uploads\/2019\/07\/BANNER-AGROCONCIENCIA-1700X500-1-768x226.jpg 768w, https:\/\/enolife.com.ar\/es\/wp-content\/uploads\/2019\/07\/BANNER-AGROCONCIENCIA-1700X500-1-1536x452.jpg 1536w, https:\/\/enolife.com.ar\/es\/wp-content\/uploads\/2019\/07\/BANNER-AGROCONCIENCIA-1700X500-1-1170x344.jpg 1170w, https:\/\/enolife.com.ar\/es\/wp-content\/uploads\/2019\/07\/BANNER-AGROCONCIENCIA-1700X500-1-585x172.jpg 585w\" sizes=\"auto, (max-width: 1700px) 100vw, 1700px\" width=\"1700\" height=\"500\"   \/><\/a>\n\n\n<div style=\"height:45px\" aria-hidden=\"true\" class=\"wp-block-spacer\"><\/div>\n\n\n\n<p>El anuncio se realiz\u00f3 durante una charla celebrada este 6 de agosto, como parte de la conmemoraci\u00f3n del 29 aniversario de ProMendoza. La gerenta <strong>Patricia Gim\u00e9nez<\/strong> estuvo acompa\u00f1ada <strong>Carolina Suarez Garc\u00e9s<\/strong> de Relaciones Institucionales y por&nbsp;<strong>Juan Pablo Gobbi<\/strong>&nbsp;y&nbsp;<strong>Claudio Tonocovich<\/strong>, representantes del&nbsp;<strong>Banco de la Naci\u00f3n Argentina<\/strong>, quienes presentaron la plataforma&nbsp;<strong>BNA Conecta<\/strong>, el canal digital que har\u00e1 posible este beneficio.<\/p>\n\n\n\n<p>Durante el encuentro, Gim\u00e9nez expres\u00f3:<em> \u00abEste nuevo aniversario nos invita a mirar hacia atr\u00e1s con orgullo y hacia adelante con compromiso renovado. En ProMendoza celebramos a\u00f1os de trabajo conjunto, impulsando la internacionalizaci\u00f3n de las empresas de nuestra provincia, fortaleciendo v\u00ednculos y generando oportunidades en los mercados del mundo. Gracias por ser parte de este camino. Seguimos trabajando para que Mendoza est\u00e9 cada vez m\u00e1s presente en el mundo\u00bb.<\/em><\/p>\n\n\n\n<div style=\"height:35px\" aria-hidden=\"true\" class=\"wp-block-spacer\"><\/div>\n\n\n<div class=\"wp-block-image\">\n<figure class=\"aligncenter size-full is-resized\"><a href=\"https:\/\/enolife.com.ar\/es\/wp-content\/uploads\/2025\/08\/image-5.png\" data-rel=\"penci-gallery-image-content\" ><img loading=\"lazy\" decoding=\"async\" width=\"823\" height=\"609\" src=\"https:\/\/enolife.com.ar\/es\/wp-content\/uploads\/2025\/08\/image-5.png\" alt=\"\" class=\"wp-image-160714\" style=\"width:573px;height:auto\" srcset=\"https:\/\/enolife.com.ar\/es\/wp-content\/uploads\/2025\/08\/image-5.png 823w, https:\/\/enolife.com.ar\/es\/wp-content\/uploads\/2025\/08\/image-5-300x222.png 300w, https:\/\/enolife.com.ar\/es\/wp-content\/uploads\/2025\/08\/image-5-768x568.png 768w, https:\/\/enolife.com.ar\/es\/wp-content\/uploads\/2025\/08\/image-5-585x433.png 585w\" sizes=\"auto, (max-width: 823px) 100vw, 823px\" \/><\/a><\/figure><\/div>\n\n\n<div style=\"height:35px\" aria-hidden=\"true\" class=\"wp-block-spacer\"><\/div>\n\n\n\n<p>Desde hace 29 a\u00f1os, la fundaci\u00f3n ProMendoza trabaja para promover la exportaci\u00f3n de bienes y servicios mendocinos al mundo, acompa\u00f1ando a las empresas locales en su camino de internacionalizaci\u00f3n, generando redes de contacto, participaci\u00f3n en ferias, rondas de negocios y misiones comerciales.<\/p>\n\n\n\n<div style=\"height:45px\" aria-hidden=\"true\" class=\"wp-block-spacer\"><\/div>\n\n\n\n<p class=\"has-medium-font-size\"><strong>\u00bfQu\u00e9 es BNA Conecta?<\/strong><\/p>\n\n\n\n<p><strong>BNA Conecta<\/strong> es la plataforma digital del Banco Naci\u00f3n que facilita la vinculaci\u00f3n comercial entre empresas, permitiendo publicar productos y servicios, acceder a demandas espec\u00edficas de otras regiones y generar nuevas oportunidades de negocio tanto a nivel nacional como internacional.<\/p>\n\n\n\n<p>Este beneficio est\u00e1 disponible para todas las empresas del ecosistema ProMendoza, y representa una herramienta concreta para potenciar la proyecci\u00f3n global de las pymes locales.<\/p>\n\n\n\n<div style=\"height:35px\" aria-hidden=\"true\" class=\"wp-block-spacer\"><\/div>\n","protected":false},"excerpt":{"rendered":"<p>La fundaci\u00f3n ProMendoza anunci\u00f3 un nuevo beneficio para las peque\u00f1as y medianas empresas de la&hellip;<\/p>\n","protected":false},"author":2,"featured_media":160718,"comment_status":"closed","ping_status":"open","sticky":false,"template":"","format":"standard","meta":{"footnotes":""},"categories":[14],"tags":[],"class_list":["post-160713","post","type-post","status-publish","format-standard","has-post-thumbnail","hentry","category-news"],"_links":{"self":[{"href":"https:\/\/enolife.com.ar\/es\/wp-json\/wp\/v2\/posts\/160713","targetHints":{"allow":["GET"]}}],"collection":[{"href":"https:\/\/enolife.com.ar\/es\/wp-json\/wp\/v2\/posts"}],"about":[{"href":"https:\/\/enolife.com.ar\/es\/wp-json\/wp\/v2\/types\/post"}],"author":[{"embeddable":true,"href":"https:\/\/enolife.com.ar\/es\/wp-json\/wp\/v2\/users\/2"}],"replies":[{"embeddable":true,"href":"https:\/\/enolife.com.ar\/es\/wp-json\/wp\/v2\/comments?post=160713"}],"version-history":[{"count":0,"href":"https:\/\/enolife.com.ar\/es\/wp-json\/wp\/v2\/posts\/160713\/revisions"}],"wp:featuredmedia":[{"embeddable":true,"href":"https:\/\/enolife.com.ar\/es\/wp-json\/wp\/v2\/media\/160718"}],"wp:attachment":[{"href":"https:\/\/enolife.com.ar\/es\/wp-json\/wp\/v2\/media?parent=160713"}],"wp:term":[{"taxonomy":"category","embeddable":true,"href":"https:\/\/enolife.com.ar\/es\/wp-json\/wp\/v2\/categories?post=160713"},{"taxonomy":"post_tag","embeddable":true,"href":"https:\/\/enolife.com.ar\/es\/wp-json\/wp\/v2\/tags?post=160713"}],"curies":[{"name":"wp","href":"https:\/\/api.w.org\/{rel}","templated":true}]}}