{"id":160663,"date":"2025-08-08T18:25:06","date_gmt":"2025-08-08T18:25:06","guid":{"rendered":"https:\/\/enolife.com.ar\/es\/?p=160663"},"modified":"2025-08-11T21:14:27","modified_gmt":"2025-08-11T21:14:27","slug":"desafio-bahco-johnatan-aguero-de-bodega-andeluna-es-el-podador-mas-rapido-y-viaja-a-francia","status":"publish","type":"post","link":"https:\/\/enolife.com.ar\/es\/desafio-bahco-johnatan-aguero-de-bodega-andeluna-es-el-podador-mas-rapido-y-viaja-a-francia\/","title":{"rendered":"Desaf\u00edo Bahco: Johnatan Ag\u00fcero de bodega Andeluna es el podador m\u00e1s r\u00e1pido y viaja a Francia"},"content":{"rendered":"\n<h4 class=\"wp-block-heading\"><em><strong>El ya tradicional concurso de poda de vid de la empresa internacional de herramientas -en su 13 edici\u00f3n en Argentina- consagr\u00f3 como campe\u00f3n sudamericano de la especialidad al mendocino Johnatan Ag\u00fcero (33). En la jornada final del Desaf\u00edo Bahco, realizada el 2 de agosto \u00faltimo en la Finca Para\u00edso de Bodega Luigi Bosca, los jurados evaluaron como el m\u00e1s h\u00e1bil, m\u00e1s r\u00e1pido y con mejores cortes en las cepas que en la pr\u00f3xima cosecha se traducir\u00e1n en las mejores uvas, al joven lujanino integrante de una familia de trabajadores de la vi\u00f1a desde siempre. Feliz, Jhonatan ya prepara las valijas para ir a conocer en Francia la f\u00e1brica donde hacen esas tijeras de podar que \u00e9l maneja con tanta destreza.<\/strong><\/em><\/h4>\n\n\n\n<div style=\"height:35px\" aria-hidden=\"true\" class=\"wp-block-spacer\"><\/div>\n\n\n<a href=\"https:\/\/instagram.com\/labelsolutions?igshid=YmMyMTA2M2Y=\" aria-label=\"Banner Palero 1700&#215;500\"><img loading=\"lazy\" decoding=\"async\" src=\"https:\/\/enolife.com.ar\/es\/wp-content\/uploads\/2021\/09\/Banner-Palero-1700x500-1.gif\" alt=\"\"  width=\"1700\" height=\"500\"   \/><\/a>\n\n\n<div style=\"height:45px\" aria-hidden=\"true\" class=\"wp-block-spacer\"><\/div>\n\n\n\n<p><strong>SNA Europe<\/strong>, empresa l\u00edder en herramientas de mano y fabricante de las populares tijeras de poda <strong>Bahco<\/strong>, celebr\u00f3 la <strong>13\u00aa edici\u00f3n del Desaf\u00edo BAHCO<\/strong>, el pasado 2 de agosto en Finca El Para\u00edso de la Bodega Luigi Bosca, ubicada en Maip\u00fa, Mendoza.<\/p>\n\n\n\n<div style=\"height:35px\" aria-hidden=\"true\" class=\"wp-block-spacer\"><\/div>\n\n\n<div class=\"wp-block-image\">\n<figure class=\"aligncenter size-full is-resized\"><a href=\"https:\/\/enolife.com.ar\/es\/wp-content\/uploads\/2025\/08\/WhatsApp-Image-2025-08-06-at-11.34.06.jpeg\" data-rel=\"penci-gallery-image-content\" ><img loading=\"lazy\" decoding=\"async\" width=\"857\" height=\"500\" src=\"https:\/\/enolife.com.ar\/es\/wp-content\/uploads\/2025\/08\/WhatsApp-Image-2025-08-06-at-11.34.06.jpeg\" alt=\"\" class=\"wp-image-160666\" style=\"width:718px;height:auto\" srcset=\"https:\/\/enolife.com.ar\/es\/wp-content\/uploads\/2025\/08\/WhatsApp-Image-2025-08-06-at-11.34.06.jpeg 857w, https:\/\/enolife.com.ar\/es\/wp-content\/uploads\/2025\/08\/WhatsApp-Image-2025-08-06-at-11.34.06-300x175.jpeg 300w, https:\/\/enolife.com.ar\/es\/wp-content\/uploads\/2025\/08\/WhatsApp-Image-2025-08-06-at-11.34.06-768x448.jpeg 768w, https:\/\/enolife.com.ar\/es\/wp-content\/uploads\/2025\/08\/WhatsApp-Image-2025-08-06-at-11.34.06-585x341.jpeg 585w\" sizes=\"auto, (max-width: 857px) 100vw, 857px\" \/><\/a><figcaption class=\"wp-element-caption\"><em><strong>Los 95 finalistas del concurso, que compitieron en Luigi Bosca<\/strong><\/em><strong><em>.<\/em><\/strong><\/figcaption><\/figure><\/div>\n\n\n<div style=\"height:35px\" aria-hidden=\"true\" class=\"wp-block-spacer\"><\/div>\n\n\n\n<p>Al cabo de unos <strong>45 minutos en que los 95 participantes<\/strong> se lanzaron por las hileras para ir podando una a una las plantas de vid con su mejor arte, los jurados impartieron la voz del final y pasaron a evaluar a los competidores. Dos horas despu\u00e9s, tras el rico almuerzo para todos los concurrentes y un show de talentosos m\u00fasicos folcl\u00f3ricos, el presidente del jurado y tres veces ganador de este concurso anunci\u00f3 al ganador: Johnatan Ag\u00fcero. El joven, integrante de una familia de padres, hermanos y primos tambi\u00e9n trabajadores de la vi\u00f1a en la zona de Maip\u00fa y Luj\u00e1n, celebr\u00f3 alborozado entre los abrazos de sus pares. <\/p>\n\n\n\n<div style=\"height:23px\" aria-hidden=\"true\" class=\"wp-block-spacer\"><\/div>\n\n\n\n<blockquote class=\"wp-block-quote is-layout-flow wp-block-quote-is-layout-flow\">\n<p>Siempre hay que podar limpio, hacer los cortes bien y ver si la planta, seg\u00fan su tama\u00f1o, luego se va a bancar una buena carga de racimos&#8230;\u00bb.<br><strong>JOHNATAN AG\u00dcERO,<\/strong> sobre los secretos de su arte.<\/p>\n<\/blockquote>\n\n\n\n<div style=\"height:22px\" aria-hidden=\"true\" class=\"wp-block-spacer\"><\/div>\n\n\n\n<p>Johnatan quiso destacar su vocaci\u00f3n y dedicaci\u00f3n junto a su familia a las labores de la vi\u00f1a: <em>\u00abCasi todos los de mi familia, que hemos participado en los distintos concursos desde hace a\u00f1os hemos ganado premios de poda&#8230; Yo participo desde hace 10 a\u00f1os, en todos los concursos, y desde chico trabajo en la vi\u00f1a, con mi pap\u00e1 que era contratista, y despu\u00e9s de cumplir 18 trabaj\u00e9 en varias fincas, en Biancheri, Andeluna, Chakana, siempre agradecido a quienes me dan trabajo para dejar bien la vi\u00f1a y dar buenos vinos, que despu\u00e9s aprovechamos todos (risas)&#8230;<\/em>\u00ab<\/p>\n\n\n\n<p>Sobre su arte de poder, Johnatan revel\u00f3: <em>\u00abSiempre hay que podar limpio, hacer los cortes bien y ver la planta, si es una planta chica o grande, si se la va a bancar para que luego tengan buena carga y buena producci\u00f3n&#8230; Si es pit\u00f3n, hay que dejar dos yemas vistas, o sea dos cargadorcitos cortitos de dos yemas, m\u00e1s o menos de unos 5 a 10 cm. Y si no es pit\u00f3n, hay que dejar un cargador de 7 yemas\u00bb.<\/em><\/p>\n\n\n\n<div style=\"height:28px\" aria-hidden=\"true\" class=\"wp-block-spacer\"><\/div>\n\n\n\n<p class=\"has-medium-font-size\"><strong>Un reconocimiento al trabajo<\/strong><\/p>\n\n\n\n<p>Desde la empresa <strong>Bahco<\/strong>, su gerente para <strong>Argentina<\/strong> y <strong>Am\u00e9rica Latina<\/strong>, <strong>Fernando Montenegro<\/strong>, quiso destacar que desde el inicio del concurso en 2012 en Mendoza, el <strong>Desaf\u00edo BAHCO<\/strong> ha evolucionado hasta convertirse en un cl\u00e1sico del calendario vitivin\u00edcola de Am\u00e9rica Latina. Y que este evento no es s\u00f3lo una competencia, sino tambi\u00e9n una celebraci\u00f3n del oficio del podador y podadora, un espacio de formaci\u00f3n continua y un reconocimiento al saber, la dedicaci\u00f3n y la pasi\u00f3n de quienes cuidan la vid con maestr\u00eda.<br><br>Por su parte, la responsable de Comunicaci\u00f3n de la empresa, <strong>Mar\u00eda Laura Sosnowicz,<\/strong> resalt\u00f3 que, a lo largo de los a\u00f1os, el certamen ha crecido significativamente, sumando sedes en <strong>Salta, San Juan, La Rioja, Neuqu\u00e9n y R\u00edo Negro<\/strong>, y expandi\u00e9ndose hacia <strong>Chile, Uruguay y Per\u00fa<\/strong>, con m\u00e1s de 50 ediciones realizadas y una comunidad cada vez m\u00e1s activa, promoviendo el intercambio entre regiones y poniendo en valor la importancia de la poda para la calidad del vino.<\/p>\n\n\n\n<div style=\"height:35px\" aria-hidden=\"true\" class=\"wp-block-spacer\"><\/div>\n\n\n<div class=\"wp-block-image\">\n<figure class=\"aligncenter size-full is-resized\"><a href=\"https:\/\/enolife.com.ar\/es\/wp-content\/uploads\/2025\/08\/WhatsApp-Image-2025-08-06-at-11.34.06-1.jpeg\" data-rel=\"penci-gallery-image-content\" ><img loading=\"lazy\" decoding=\"async\" width=\"807\" height=\"500\" src=\"https:\/\/enolife.com.ar\/es\/wp-content\/uploads\/2025\/08\/WhatsApp-Image-2025-08-06-at-11.34.06-1.jpeg\" alt=\"\" class=\"wp-image-160668\" style=\"width:567px;height:auto\" srcset=\"https:\/\/enolife.com.ar\/es\/wp-content\/uploads\/2025\/08\/WhatsApp-Image-2025-08-06-at-11.34.06-1.jpeg 807w, https:\/\/enolife.com.ar\/es\/wp-content\/uploads\/2025\/08\/WhatsApp-Image-2025-08-06-at-11.34.06-1-300x186.jpeg 300w, https:\/\/enolife.com.ar\/es\/wp-content\/uploads\/2025\/08\/WhatsApp-Image-2025-08-06-at-11.34.06-1-768x476.jpeg 768w, https:\/\/enolife.com.ar\/es\/wp-content\/uploads\/2025\/08\/WhatsApp-Image-2025-08-06-at-11.34.06-1-585x362.jpeg 585w\" sizes=\"auto, (max-width: 807px) 100vw, 807px\" \/><\/a><\/figure><\/div>\n\n\n<div style=\"height:35px\" aria-hidden=\"true\" class=\"wp-block-spacer\"><\/div>\n\n\n\n<p>En esta edici\u00f3n, el Desaf\u00edo Bahco puso de relieve el talento femenino, ya que en la sede de R\u00edo Negro, <strong>Romina Hern\u00e1ndez<\/strong>, de Bodegas Chacra, se convirti\u00f3 en la primera mujer en lograr el primer puesto del certamen en su cap\u00edtulo regional. Adem\u00e1s, en Chile, <strong>Valentina Alanis<\/strong>, de Bodega Agr\u00edcola Poblaci\u00f3n, recibi\u00f3 una Menci\u00f3n de Honor.<\/p>\n\n\n\n<div style=\"height:35px\" aria-hidden=\"true\" class=\"wp-block-spacer\"><\/div>\n\n\n<div class=\"wp-block-image\">\n<figure class=\"aligncenter size-full is-resized\"><a href=\"https:\/\/enolife.com.ar\/es\/wp-content\/uploads\/2025\/08\/WhatsApp-Image-2025-08-06-at-11.34.07.jpeg\" data-rel=\"penci-gallery-image-content\" ><img loading=\"lazy\" decoding=\"async\" width=\"811\" height=\"500\" src=\"https:\/\/enolife.com.ar\/es\/wp-content\/uploads\/2025\/08\/WhatsApp-Image-2025-08-06-at-11.34.07.jpeg\" alt=\"\" class=\"wp-image-160667\" style=\"width:721px;height:auto\" srcset=\"https:\/\/enolife.com.ar\/es\/wp-content\/uploads\/2025\/08\/WhatsApp-Image-2025-08-06-at-11.34.07.jpeg 811w, https:\/\/enolife.com.ar\/es\/wp-content\/uploads\/2025\/08\/WhatsApp-Image-2025-08-06-at-11.34.07-300x185.jpeg 300w, https:\/\/enolife.com.ar\/es\/wp-content\/uploads\/2025\/08\/WhatsApp-Image-2025-08-06-at-11.34.07-768x473.jpeg 768w, https:\/\/enolife.com.ar\/es\/wp-content\/uploads\/2025\/08\/WhatsApp-Image-2025-08-06-at-11.34.07-585x361.jpeg 585w\" sizes=\"auto, (max-width: 811px) 100vw, 811px\" \/><\/a><figcaption class=\"wp-element-caption\"><em><strong>Valentina Alanis, podadora de Chile y una de las dos mujeres participantes, obtuvo una menci\u00f3n de honor<\/strong><\/em><strong><em>.<\/em><\/strong><\/figcaption><\/figure><\/div>\n\n\n<div style=\"height:35px\" aria-hidden=\"true\" class=\"wp-block-spacer\"><\/div>\n\n\n\n<p>Como muestra de la importancia que el sector tur\u00edstico mendocino y el gobierno provincial le otorgan al certamen, estuvo presente la presidenta del <strong>Ente Mendoza Turismo (Emetur), Gabriela Testa.<\/strong> <em>\u00abDesde hace 9 a\u00f1os, el gobierno de Mendoza declar\u00f3 a este concurso de inter\u00e9s tur\u00edstico, porque entendemos que la producci\u00f3n de uvas tiene momentos de a\u00f1o especiales, la poda es fundamental para la cosecha posterior&#8230; Y de las habilidades de los hombres y mujeres que podan, en esa comuni\u00f3n que tienen con la planta, depende una buena vendimia&#8230;<\/em> <em>Mendoza viene poni\u00e9ndole valor agregado a este tipo de productos, no por nada somos un referente internacional, y nos invitan siempre a los eventos internacionales porque se considera a esta provincia, por su historia en la vitivinicultura, y por la calidad del turismo enol\u00f3gico, un ejemplo&#8230; As\u00ed que siempre acompa\u00f1amos porque creemos que suma como atractivo tur\u00edstico, suma al conocimiento de lo sacrificado que es el trabajo del podador\u00bb.<\/em><\/p>\n\n\n\n<div style=\"height:20px\" aria-hidden=\"true\" class=\"wp-block-spacer\"><\/div>\n\n\n<div class=\"wp-block-image\">\n<figure class=\"aligncenter size-large is-resized\"><a href=\"https:\/\/enolife.com.ar\/es\/wp-content\/uploads\/2025\/08\/Gabriela-Testa-en-Bahco.jpg\" data-rel=\"penci-gallery-image-content\" ><img loading=\"lazy\" decoding=\"async\" width=\"1024\" height=\"576\" src=\"https:\/\/enolife.com.ar\/es\/wp-content\/uploads\/2025\/08\/Gabriela-Testa-en-Bahco-1024x576.jpg\" alt=\"\" class=\"wp-image-160870\" style=\"width:703px;height:auto\" srcset=\"https:\/\/enolife.com.ar\/es\/wp-content\/uploads\/2025\/08\/Gabriela-Testa-en-Bahco-1024x576.jpg 1024w, https:\/\/enolife.com.ar\/es\/wp-content\/uploads\/2025\/08\/Gabriela-Testa-en-Bahco-300x169.jpg 300w, https:\/\/enolife.com.ar\/es\/wp-content\/uploads\/2025\/08\/Gabriela-Testa-en-Bahco-768x432.jpg 768w, https:\/\/enolife.com.ar\/es\/wp-content\/uploads\/2025\/08\/Gabriela-Testa-en-Bahco-1536x864.jpg 1536w, https:\/\/enolife.com.ar\/es\/wp-content\/uploads\/2025\/08\/Gabriela-Testa-en-Bahco-1170x658.jpg 1170w, https:\/\/enolife.com.ar\/es\/wp-content\/uploads\/2025\/08\/Gabriela-Testa-en-Bahco-585x329.jpg 585w, https:\/\/enolife.com.ar\/es\/wp-content\/uploads\/2025\/08\/Gabriela-Testa-en-Bahco.jpg 1600w\" sizes=\"auto, (max-width: 1024px) 100vw, 1024px\" \/><\/a><figcaption class=\"wp-element-caption\"><em><strong>Gabriela Testa, presidenta del Ente Mendoza Turismo, reconoci\u00f3 el valor del trabajo de los podadores y entreg\u00f3 uno de los premios.<\/strong><\/em><\/figcaption><\/figure><\/div>\n\n\n<div style=\"height:24px\" aria-hidden=\"true\" class=\"wp-block-spacer\"><\/div>\n\n\n\n<p>Adem\u00e1s de las felicitaciones, el ganador Johnatan Ag\u00fcero tuvo el honor de recibir el premio de manos del presidente global de Bahco,<strong> Jeff Zuelhs<\/strong>, qui\u00e9n viaj\u00f3 al pa\u00eds especialmente para la ocasi\u00f3n.<\/p>\n\n\n\n<p>A Johnatan lo acompa\u00f1aron en la terna del podio <strong>Guillermo Palacios, <\/strong>de <strong>Bodega Luigi Bosca, en segundo lugar<\/strong>, y <strong>Luis Villalba, de Bodega Sposato, en el tercero<\/strong>; ambos fueron premiados con kits completos de herramientas Bahco, en reconocimiento a su t\u00e9cnica y desempe\u00f1o en el concurso.<\/p>\n\n\n\n<div style=\"height:35px\" aria-hidden=\"true\" class=\"wp-block-spacer\"><\/div>\n\n\n<div class=\"wp-block-image\">\n<figure class=\"aligncenter size-full is-resized\"><a href=\"https:\/\/enolife.com.ar\/es\/wp-content\/uploads\/2025\/08\/WhatsApp-Image-2025-08-06-at-11.34.07-2.jpeg\" data-rel=\"penci-gallery-image-content\" ><img loading=\"lazy\" decoding=\"async\" width=\"822\" height=\"500\" src=\"https:\/\/enolife.com.ar\/es\/wp-content\/uploads\/2025\/08\/WhatsApp-Image-2025-08-06-at-11.34.07-2.jpeg\" alt=\"\" class=\"wp-image-160665\" style=\"width:686px;height:auto\" srcset=\"https:\/\/enolife.com.ar\/es\/wp-content\/uploads\/2025\/08\/WhatsApp-Image-2025-08-06-at-11.34.07-2.jpeg 822w, https:\/\/enolife.com.ar\/es\/wp-content\/uploads\/2025\/08\/WhatsApp-Image-2025-08-06-at-11.34.07-2-300x182.jpeg 300w, https:\/\/enolife.com.ar\/es\/wp-content\/uploads\/2025\/08\/WhatsApp-Image-2025-08-06-at-11.34.07-2-768x467.jpeg 768w, https:\/\/enolife.com.ar\/es\/wp-content\/uploads\/2025\/08\/WhatsApp-Image-2025-08-06-at-11.34.07-2-585x356.jpeg 585w\" sizes=\"auto, (max-width: 822px) 100vw, 822px\" \/><\/a><figcaption class=\"wp-element-caption\"><em><strong>El ganador Johnatan Ag\u00fcero ya prepara las valijas para irse a Francia<\/strong><\/em><strong><em>.<\/em><\/strong><\/figcaption><\/figure><\/div>\n\n\n<div style=\"height:35px\" aria-hidden=\"true\" class=\"wp-block-spacer\"><\/div>\n\n\n\n<p>Finalmente, desde la organizaci\u00f3n de Bahco agradecieron especialmente a Bodega Luigi Bosca <em>\u00abpor abrirnos sus puertas y acompa\u00f1arnos en esta celebraci\u00f3n. Finca El Para\u00edso es un lugar simb\u00f3lico y hermoso que refleja a la perfecci\u00f3n el esp\u00edritu que queremos transmitir: un homenaje al oficio, a la herencia viva que se transmite de generaci\u00f3n en generaci\u00f3n, y al futuro de una profesi\u00f3n que se reinventa con cada corte.<\/em>\u00ab<\/p>\n\n\n\n<div style=\"height:35px\" aria-hidden=\"true\" class=\"wp-block-spacer\"><\/div>\n","protected":false},"excerpt":{"rendered":"<p>El ya tradicional concurso de poda de vid de la empresa internacional de herramientas -en&hellip;<\/p>\n","protected":false},"author":2,"featured_media":160669,"comment_status":"closed","ping_status":"open","sticky":false,"template":"","format":"standard","meta":{"footnotes":""},"categories":[56,57],"tags":[],"class_list":["post-160663","post","type-post","status-publish","format-standard","has-post-thumbnail","hentry","category-destacado","category-empresas"],"_links":{"self":[{"href":"https:\/\/enolife.com.ar\/es\/wp-json\/wp\/v2\/posts\/160663","targetHints":{"allow":["GET"]}}],"collection":[{"href":"https:\/\/enolife.com.ar\/es\/wp-json\/wp\/v2\/posts"}],"about":[{"href":"https:\/\/enolife.com.ar\/es\/wp-json\/wp\/v2\/types\/post"}],"author":[{"embeddable":true,"href":"https:\/\/enolife.com.ar\/es\/wp-json\/wp\/v2\/users\/2"}],"replies":[{"embeddable":true,"href":"https:\/\/enolife.com.ar\/es\/wp-json\/wp\/v2\/comments?post=160663"}],"version-history":[{"count":0,"href":"https:\/\/enolife.com.ar\/es\/wp-json\/wp\/v2\/posts\/160663\/revisions"}],"wp:featuredmedia":[{"embeddable":true,"href":"https:\/\/enolife.com.ar\/es\/wp-json\/wp\/v2\/media\/160669"}],"wp:attachment":[{"href":"https:\/\/enolife.com.ar\/es\/wp-json\/wp\/v2\/media?parent=160663"}],"wp:term":[{"taxonomy":"category","embeddable":true,"href":"https:\/\/enolife.com.ar\/es\/wp-json\/wp\/v2\/categories?post=160663"},{"taxonomy":"post_tag","embeddable":true,"href":"https:\/\/enolife.com.ar\/es\/wp-json\/wp\/v2\/tags?post=160663"}],"curies":[{"name":"wp","href":"https:\/\/api.w.org\/{rel}","templated":true}]}}