{"id":160350,"date":"2025-08-01T22:39:23","date_gmt":"2025-08-01T22:39:23","guid":{"rendered":"https:\/\/enolife.com.ar\/es\/?p=160350"},"modified":"2025-08-04T00:02:38","modified_gmt":"2025-08-04T00:02:38","slug":"con-fondos-propios-mendoza-asistira-a-9-000-vinateros-para-la-campana-2025-26-contra-la-lobesia","status":"publish","type":"post","link":"https:\/\/enolife.com.ar\/es\/con-fondos-propios-mendoza-asistira-a-9-000-vinateros-para-la-campana-2025-26-contra-la-lobesia\/","title":{"rendered":"Con fondos propios, Mendoza asistir\u00e1 a 9.000 vi\u00f1ateros para la campa\u00f1a 2025\/26 contra la Lobesia"},"content":{"rendered":"\n<h4 class=\"wp-block-heading\"><em><strong>Comienza la campa\u00f1a 2025\/26 contra la Lobesia botrana o polilla de la vid, y el gobierno de Mendoza -a trav\u00e9s del Fideicomiso de Asistencia Vitivin\u00edcola- busca adquirir difusores de feromonas, insecticidas espec\u00edficos y servicios de pulverizaci\u00f3n a\u00e9rea mediante aeronaves y drones. Esto permitir\u00e1 contar en tiempo y forma con los insumos necesarios para una campa\u00f1a completa de control. La estrategia involucrar\u00e1 a m\u00e1s de 9.000 productores en 130.000 hect\u00e1reas de vid de toda la provincia.<\/strong><\/em><\/h4>\n\n\n\n<div style=\"height:35px\" aria-hidden=\"true\" class=\"wp-block-spacer\"><\/div>\n\n\n\n\n\n<div style=\"height:45px\" aria-hidden=\"true\" class=\"wp-block-spacer\"><\/div>\n\n\n\n<p>El operativo de control que <strong>Mendoza<\/strong> viene desarrollando, desde 2016, a trav\u00e9s del <strong>Instituto de Sanidad y Calidad Agropecuaria Mendoza (Iscamen)<\/strong>, est\u00e1 orientado al control integrado de la polilla de la vid (<em>Lobesia botrana)<\/em>, con el fin de suprimir las poblaciones del insecto y mantenerlas por debajo del umbral de da\u00f1o econ\u00f3mico, focalizando en \u00e1reas con mayor presencia de la plaga.&nbsp;<\/p>\n\n\n\n<p>El plan para grandes extensiones se sustentar\u00e1 esta campa\u00f1a 2025\/2026 en la combinaci\u00f3n de herramientas de control como la <strong>T\u00e9cnica de Confusi\u00f3n Sexual (TCS)<\/strong>. Esta operaci\u00f3n se basa en el uso de <strong>feromonas del tipo \u201cpulverizables\u201d<\/strong>, emisores de feromonas, la aplicaci\u00f3n de insecticidas espec\u00edficos y <strong>de bajo impacto ambiental<\/strong> mediante <strong>pulverizaciones a\u00e9reas y terrestres<\/strong>, de acuerdo con el estado de situaci\u00f3n de la plaga y la particularidad de cada zona geogr\u00e1fica a trabajar. Adem\u00e1s, incluye acciones de control preventivo y monitoreo de la din\u00e1mica poblacional del insecto, como tambi\u00e9n instancias de capacitaci\u00f3n continua.&nbsp;<\/p>\n\n\n\n<p>Esta campa\u00f1a se dividir\u00e1 en etapas, de acuerdo con la din\u00e1mica de la plaga, su biolog\u00eda, el complejo socio-productivo y la fenolog\u00eda de los cultivos. Por ello, los productores ser\u00e1n asistidos en diversas etapas con productos o herramientas para el manejo de la plaga en grandes \u00e1reas. Estas acciones de control activo, planificadas por el Gobierno provincial, a trav\u00e9s del Iscamen y el <strong>Ministerio de Producci\u00f3n,<\/strong> son complementarias de los tratamientos intrafinca que debe realizar cada productor.<\/p>\n\n\n\n<div style=\"height:45px\" aria-hidden=\"true\" class=\"wp-block-spacer\"><\/div>\n\n\n\n<p class=\"has-medium-font-size\"><strong>Necesidades a cubrir por etapa durante la campa\u00f1a&nbsp;<\/strong><\/p>\n\n\n\n<p>Como <strong>primera etapa<\/strong>, se busca cubrir las necesidades para asistir con difusores de feromonas a 50.000 hect\u00e1reas de vid, en condiciones de media a alta presi\u00f3n poblacional de&nbsp;<em>Lobesia botrana<\/em>.&nbsp;<\/p>\n\n\n\n<p>En una <strong>segunda instancia<\/strong>, y partiendo de experiencias previas con resultados comprobados, se busca disponer de productos insecticidas de bajo impacto ambiental para su aplicaci\u00f3n a\u00e9rea, pertenecientes a la categor\u00eda IV o Banda Verde y registrados en Senasa, por un total <strong>180.000 hect\u00e1reas de vid. <\/strong>Asimismo, el pliego se extiende para la contrataci\u00f3n del servicio de aeronaves para los oasis Norte y Este.&nbsp;<\/p>\n\n\n\n<p>Este servicio permite una cobertura homog\u00e9nea sobre los cultivos a trabajar, a la vez que una mayor trazabilidad en los caldos de preparaci\u00f3n. Se prev\u00e9, adem\u00e1s, en \u00e1reas inoperables para aeronaves, la aplicaci\u00f3n utilizando drones.<\/p>\n\n\n\n<p>Una <strong>tercera etapa,<\/strong> destinada principalmente para asistir \u00e1reas donde la implementaci\u00f3n de aplicaciones \u00e1reas no resulta realizable, se busca adquirir insecticidas espec\u00edficos y bajo impacto ambiental, pertenecientes a la categor\u00eda IV o Banda Verde, para <strong>47.500 hect\u00e1reas de vid, considerando 7.500 hect\u00e1reas de vi\u00f1edos bajo producci\u00f3n org\u00e1nica como parte del programa.<\/strong>&nbsp;<\/p>\n\n\n\n<p>Para el manejo de la segunda generaci\u00f3n de la plaga se ha planificado la adquisici\u00f3n de feromonas asperjables para cubrir <strong>70.000 hect\u00e1reas de vid<\/strong>, a desarrollarse de acuerdo con las necesidades del programa y la din\u00e1mica de la plaga. Estas podr\u00e1n ser aplicadas mediante aeronaves o drones de acuerdo con las particularidades de los cultivos y su implementaci\u00f3n.&nbsp;<\/p>\n\n\n\n<p>Por \u00faltimo, para el monitoreo de la plaga durante la campa\u00f1a, se prev\u00e9 la compra de trampas y de los insumos necesarios a fin de determinar el comportamiento del insecto y el impacto de las herramientas y t\u00e9cnicas de control en todo el territorio provincial.<\/p>\n\n\n\n<div style=\"height:35px\" aria-hidden=\"true\" class=\"wp-block-spacer\"><\/div>\n\n\n\n<p class=\"has-small-font-size\"><em><strong>Fuente: Gobierno de Mendoza<\/strong><\/em><\/p>\n\n\n\n<div style=\"height:35px\" aria-hidden=\"true\" class=\"wp-block-spacer\"><\/div>\n","protected":false},"excerpt":{"rendered":"<p>Comienza la campa\u00f1a 2025\/26 contra la Lobesia botrana o polilla de la vid, y el&hellip;<\/p>\n","protected":false},"author":2,"featured_media":160360,"comment_status":"closed","ping_status":"open","sticky":false,"template":"","format":"standard","meta":{"footnotes":""},"categories":[56,14],"tags":[],"class_list":["post-160350","post","type-post","status-publish","format-standard","has-post-thumbnail","hentry","category-destacado","category-news"],"_links":{"self":[{"href":"https:\/\/enolife.com.ar\/es\/wp-json\/wp\/v2\/posts\/160350","targetHints":{"allow":["GET"]}}],"collection":[{"href":"https:\/\/enolife.com.ar\/es\/wp-json\/wp\/v2\/posts"}],"about":[{"href":"https:\/\/enolife.com.ar\/es\/wp-json\/wp\/v2\/types\/post"}],"author":[{"embeddable":true,"href":"https:\/\/enolife.com.ar\/es\/wp-json\/wp\/v2\/users\/2"}],"replies":[{"embeddable":true,"href":"https:\/\/enolife.com.ar\/es\/wp-json\/wp\/v2\/comments?post=160350"}],"version-history":[{"count":0,"href":"https:\/\/enolife.com.ar\/es\/wp-json\/wp\/v2\/posts\/160350\/revisions"}],"wp:featuredmedia":[{"embeddable":true,"href":"https:\/\/enolife.com.ar\/es\/wp-json\/wp\/v2\/media\/160360"}],"wp:attachment":[{"href":"https:\/\/enolife.com.ar\/es\/wp-json\/wp\/v2\/media?parent=160350"}],"wp:term":[{"taxonomy":"category","embeddable":true,"href":"https:\/\/enolife.com.ar\/es\/wp-json\/wp\/v2\/categories?post=160350"},{"taxonomy":"post_tag","embeddable":true,"href":"https:\/\/enolife.com.ar\/es\/wp-json\/wp\/v2\/tags?post=160350"}],"curies":[{"name":"wp","href":"https:\/\/api.w.org\/{rel}","templated":true}]}}