{"id":160276,"date":"2025-07-31T17:01:54","date_gmt":"2025-07-31T17:01:54","guid":{"rendered":"https:\/\/enolife.com.ar\/es\/?p=160276"},"modified":"2025-08-01T17:18:13","modified_gmt":"2025-08-01T17:18:13","slug":"el-mes-del-bonarda-se-festeja-con-recorridos-por-bodegas-promos-catas-tango-sunset-y-maraton","status":"publish","type":"post","link":"https:\/\/enolife.com.ar\/es\/el-mes-del-bonarda-se-festeja-con-recorridos-por-bodegas-promos-catas-tango-sunset-y-maraton\/","title":{"rendered":"El Mes del Bonarda se festeja con recorridos por bodegas, promos, catas, tango, sunset y marat\u00f3n"},"content":{"rendered":"\n<h4 class=\"wp-block-heading\"><em><strong>Durante el mes de agosto, Argentina celebra la bonarda -cepa emblem\u00e1tica del Este mendocino, la segunda m\u00e1s cultivada de las tintas despu\u00e9s del Malbec. Si bien la celebraci\u00f3n lleva el t\u00edtulo de \u00abSemana del Bonarda\u00bb, las actividades se realizar\u00e1n a lo largo de todo el mes, incluyendo degustaciones, visitas guiadas, maridajes, shows, sunsets, marat\u00f3n tanto en los municipios y bodegas este\u00f1as como en otras localidades de la provincia de Mendoza.<\/strong><\/em><strong><em> <\/em><\/strong><\/h4>\n\n\n\n<div style=\"height:35px\" aria-hidden=\"true\" class=\"wp-block-spacer\"><\/div>\n\n\n<a href=\"https:\/\/instagram.com\/labelsolutions?igshid=YmMyMTA2M2Y=\" aria-label=\"Banner Palero 1700&#215;500\"><img loading=\"lazy\" decoding=\"async\" src=\"https:\/\/enolife.com.ar\/es\/wp-content\/uploads\/2021\/09\/Banner-Palero-1700x500-1.gif\" alt=\"\"  width=\"1700\" height=\"500\"   \/><\/a>\n\n\n<div style=\"height:45px\" aria-hidden=\"true\" class=\"wp-block-spacer\"><\/div>\n\n\n<div class=\"wp-block-image\">\n<figure class=\"alignleft size-full is-resized\"><a href=\"https:\/\/enolife.com.ar\/es\/wp-content\/uploads\/2025\/07\/Imagen2-10.jpg\" data-rel=\"penci-gallery-image-content\" ><img loading=\"lazy\" decoding=\"async\" width=\"394\" height=\"506\" src=\"https:\/\/enolife.com.ar\/es\/wp-content\/uploads\/2025\/07\/Imagen2-10.jpg\" alt=\"\" class=\"wp-image-160305\" style=\"width:329px;height:auto\" srcset=\"https:\/\/enolife.com.ar\/es\/wp-content\/uploads\/2025\/07\/Imagen2-10.jpg 394w, https:\/\/enolife.com.ar\/es\/wp-content\/uploads\/2025\/07\/Imagen2-10-234x300.jpg 234w\" sizes=\"auto, (max-width: 394px) 100vw, 394px\" \/><\/a><\/figure><\/div>\n\n\n<p>La Semana del Bonarda 2025 promete ser mucho m\u00e1s que una celebraci\u00f3n enol\u00f3gica, ser\u00e1 una fiesta para los sentidos, una plataforma de promoci\u00f3n del talento local y un impulso al posicionamiento del Bonarda como un emblema del vino argentino en el mundo. Es un homenaje que tambi\u00e9n pone en valor el presente y proyecta el futuro de un vino que ha sabido conquistar paladares por su versatilidad, car\u00e1cter y elegancia. <\/p>\n\n\n\n<p>Esta celebraci\u00f3n, que ya se ha convertido en una fecha destacada en el calendario enol\u00f3gico nacional -del 1 al 8 de agosto, extendida a todo el mes-, contin\u00faa ganando relevancia entre consumidores curiosos, sommeliers apasionados y enoturistas en busca de nuevas experiencias sensoriales.<\/p>\n\n\n\n<p>A lo largo del mes se desarrollar\u00e1n actividades en bodegas, vinotecas, bares, restaurantes y centros culturales. <strong>Promociones especiales<\/strong>, <strong>combos de degustaci\u00f3n<\/strong>, y <strong>descuentos exclusivos<\/strong> en etiquetas Bonarda se sumar\u00e1n a una agenda din\u00e1mica que incluir\u00e1 catas guiadas, charlas con en\u00f3logos, visitas a vi\u00f1edos y experiencias multisensoriales.<\/p>\n\n\n\n<p>Con una <strong>agenda federal, inclusiva, creativa y diversa<\/strong>, la Semana del Bonarda invita a explorar las m\u00faltiples facetas de esta variedad a trav\u00e9s de propuestas que cruzan fronteras geogr\u00e1ficas y culturales. Desde el coraz\u00f3n de Mendoza hasta otras regiones vitivin\u00edcolas emergentes, el evento se presenta como una verdadera oportunidad para <strong>descubrir, redescubrir y brindar<\/strong> por el Bonarda argentino, un vino que sorprende tanto en solitario como en maridajes innovadores.<\/p>\n\n\n\n<div style=\"height:35px\" aria-hidden=\"true\" class=\"wp-block-spacer\"><\/div>\n\n\n\n<p class=\"has-medium-font-size\"><strong>A brindar por su potencial enol\u00f3gico<\/strong><\/p>\n\n\n\n<p>Esta variedad ha sido utilizada durante mucho tiempo en nuestro pa\u00eds como base de vinos tintos comunes por sus altos rendimientos por hect\u00e1rea y su sobresaliente aporte de color. Tiene gran aptitud para mejorar vinos de corte, especialmente con Malbec.<\/p>\n\n\n\n<p>Ante el descubrimiento de su&nbsp;<strong>potencial enol\u00f3gico<\/strong>, se reduce la producci\u00f3n por hect\u00e1rea logrando una calidad excepcional. As\u00ed comienza su desarrollo como varietal del cual se elaboran&nbsp;<strong>vinos de alta calidad<\/strong>. Produce vinos de colores intensos: marcados violetas o p\u00farpuras que evolucionan al rojo rub\u00ed. Su aroma es intenso y suelen aparecer atractivas notas frutales de frutas rojas (frambuesa, frutillas, cassis o cerezas) y frutas negras (moras, ciruelas o ar\u00e1ndanos). En boca es agradable y dulce, de buena intensidad. Sus taninos son suaves y hacen aterciopelado y elegante al vino.<\/p>\n\n\n\n<div style=\"height:45px\" aria-hidden=\"true\" class=\"wp-block-spacer\"><\/div>\n\n\n\n<p><strong>El color del Bonarda<\/strong><\/p>\n\n\n\n<p>La variedad Bonarda es, en superficie, la&nbsp;<strong>segunda variedad<\/strong>&nbsp;tinta plantada en la Argentina despu\u00e9s del Malbec. Esta variedad llega a nuestro pa\u00eds a trav\u00e9s de las corrientes inmigratorias de fines del siglo XIX. Esta uva tinta tiene su origen en la regi\u00f3n de Saboya, Francia, lindante con Italia y se la conoce con el nombre de Corbeau, en Estados Unidos se la identifica como Charbono. En nuestro pa\u00eds inicia su cultivo en la regi\u00f3n de Cuyo, especialmente en Mendoza, San Juan y La Rioja.<\/p>\n\n\n\n<p>F\u00e1cilmente identificable en el vi\u00f1edo por sus hojas t\u00edpicamente extendidas como planchadas, de tama\u00f1o mediano a peque\u00f1o, muchas de ellas enteras y poco trilobadas, de color verde opaco, de racimos medianos cil\u00edndricos, bien llenos a compactos, fuertemente coloreados y sus bayas son medianas esferoidales de color negro azulado y de pulpa blanda.<\/p>\n\n\n\n<div style=\"height:35px\" aria-hidden=\"true\" class=\"wp-block-spacer\"><\/div>\n\n\n<div class=\"wp-block-image\">\n<figure class=\"aligncenter size-full is-resized\"><a href=\"https:\/\/enolife.com.ar\/es\/wp-content\/uploads\/2025\/07\/image-81.png\" data-rel=\"penci-gallery-image-content\" ><img loading=\"lazy\" decoding=\"async\" width=\"439\" height=\"285\" src=\"https:\/\/enolife.com.ar\/es\/wp-content\/uploads\/2025\/07\/image-81.png\" alt=\"\" class=\"wp-image-160304\" style=\"width:473px;height:auto\" srcset=\"https:\/\/enolife.com.ar\/es\/wp-content\/uploads\/2025\/07\/image-81.png 439w, https:\/\/enolife.com.ar\/es\/wp-content\/uploads\/2025\/07\/image-81-300x195.png 300w\" sizes=\"auto, (max-width: 439px) 100vw, 439px\" \/><\/a><\/figure><\/div>\n\n\n<div style=\"height:35px\" aria-hidden=\"true\" class=\"wp-block-spacer\"><\/div>\n\n\n\n<p>Es una variedad de alta productividad, con rendimientos que pueden superar las 20 toneladas por hect\u00e1rea. Es susceptible a enfermedades como el oidio y la podredumbre gris, por lo que requiere un manejo adecuado del vi\u00f1edo. <\/p>\n\n\n\n<div style=\"height:35px\" aria-hidden=\"true\" class=\"wp-block-spacer\"><\/div>\n\n\n\n<p class=\"has-medium-font-size\"><strong>Algunos datos del Bonarda en Argentina<\/strong><\/p>\n\n\n\n<p>Seg\u00fan informa el Instituto Nacional de Vitivinicultura (INV), en 2025 la superficie plantada de Bonarda es de 16.537 ha (datos al 10\/7\/25), representando el 14,8% de las variedades tintas aptas para elaboraci\u00f3n. El 99% de la superficie se concentra en Mendoza, San Juan y La Rioja, siendo Mendoza la principal productora. <\/p>\n\n\n\n<div style=\"height:35px\" aria-hidden=\"true\" class=\"wp-block-spacer\"><\/div>\n\n\n\n<figure class=\"wp-block-gallery has-nested-images columns-default is-cropped wp-block-gallery-1 is-layout-flex wp-block-gallery-is-layout-flex\">\n<figure class=\"wp-block-image size-full\"><a href=\"https:\/\/enolife.com.ar\/es\/wp-content\/uploads\/2025\/07\/Imagen12-2.jpg\" data-rel=\"penci-gallery-image-content\" ><img loading=\"lazy\" decoding=\"async\" width=\"395\" height=\"380\" data-id=\"160312\" src=\"https:\/\/enolife.com.ar\/es\/wp-content\/uploads\/2025\/07\/Imagen12-2.jpg\" alt=\"\" class=\"wp-image-160312\" srcset=\"https:\/\/enolife.com.ar\/es\/wp-content\/uploads\/2025\/07\/Imagen12-2.jpg 395w, https:\/\/enolife.com.ar\/es\/wp-content\/uploads\/2025\/07\/Imagen12-2-300x289.jpg 300w\" sizes=\"auto, (max-width: 395px) 100vw, 395px\" \/><\/a><\/figure>\n\n\n\n<figure class=\"wp-block-image size-full\"><a href=\"https:\/\/enolife.com.ar\/es\/wp-content\/uploads\/2025\/07\/Imagen13-2.jpg\" data-rel=\"penci-gallery-image-content\" ><img loading=\"lazy\" decoding=\"async\" width=\"402\" height=\"358\" data-id=\"160311\" src=\"https:\/\/enolife.com.ar\/es\/wp-content\/uploads\/2025\/07\/Imagen13-2.jpg\" alt=\"\" class=\"wp-image-160311\" srcset=\"https:\/\/enolife.com.ar\/es\/wp-content\/uploads\/2025\/07\/Imagen13-2.jpg 402w, https:\/\/enolife.com.ar\/es\/wp-content\/uploads\/2025\/07\/Imagen13-2-300x267.jpg 300w\" sizes=\"auto, (max-width: 402px) 100vw, 402px\" \/><\/a><\/figure>\n<\/figure>\n\n\n\n<div style=\"height:35px\" aria-hidden=\"true\" class=\"wp-block-spacer\"><\/div>\n\n\n\n<p>Su producci\u00f3n creci\u00f3 un 5,9% en 2025, respecto al a\u00f1o anterior, alcanzando 1.876.533 quintales. En 2024 se comercializaron 145.271 hl de este varietal (puro y sus cortes). El mercado interno absorbe cerca del 90% del vino Bonarda, siendo el 4to varietal tinto m\u00e1s consumido en el pa\u00eds. En 2024 el varietal puro experiment\u00f3 una recuperaci\u00f3n del 53% en el mercado interno y 58,3% en exportaciones respecto al a\u00f1o anterior.<\/p>\n\n\n\n<p>En la provincia de Mendoza la mayor superficie de Bonarda se encuentra en los departamentos de San Mart\u00edn (25,1%), Lavalle (14,2%), Rivadavia (12,2%) y San Rafael (11,2%).<\/p>\n\n\n\n<div style=\"height:45px\" aria-hidden=\"true\" class=\"wp-block-spacer\"><\/div>\n\n\n\n<p class=\"has-medium-font-size\"><strong>Actividades de la Semana del Bonarda<\/strong><\/p>\n\n\n\n<p>El calendario incluye m\u00e1s de&nbsp;20 eventos&nbsp;entre&nbsp;degustaciones,&nbsp;ferias,&nbsp;visitas a bodegas,&nbsp;charlas guiadas,&nbsp;descuentos especiales,&nbsp;eventos art\u00edsticos,&nbsp;encuentros literarios&nbsp;y hasta una&nbsp;marat\u00f3n tem\u00e1tica. Entre las actividades m\u00e1s destacadas se encuentran:<\/p>\n\n\n\n<div style=\"height:15px\" aria-hidden=\"true\" class=\"wp-block-spacer\"><\/div>\n\n\n\n<p class=\"has-background\" style=\"background-color:#abb7c24d\"><strong>Lanzamiento oficial \u2013 Viernes 1 de agosto (San Mart\u00edn)<\/strong><\/p>\n\n\n\n<ul class=\"wp-block-list\">\n<li>Presentaci\u00f3n de la etiqueta Bonarda 2025.<\/li>\n\n\n\n<li>Agasajo con degustaciones y presencia de autoridades.<\/li>\n\n\n\n<li>Participaci\u00f3n del actor que representa al Gral. San Mart\u00edn.<\/li>\n<\/ul>\n\n\n\n<div style=\"height:25px\" aria-hidden=\"true\" class=\"wp-block-spacer\"><\/div>\n\n\n\n<p class=\"has-background\" style=\"background-color:#abb7c24d\"><strong>D\u00eda de Campo Bonarda \u2013 S\u00e1bado 2 de agosto<\/strong><\/p>\n\n\n\n<ul class=\"wp-block-list\">\n<li>Visita guiada a las bodegas&nbsp;<strong>Crotta<\/strong>,&nbsp;<strong>Los Haroldos<\/strong>&nbsp;y&nbsp;<strong>Aleph<\/strong>.<\/li>\n\n\n\n<li>Almuerzo con vinos y show de ballet folcl\u00f3rico.<\/li>\n<\/ul>\n\n\n\n<div style=\"height:35px\" aria-hidden=\"true\" class=\"wp-block-spacer\"><\/div>\n\n\n\n<figure class=\"wp-block-gallery has-nested-images columns-default is-cropped wp-block-gallery-2 is-layout-flex wp-block-gallery-is-layout-flex\">\n<figure class=\"wp-block-image size-full\"><a href=\"https:\/\/enolife.com.ar\/es\/wp-content\/uploads\/2025\/07\/Imagen3-7.jpg\" data-rel=\"penci-gallery-image-content\" ><img loading=\"lazy\" decoding=\"async\" width=\"403\" height=\"505\" data-id=\"160283\" src=\"https:\/\/enolife.com.ar\/es\/wp-content\/uploads\/2025\/07\/Imagen3-7.jpg\" alt=\"\" class=\"wp-image-160283\" srcset=\"https:\/\/enolife.com.ar\/es\/wp-content\/uploads\/2025\/07\/Imagen3-7.jpg 403w, https:\/\/enolife.com.ar\/es\/wp-content\/uploads\/2025\/07\/Imagen3-7-239x300.jpg 239w\" sizes=\"auto, (max-width: 403px) 100vw, 403px\" \/><\/a><\/figure>\n\n\n\n<figure class=\"wp-block-image size-full\"><a href=\"https:\/\/enolife.com.ar\/es\/wp-content\/uploads\/2025\/07\/Imagen4-5.jpg\" data-rel=\"penci-gallery-image-content\" ><img loading=\"lazy\" decoding=\"async\" width=\"402\" height=\"499\" data-id=\"160285\" src=\"https:\/\/enolife.com.ar\/es\/wp-content\/uploads\/2025\/07\/Imagen4-5.jpg\" alt=\"\" class=\"wp-image-160285\" srcset=\"https:\/\/enolife.com.ar\/es\/wp-content\/uploads\/2025\/07\/Imagen4-5.jpg 402w, https:\/\/enolife.com.ar\/es\/wp-content\/uploads\/2025\/07\/Imagen4-5-242x300.jpg 242w\" sizes=\"auto, (max-width: 402px) 100vw, 402px\" \/><\/a><\/figure>\n\n\n\n<figure class=\"wp-block-image size-full\"><a href=\"https:\/\/enolife.com.ar\/es\/wp-content\/uploads\/2025\/07\/Imagen5-5.jpg\" data-rel=\"penci-gallery-image-content\" ><img loading=\"lazy\" decoding=\"async\" width=\"401\" height=\"506\" data-id=\"160287\" src=\"https:\/\/enolife.com.ar\/es\/wp-content\/uploads\/2025\/07\/Imagen5-5.jpg\" alt=\"\" class=\"wp-image-160287\" srcset=\"https:\/\/enolife.com.ar\/es\/wp-content\/uploads\/2025\/07\/Imagen5-5.jpg 401w, https:\/\/enolife.com.ar\/es\/wp-content\/uploads\/2025\/07\/Imagen5-5-238x300.jpg 238w\" sizes=\"auto, (max-width: 401px) 100vw, 401px\" \/><\/a><\/figure>\n<\/figure>\n\n\n\n<div style=\"height:35px\" aria-hidden=\"true\" class=\"wp-block-spacer\"><\/div>\n\n\n\n<p class=\"has-background\" style=\"background-color:#abb7c24d\"><strong>Chocolate entre Vi\u00f1as \u2013 Domingo 3 de agosto (Jun\u00edn)<\/strong><\/p>\n\n\n\n<ul class=\"wp-block-list\">\n<li>Feria de emprendedores y bodegas con entrada libre.<\/li>\n\n\n\n<li>M\u00fasica en vivo y actividades familiares.<\/li>\n<\/ul>\n\n\n\n<div style=\"height:15px\" aria-hidden=\"true\" class=\"wp-block-spacer\"><\/div>\n\n\n\n<p class=\"has-background\" style=\"background-color:#abb7c24d\"><strong>20% Off &#8211; Lunes 4 de Agosto (San Mart\u00edn)<\/strong><\/p>\n\n\n\n<ul class=\"wp-block-list\">\n<li>Totem Hotel y Spa<\/li>\n\n\n\n<li>Bodega El Sue\u00f1o Wineyard<\/li>\n<\/ul>\n\n\n\n<div style=\"height:15px\" aria-hidden=\"true\" class=\"wp-block-spacer\"><\/div>\n\n\n\n<p class=\"has-background\" style=\"background-color:#abb7c24d\"><strong>Brindemos por Mendoza \u2013 Del 6 al 29 de agosto (Ciudad de Mendoza)<\/strong><\/p>\n\n\n\n<ul class=\"wp-block-list\">\n<li>Visitas guiadas con copa en mano por espacios tur\u00edsticos y culturales.<\/li>\n\n\n\n<li>Degustaciones, historia del vino y promociones.<\/li>\n<\/ul>\n\n\n\n<div style=\"height:35px\" aria-hidden=\"true\" class=\"wp-block-spacer\"><\/div>\n\n\n\n<figure class=\"wp-block-gallery has-nested-images columns-default is-cropped wp-block-gallery-3 is-layout-flex wp-block-gallery-is-layout-flex\">\n<figure class=\"wp-block-image size-full\"><a href=\"https:\/\/enolife.com.ar\/es\/wp-content\/uploads\/2025\/07\/Imagen6-3.jpg\" data-rel=\"penci-gallery-image-content\" ><img loading=\"lazy\" decoding=\"async\" width=\"400\" height=\"505\" data-id=\"160290\" src=\"https:\/\/enolife.com.ar\/es\/wp-content\/uploads\/2025\/07\/Imagen6-3.jpg\" alt=\"\" class=\"wp-image-160290\" srcset=\"https:\/\/enolife.com.ar\/es\/wp-content\/uploads\/2025\/07\/Imagen6-3.jpg 400w, https:\/\/enolife.com.ar\/es\/wp-content\/uploads\/2025\/07\/Imagen6-3-238x300.jpg 238w\" sizes=\"auto, (max-width: 400px) 100vw, 400px\" \/><\/a><\/figure>\n\n\n\n<figure class=\"wp-block-image size-full\"><a href=\"https:\/\/enolife.com.ar\/es\/wp-content\/uploads\/2025\/07\/Imagen7-1.jpg\" data-rel=\"penci-gallery-image-content\" ><img loading=\"lazy\" decoding=\"async\" width=\"407\" height=\"505\" data-id=\"160291\" src=\"https:\/\/enolife.com.ar\/es\/wp-content\/uploads\/2025\/07\/Imagen7-1.jpg\" alt=\"\" class=\"wp-image-160291\" srcset=\"https:\/\/enolife.com.ar\/es\/wp-content\/uploads\/2025\/07\/Imagen7-1.jpg 407w, https:\/\/enolife.com.ar\/es\/wp-content\/uploads\/2025\/07\/Imagen7-1-242x300.jpg 242w\" sizes=\"auto, (max-width: 407px) 100vw, 407px\" \/><\/a><\/figure>\n\n\n\n<figure class=\"wp-block-image size-full\"><a href=\"https:\/\/enolife.com.ar\/es\/wp-content\/uploads\/2025\/07\/Imagen8-3.jpg\" data-rel=\"penci-gallery-image-content\" ><img loading=\"lazy\" decoding=\"async\" width=\"403\" height=\"509\" data-id=\"160292\" src=\"https:\/\/enolife.com.ar\/es\/wp-content\/uploads\/2025\/07\/Imagen8-3.jpg\" alt=\"\" class=\"wp-image-160292\" srcset=\"https:\/\/enolife.com.ar\/es\/wp-content\/uploads\/2025\/07\/Imagen8-3.jpg 403w, https:\/\/enolife.com.ar\/es\/wp-content\/uploads\/2025\/07\/Imagen8-3-238x300.jpg 238w\" sizes=\"auto, (max-width: 403px) 100vw, 403px\" \/><\/a><\/figure>\n<\/figure>\n\n\n\n<div style=\"height:35px\" aria-hidden=\"true\" class=\"wp-block-spacer\"><\/div>\n\n\n\n<p class=\"has-background\" style=\"background-color:#abb7c24d\"><strong>La Noche del Bonarda \u2013 Jueves 7 de agosto<\/strong><\/p>\n\n\n\n<ul class=\"wp-block-list\">\n<li>Atardecer con m\u00fasica, gastronom\u00eda y Bonarda en la Terraza Mirador de Mendoza.<\/li>\n<\/ul>\n\n\n\n<div style=\"height:15px\" aria-hidden=\"true\" class=\"wp-block-spacer\"><\/div>\n\n\n\n<p class=\"has-background\" style=\"background-color:#abb7c24d\"><strong>Sunset Wine &amp; After &#8211; S\u00e1bado 9\/8 (San Mart\u00edn)<\/strong><\/p>\n\n\n\n<ul class=\"wp-block-list\">\n<li>En el Centro de Congreso y Exposiciones Francisco <\/li>\n<\/ul>\n\n\n\n<div style=\"height:15px\" aria-hidden=\"true\" class=\"wp-block-spacer\"><\/div>\n\n\n\n<p class=\"has-background\" style=\"background-color:#abb7c24d\"><strong>Festival del Tango y el Bonarda \u2013 30 y 31 de agosto (Palmira)<\/strong><\/p>\n\n\n\n<ul class=\"wp-block-list\">\n<li>Cierre del mes con feria de vinos, artesanos y espect\u00e1culos en la plaza principal.<\/li>\n<\/ul>\n\n\n\n<div style=\"height:15px\" aria-hidden=\"true\" class=\"wp-block-spacer\"><\/div>\n\n\n\n<p class=\"has-background\" style=\"background-color:#abb7c24d\"><strong>Marat\u00f3n Bonarda Domingo 31 de agosto (San Mart\u00edn)<\/strong><\/p>\n\n\n\n<ul class=\"wp-block-list\">\n<li>Marat\u00f3n organizada por la direcci\u00f3n de deportes del Departamento de San Mart\u00edn<\/li>\n<\/ul>\n\n\n\n<div style=\"height:35px\" aria-hidden=\"true\" class=\"wp-block-spacer\"><\/div>\n\n\n\n<figure class=\"wp-block-gallery has-nested-images columns-default is-cropped wp-block-gallery-4 is-layout-flex wp-block-gallery-is-layout-flex\">\n<figure class=\"wp-block-image size-full\"><a href=\"https:\/\/enolife.com.ar\/es\/wp-content\/uploads\/2025\/07\/Imagen9-3.jpg\" data-rel=\"penci-gallery-image-content\" ><img loading=\"lazy\" decoding=\"async\" width=\"401\" height=\"503\" data-id=\"160296\" src=\"https:\/\/enolife.com.ar\/es\/wp-content\/uploads\/2025\/07\/Imagen9-3.jpg\" alt=\"\" class=\"wp-image-160296\" srcset=\"https:\/\/enolife.com.ar\/es\/wp-content\/uploads\/2025\/07\/Imagen9-3.jpg 401w, https:\/\/enolife.com.ar\/es\/wp-content\/uploads\/2025\/07\/Imagen9-3-239x300.jpg 239w\" sizes=\"auto, (max-width: 401px) 100vw, 401px\" \/><\/a><\/figure>\n\n\n\n<figure class=\"wp-block-image size-full\"><a href=\"https:\/\/enolife.com.ar\/es\/wp-content\/uploads\/2025\/07\/Imagen10-1.jpg\" data-rel=\"penci-gallery-image-content\" ><img loading=\"lazy\" decoding=\"async\" width=\"410\" height=\"512\" data-id=\"160297\" src=\"https:\/\/enolife.com.ar\/es\/wp-content\/uploads\/2025\/07\/Imagen10-1.jpg\" alt=\"\" class=\"wp-image-160297\" srcset=\"https:\/\/enolife.com.ar\/es\/wp-content\/uploads\/2025\/07\/Imagen10-1.jpg 410w, https:\/\/enolife.com.ar\/es\/wp-content\/uploads\/2025\/07\/Imagen10-1-240x300.jpg 240w\" sizes=\"auto, (max-width: 410px) 100vw, 410px\" \/><\/a><\/figure>\n\n\n\n<figure class=\"wp-block-image size-full\"><a href=\"https:\/\/enolife.com.ar\/es\/wp-content\/uploads\/2025\/07\/Imagen11-2.jpg\" data-rel=\"penci-gallery-image-content\" ><img loading=\"lazy\" decoding=\"async\" width=\"401\" height=\"510\" data-id=\"160300\" src=\"https:\/\/enolife.com.ar\/es\/wp-content\/uploads\/2025\/07\/Imagen11-2.jpg\" alt=\"\" class=\"wp-image-160300\" srcset=\"https:\/\/enolife.com.ar\/es\/wp-content\/uploads\/2025\/07\/Imagen11-2.jpg 401w, https:\/\/enolife.com.ar\/es\/wp-content\/uploads\/2025\/07\/Imagen11-2-236x300.jpg 236w\" sizes=\"auto, (max-width: 401px) 100vw, 401px\" \/><\/a><\/figure>\n<\/figure>\n\n\n\n<div style=\"height:45px\" aria-hidden=\"true\" class=\"wp-block-spacer\"><\/div>\n\n\n\n<p class=\"has-medium-font-size\"><strong>Buenos Aires tambi\u00e9n celebra<\/strong><\/p>\n\n\n\n<p>La&nbsp;capital argentina&nbsp;ser\u00e1 escenario de&nbsp;degustaciones exclusivas&nbsp;para prensa especializada, organizadas por el&nbsp;Plan Bonarda&nbsp;y bodegas como&nbsp;Aleph, reafirmando la expansi\u00f3n de esta variedad m\u00e1s all\u00e1 de Mendoza.<\/p>\n\n\n\n<div style=\"height:45px\" aria-hidden=\"true\" class=\"wp-block-spacer\"><\/div>\n\n\n\n<p class=\"has-small-font-size\"><em><strong>Fuentes: IG Bonarda e Instituto Nacional de Vitivinicultura (INV<\/strong><\/em>)<\/p>\n\n\n\n<div style=\"height:30px\" aria-hidden=\"true\" class=\"wp-block-spacer\"><\/div>\n\n\n\n<p><\/p>\n","protected":false},"excerpt":{"rendered":"<p>Durante el mes de agosto, Argentina celebra la bonarda -cepa emblem\u00e1tica del Este mendocino, la&hellip;<\/p>\n","protected":false},"author":2,"featured_media":160320,"comment_status":"closed","ping_status":"open","sticky":false,"template":"","format":"standard","meta":{"footnotes":""},"categories":[47,56],"tags":[],"class_list":["post-160276","post","type-post","status-publish","format-standard","has-post-thumbnail","hentry","category-agenda","category-destacado"],"_links":{"self":[{"href":"https:\/\/enolife.com.ar\/es\/wp-json\/wp\/v2\/posts\/160276","targetHints":{"allow":["GET"]}}],"collection":[{"href":"https:\/\/enolife.com.ar\/es\/wp-json\/wp\/v2\/posts"}],"about":[{"href":"https:\/\/enolife.com.ar\/es\/wp-json\/wp\/v2\/types\/post"}],"author":[{"embeddable":true,"href":"https:\/\/enolife.com.ar\/es\/wp-json\/wp\/v2\/users\/2"}],"replies":[{"embeddable":true,"href":"https:\/\/enolife.com.ar\/es\/wp-json\/wp\/v2\/comments?post=160276"}],"version-history":[{"count":0,"href":"https:\/\/enolife.com.ar\/es\/wp-json\/wp\/v2\/posts\/160276\/revisions"}],"wp:featuredmedia":[{"embeddable":true,"href":"https:\/\/enolife.com.ar\/es\/wp-json\/wp\/v2\/media\/160320"}],"wp:attachment":[{"href":"https:\/\/enolife.com.ar\/es\/wp-json\/wp\/v2\/media?parent=160276"}],"wp:term":[{"taxonomy":"category","embeddable":true,"href":"https:\/\/enolife.com.ar\/es\/wp-json\/wp\/v2\/categories?post=160276"},{"taxonomy":"post_tag","embeddable":true,"href":"https:\/\/enolife.com.ar\/es\/wp-json\/wp\/v2\/tags?post=160276"}],"curies":[{"name":"wp","href":"https:\/\/api.w.org\/{rel}","templated":true}]}}